{"id":117030,"date":"2025-09-15T17:36:12","date_gmt":"2025-09-15T17:36:12","guid":{"rendered":"https:\/\/www.europesays.com\/es\/117030\/"},"modified":"2025-09-15T17:36:12","modified_gmt":"2025-09-15T17:36:12","slug":"la-vuelta-una-carrera-para-olvidar","status":"publish","type":"post","link":"https:\/\/www.europesays.com\/es\/117030\/","title":{"rendered":"La Vuelta, una carrera para olvidar"},"content":{"rendered":"<p>                            <img loading=\"lazy\" decoding=\"async\" src=\"https:\/\/www.europesays.com\/es\/wp-content\/uploads\/2025\/09\/0e2f2769-36d0-43d1-86ee-b5aed57b7dcd_16-9-aspect-ratio_default_0.jpg\" alt=\"David Etxebarria\" width=\"880\" height=\"495\" title=\"David Etxebarria\" style=\"height:auto;\"\/><\/p>\n<p class=\"article-photo__footer\">\n        David Etxebarria<br \/>\n                    jsantamaria\n            <\/p>\n<p class=\"article-body__text article-body__text--entry article-body__text-middle\">\n        <strong>Una Vuelta para olvidar, sinceramente. Este modelo de carrera est\u00e1 agotado.<\/strong> Entiendo que los recorridos con un solo puerto de remate tuvieron su \u00e9poca y su punto \u00e1lgido, pero creo que ya carecen de todo sentido<strong>. Se ha demostrado en una Vuelta con un recorrido que en realidad no ofrec\u00eda alternativas y ha hecho que la carrera haya sido muy previsible y aburrida. La Vuelta necesita reinventarse<\/strong> y apostar por otra clase de trazados para recuperar atractivo. El hecho de que haya habido tantas etapas con final en alto ha limitado much\u00edsimo la emoci\u00f3n y la competencia. <strong>Antes de cada etapa se pod\u00edan saber los nombres de los ganadores echando un vistazo a los perfiles. Eso dice poco a favor del dise\u00f1o de los recorridos. Trazados como el de Bilbao dan mucho m\u00e1s juego.<\/strong> UAE, Visma y Alpecin han dominado la carrera en cuanto a las victorias. Partiendo de esa premisa, Vingegaard ha sido el m\u00e1s fuerte y el claro dominador. El podio tambi\u00e9n lo han merecido Almeida y Pidcock. Ambos han hecho una carrera notable. Destacar\u00eda tambi\u00e9n a Pellizzari, un buen talento. Philipsen ha dominado los esprints y Pedersen, adem\u00e1s de llevarse la regularidad, logr\u00f3 una etapa. Uno de los grandes animadores. Entre los nuestros, Mikel Landa roz\u00f3 una victoria tras una gran actuaci\u00f3n y cuando pudo, se mostr\u00f3. <strong>Markel Beloki, en su primera Vuelta, ha dejado destellos en algunas etapas. Fuera de lo competitivo, en Madrid ha ocurrido lo que se esperaba. Las protestas en contra del genocidio de Gaza han sido muy numerosas y <\/strong><a href=\"https:\/\/www.deia.eus\/la-vuelta\/2025\/09\/14\/vuelta-cambia-recorrido-entrada-madrid-ciclistas-10082481.html\" title=\"lo sucedido en Madrid es el colof\u00f3n\" class=\"link copy\" rel=\"nofollow noopener\" target=\"_blank\"><strong>lo sucedido en Madrid es el colof\u00f3n<\/strong><\/a><strong>. <\/strong>Hay un hartazgo claro en la sociedad civil respecto a la masacre que sufre el pueblo palestino. Las protestas me han parecido bien, aunque pienso que ha habido incidentes puntuales, donde se ha puesto en peligro a los ciclistas y eso es una l\u00ednea roja. En la Vuelta se han visibilizado las protestas porque el ciclismo es imposible de controlar. Es as\u00ed para lo malo y para lo bueno.\n<\/p>\n<p class=\"article-body__text \">\n        El autor es director deportivo del Grupo Eulen-Nuuk.<\/p>\n","protected":false},"excerpt":{"rendered":"David Etxebarria jsantamaria Una Vuelta para olvidar, sinceramente. Este modelo de carrera est\u00e1 agotado. Entiendo que los recorridos&hellip;\n","protected":false},"author":2,"featured_media":117031,"comment_status":"","ping_status":"","sticky":false,"template":"","format":"standard","meta":{"footnotes":""},"categories":[273],"tags":[4860,313,312,168,25,24,28168,23,167,1357],"class_list":{"0":"post-117030","1":"post","2":"type-post","3":"status-publish","4":"format-standard","5":"has-post-thumbnail","7":"category-ciclismo","8":"tag-carrera","9":"tag-ciclismo","10":"tag-cycling","11":"tag-deportes","12":"tag-es","13":"tag-espana","14":"tag-olvidar","15":"tag-spain","16":"tag-sports","17":"tag-vuelta"},"share_on_mastodon":{"url":"","error":""},"_links":{"self":[{"href":"https:\/\/www.europesays.com\/es\/wp-json\/wp\/v2\/posts\/117030","targetHints":{"allow":["GET"]}}],"collection":[{"href":"https:\/\/www.europesays.com\/es\/wp-json\/wp\/v2\/posts"}],"about":[{"href":"https:\/\/www.europesays.com\/es\/wp-json\/wp\/v2\/types\/post"}],"author":[{"embeddable":true,"href":"https:\/\/www.europesays.com\/es\/wp-json\/wp\/v2\/users\/2"}],"replies":[{"embeddable":true,"href":"https:\/\/www.europesays.com\/es\/wp-json\/wp\/v2\/comments?post=117030"}],"version-history":[{"count":0,"href":"https:\/\/www.europesays.com\/es\/wp-json\/wp\/v2\/posts\/117030\/revisions"}],"wp:featuredmedia":[{"embeddable":true,"href":"https:\/\/www.europesays.com\/es\/wp-json\/wp\/v2\/media\/117031"}],"wp:attachment":[{"href":"https:\/\/www.europesays.com\/es\/wp-json\/wp\/v2\/media?parent=117030"}],"wp:term":[{"taxonomy":"category","embeddable":true,"href":"https:\/\/www.europesays.com\/es\/wp-json\/wp\/v2\/categories?post=117030"},{"taxonomy":"post_tag","embeddable":true,"href":"https:\/\/www.europesays.com\/es\/wp-json\/wp\/v2\/tags?post=117030"}],"curies":[{"name":"wp","href":"https:\/\/api.w.org\/{rel}","templated":true}]}}