{"id":117034,"date":"2025-09-15T17:38:14","date_gmt":"2025-09-15T17:38:14","guid":{"rendered":"https:\/\/www.europesays.com\/es\/117034\/"},"modified":"2025-09-15T17:38:14","modified_gmt":"2025-09-15T17:38:14","slug":"doble-record-de-abonados-en-el-valencia-basket-para-el-roig-arena","status":"publish","type":"post","link":"https:\/\/www.europesays.com\/es\/117034\/","title":{"rendered":"Doble r\u00e9cord de abonados en el Valencia Basket para el Roig Arena"},"content":{"rendered":"<p class=\"ft-text\"><strong>El Valencia Basket tiene la masa social de abonados de un club m\u00e1s grande de todo el baloncesto espa\u00f1ol<\/strong>. Y es que en la temporada del <a class=\"ft-link ft-link--decoration\" href=\"https:\/\/www.superdeporte.es\/valencia-basket\/2025\/09\/02\/roig-arena-luce-proyecto-400-millones-euros-semana-estreno-121154935.html\" rel=\"nofollow noopener\" target=\"_blank\">estreno del Roig Arena<\/a>, el club taronja puede presumir de contar con m\u00e1s de 15.000 abonados entre el equipo masculino y el femenino despu\u00e9s de el nuevo plazo de abonos que se abri\u00f3 la semana pasada.<\/p>\n<p class=\"ft-text\">Tras esta nueva pr\u00f3rroga del club, el Valencia Basket Club ha cerrado definitivamente la campa\u00f1a de abonos en el Roig Arena con cifras de r\u00e9cord , superando los 11.000 abonados en el masculino tras las m\u00e1s de 200 incorporaciones en los \u00faltimos d\u00edas de campa\u00f1a y los 4000 abonados en el femenino, <a class=\"ft-link ft-link--decoration\" href=\"https:\/\/www.superdeporte.es\/valencia-basket\/2025\/07\/25\/valencia-basket-cierra-venta-abonos-roig-arena-2025-2026-120063696.html\" rel=\"nofollow noopener\" target=\"_blank\">300 m\u00e1s que el pasado mes de julio<\/a>, cifra que es bastante superior a la media de asistencia de los partidos femeninos de la pasada temporada (3277).<\/p>\n<p class=\"ft-text\">Unas cifras que hacen que el Valencia Basket sea el club con m\u00e1s abonados tanto en la Liga Endesa como en la LF Endesa.<\/p>\n<p>R\u00e9cord hist\u00f3rico del Club<\/p>\n<p class=\"ft-text\">En el caso del abono masculino, los m\u00e1s de 11.000 abonados con las que partir\u00e1 el club suponen el r\u00e9cord de abonados masculinos de la historia del club, dado que <strong>el aforo m\u00e1ximo de la Fonteta s\u00f3lo permit\u00eda acercarse a cifras que pasaban los 7.500 abonados<\/strong>.<\/p>\n<p><img decoding=\"async\" src=\"https:\/\/www.europesays.com\/es\/wp-content\/uploads\/2025\/09\/bc2dc297-a6cc-4d59-a2ab-54b0d00d371e_alta-libre-aspect-ratio_default_0.jpg\" width=\"1200\" height=\"800\" alt=\"Abonados del Valencia Basket, en la jornada de puerta abiertas para situar sus localidades\" class=\"ft-helper-img-rd\" loading=\"lazy\" hasdataaida=\"true\"\/><\/p>\n<p class=\"ft-helper-fontColor-quaternary ft-helper-fontSize-body-S ft-helper-spacer-t-xxs\">Abonados del Valencia Basket, en la jornada de puerta abiertas para situar sus localidades  \/ JM L\u00f3pez<\/p>\n<p class=\"ft-text\">En el caso del abono femenino, la cifra de m\u00e1s de 4.000 abonados supone tambi\u00e9n un nuevo r\u00e9cord, y es muy significativa, ya que<strong> la media de asistencia a partidos femeninos de la pasada temporada en total fue de 3.277 por encuentro<\/strong>, sumando abonados globales, femeninos y entradas vendidas para cada partido.<\/p>\n<p>Venta de entradas<\/p>\n<p class=\"ft-text\">Una vez finalizada la campa\u00f1a de abonos, <strong>el Valencia Basket comenzar\u00e1 a sacar las entradas a la venta para sus partidos como local<\/strong>.<\/p>\n<p class=\"ft-text\">Cabe recordar que <a class=\"ft-link ft-link--decoration\" href=\"https:\/\/www.superdeporte.es\/valencia-basket\/2025\/09\/13\/aficion-taronja-visita-roig-arena-valencia-basket-121540809.html\" rel=\"nofollow noopener\" target=\"_blank\">el abono incluye todos los partidos que Valencia Basket organice como local<\/a>, tanto de la liga regular, como en las distintas rondas de PlayOff que el equipo avance en cada una de las competiciones que disputa. En el caso masculino, en la EuroLeague y en la Liga Endesa, y en caso femenino, en la EuroLeague Women y en la Liga Femenina Endesa. En el caso de la Copa del Rey 2026, al ser una competici\u00f3n organizada por ACB, no estar\u00e1 incluido en el abono.<\/p>\n","protected":false},"excerpt":{"rendered":"El Valencia Basket tiene la masa social de abonados de un club m\u00e1s grande de todo el baloncesto&hellip;\n","protected":false},"author":2,"featured_media":117035,"comment_status":"","ping_status":"","sticky":false,"template":"","format":"standard","meta":{"footnotes":""},"categories":[269],"tags":[1609,9122,663,302,299,1918,298,168,158,420,25,24,1903,4722,2915,23,167,235,2916],"class_list":{"0":"post-117034","1":"post","2":"type-post","3":"status-publish","4":"format-standard","5":"has-post-thumbnail","7":"category-baloncesto","8":"tag-1609","9":"tag-9122","10":"tag-abonados","11":"tag-acb","12":"tag-baloncesto","13":"tag-basket","14":"tag-basketball","15":"tag-deportes","16":"tag-el","17":"tag-en","18":"tag-es","19":"tag-espana","20":"tag-historico","21":"tag-record","22":"tag-roig-arena","23":"tag-spain","24":"tag-sports","25":"tag-valencia","26":"tag-valencia-basket"},"share_on_mastodon":{"url":"","error":""},"_links":{"self":[{"href":"https:\/\/www.europesays.com\/es\/wp-json\/wp\/v2\/posts\/117034","targetHints":{"allow":["GET"]}}],"collection":[{"href":"https:\/\/www.europesays.com\/es\/wp-json\/wp\/v2\/posts"}],"about":[{"href":"https:\/\/www.europesays.com\/es\/wp-json\/wp\/v2\/types\/post"}],"author":[{"embeddable":true,"href":"https:\/\/www.europesays.com\/es\/wp-json\/wp\/v2\/users\/2"}],"replies":[{"embeddable":true,"href":"https:\/\/www.europesays.com\/es\/wp-json\/wp\/v2\/comments?post=117034"}],"version-history":[{"count":0,"href":"https:\/\/www.europesays.com\/es\/wp-json\/wp\/v2\/posts\/117034\/revisions"}],"wp:featuredmedia":[{"embeddable":true,"href":"https:\/\/www.europesays.com\/es\/wp-json\/wp\/v2\/media\/117035"}],"wp:attachment":[{"href":"https:\/\/www.europesays.com\/es\/wp-json\/wp\/v2\/media?parent=117034"}],"wp:term":[{"taxonomy":"category","embeddable":true,"href":"https:\/\/www.europesays.com\/es\/wp-json\/wp\/v2\/categories?post=117034"},{"taxonomy":"post_tag","embeddable":true,"href":"https:\/\/www.europesays.com\/es\/wp-json\/wp\/v2\/tags?post=117034"}],"curies":[{"name":"wp","href":"https:\/\/api.w.org\/{rel}","templated":true}]}}