{"id":117036,"date":"2025-09-15T17:39:06","date_gmt":"2025-09-15T17:39:06","guid":{"rendered":"https:\/\/www.europesays.com\/es\/117036\/"},"modified":"2025-09-15T17:39:06","modified_gmt":"2025-09-15T17:39:06","slug":"athletic-y-olympiacos-se-hermanan-ante-el-estreno-de-la-champions-league","status":"publish","type":"post","link":"https:\/\/www.europesays.com\/es\/117036\/","title":{"rendered":"Athletic y Olympiacos se hermanan ante el estreno de la Champions League"},"content":{"rendered":"<p>\n        <strong>Athletic y Olympiacos nunca se han visto las caras en un partido<\/strong>, ni amistoso ni de car\u00e1cter oficial. Sin embargo, <strong>existe una conexi\u00f3n estrecha entre ambos clubes debido a los nombres que han compartido<\/strong>. En la actualidad, el club bilbaino cuenta en sus filas con <strong>Ernesto Valverde<\/strong> y<strong> Pablo Orbaiz<\/strong>, mientras que la entidad griega tiene integrados a <strong>Jos\u00e9 Luis Mendilibar<\/strong> y <strong>Dani Garc\u00eda<\/strong>. Los cuatro han protagonizado un v\u00eddeo en el que, a las puertas del estreno de ambos conjuntos en la Champions League, se han deseado suerte en la competici\u00f3n en diferentes idiomas, euskera, castellano y griego.\n<\/p>\n<p class=\"article-body__text \">\n        Valverde arranca el<strong> v\u00eddeo subido a Instagram<\/strong> diciendo que el estadio Georgios Karaiskakis estar\u00e1 en la Champions League. \u201cIncre\u00edbles recuerdos\u201d, manifiesta el t\u00e9cnico del Athletic. Seguido aparece Mendilibar recordando que San Mam\u00e9s acoger\u00e1 el primer partido de la presente edici\u00f3n de la Champions, el que se vivir\u00e1 ma\u00f1ana frente al Arsenal. \u201cQu\u00e9 gran escenario\u201d, a\u00f1ade el t\u00e9cnico del equipo griego.<strong> \u201cOlympiacos y Athletic, nos unen m\u00e1s que los colores\u201d<\/strong>, sostiene por su parte Orbaiz, a lo que Dani Garc\u00eda suma <strong>\u201cpasi\u00f3n y orgullo por el f\u00fatbol en el c\u00e9sped y en la grada\u201d<\/strong>. Por \u00faltimo los cuatro protagonistas <strong>se desean \u201csuerte\u201d en la competici\u00f3n y aseguran que \u201cser\u00eda magnifico encontrarnos en el camino\u201d <\/strong>de la Champions.\n<\/p>\n<p class=\"article-body__text \">\n        <strong>El \u00faltimo ejemplo de la conexi\u00f3n entre Athletic y Olympiacos es Dani Garc\u00eda<\/strong>, que tras abandonar las filas del club bilbaino puso en 2024 rumbo al Olympiacos que actualmente dirige Jos\u00e9 Luis Mendilibar, formado como futbolista en Lezama y entrenador del primer equipo en la temporada 2005-06.\n<\/p>\n<p class=\"article-body__text \">\n        El centrocampista de Zumarraga<strong> es el tercer le\u00f3n que ha vestido la camiseta del combinado griego<\/strong> despu\u00e9s de que lo hicieran<strong> Fran Yeste<\/strong> y<strong> Pablo Orbaiz<\/strong>, quien ahora forma parte del grupo de trabajo de Ernesto Valverde, que por su parte dirigi\u00f3 en dos etapas diferentes al Olympiacos, en la campa\u00f1a 2008-09 y entre 2010 y 2012, etapas en las que conquist\u00f3 tres ligas y dos Copas.\n<\/p>\n<p class=\"article-body__text \">\n        Dani Garc\u00eda emigr\u00f3 al equipo del Pireo en 2024 y desde entonces ha levantado una Supercopa y una Copa. Mientras, Orbaiz fue cedido por el Athletic en el curso 2011-12 y colabor\u00f3 en la consecuci\u00f3n del t\u00edtulo de liga y de Copa. Yeste, por su parte, permaneci\u00f3 seis meses vestido por la camiseta de la entidad helena en 2011.\n<\/p>\n<p class=\"article-body__text \">\n        Existen adem\u00e1s los casos de<strong> Rafa Alkorta<\/strong> y del t\u00e9cnico austr\u00edaco<strong> Helmut Senekowitsch<\/strong>. El primero fue el segundo entrenador de Olympiacos durante la etapa de M\u00edchel Gonz\u00e1lez en el banquillo, concretamente en la temporada 2014-15. Mientras, Senekowitsch, que entren\u00f3 al Athletic entre 1979 y 1980, dirigi\u00f3 al club heleno en 1981.\n<\/p>\n<p class=\"article-body__text \">\n        As\u00ed como el Athletic arrancar\u00e1 la Champions ma\u00f1ana a las 18.45 horas contra el Arsenal, el turno de Olympiacos llegar\u00e1 el mi\u00e9rcoles, a las 18.45 ante el Pafos.<\/p>\n","protected":false},"excerpt":{"rendered":"Athletic y Olympiacos nunca se han visto las caras en un partido, ni amistoso ni de car\u00e1cter oficial.&hellip;\n","protected":false},"author":2,"featured_media":117037,"comment_status":"","ping_status":"","sticky":false,"template":"","format":"standard","meta":{"footnotes":""},"categories":[268],"tags":[2182,11681,168,25,24,1055,280,282,39076,39075,281,23,167],"class_list":{"0":"post-117036","1":"post","2":"type-post","3":"status-publish","4":"format-standard","5":"has-post-thumbnail","7":"category-futbol","8":"tag-athletic","9":"tag-champions","10":"tag-deportes","11":"tag-es","12":"tag-espana","13":"tag-estreno","14":"tag-football","15":"tag-futbol","16":"tag-hermanan","17":"tag-olympiacos","18":"tag-soccer","19":"tag-spain","20":"tag-sports"},"share_on_mastodon":{"url":"","error":""},"_links":{"self":[{"href":"https:\/\/www.europesays.com\/es\/wp-json\/wp\/v2\/posts\/117036","targetHints":{"allow":["GET"]}}],"collection":[{"href":"https:\/\/www.europesays.com\/es\/wp-json\/wp\/v2\/posts"}],"about":[{"href":"https:\/\/www.europesays.com\/es\/wp-json\/wp\/v2\/types\/post"}],"author":[{"embeddable":true,"href":"https:\/\/www.europesays.com\/es\/wp-json\/wp\/v2\/users\/2"}],"replies":[{"embeddable":true,"href":"https:\/\/www.europesays.com\/es\/wp-json\/wp\/v2\/comments?post=117036"}],"version-history":[{"count":0,"href":"https:\/\/www.europesays.com\/es\/wp-json\/wp\/v2\/posts\/117036\/revisions"}],"wp:featuredmedia":[{"embeddable":true,"href":"https:\/\/www.europesays.com\/es\/wp-json\/wp\/v2\/media\/117037"}],"wp:attachment":[{"href":"https:\/\/www.europesays.com\/es\/wp-json\/wp\/v2\/media?parent=117036"}],"wp:term":[{"taxonomy":"category","embeddable":true,"href":"https:\/\/www.europesays.com\/es\/wp-json\/wp\/v2\/categories?post=117036"},{"taxonomy":"post_tag","embeddable":true,"href":"https:\/\/www.europesays.com\/es\/wp-json\/wp\/v2\/tags?post=117036"}],"curies":[{"name":"wp","href":"https:\/\/api.w.org\/{rel}","templated":true}]}}