{"id":117038,"date":"2025-09-15T17:40:09","date_gmt":"2025-09-15T17:40:09","guid":{"rendered":"https:\/\/www.europesays.com\/es\/117038\/"},"modified":"2025-09-15T17:40:09","modified_gmt":"2025-09-15T17:40:09","slug":"los-fans-de-coldplay-se-enfadan-porque-chris-martin-pide-a-sus-seguidores-que-envien-amor-a-la-familia-de-charlie-kirk","status":"publish","type":"post","link":"https:\/\/www.europesays.com\/es\/117038\/","title":{"rendered":"Los fans de Coldplay se enfadan porque Chris Martin pide a sus seguidores que \u00abenv\u00eden amor\u00bb a la familia de Charlie Kirk"},"content":{"rendered":"<p>\n                    Publicado                 15\/09\/2025 &#8211; 15:13 CEST<br \/>\n                \u2022Ultima actualizaci\u00f3n<br \/>\n                                     16:16\n                                        <\/p>\n<p>          <img decoding=\"async\" class=\"c-ad__placeholder__logo\" src=\"https:\/\/static.euronews.com\/website\/images\/logos\/logo-euronews-stacked-outlined-72x72-grey-9.svg\" width=\"72\" height=\"72\" alt=\"\" loading=\"lazy\"\/><br \/>\n          PUBLICIDAD<\/p>\n<p><a href=\"https:\/\/es.euronews.com\/cultura\/2025\/06\/24\/coldplay-reeditara-sus-albumes-en-discos-fabricados-con-botellas-de-plastico-recicladas\" rel=\"nofollow noopener\" target=\"_blank\">Coldplay detuvo su concierto <\/a>en el estadio londinense de Wembley <strong>para pedir a sus fans que \u00abenviaran amor\u00bb<\/strong> <a href=\"https:\/\/es.euronews.com\/2025\/09\/11\/quien-era-charlie-kirk-el-fiel-aliado-de-trump-que-logro-movilizar-a-la-derecha-mas-joven\" rel=\"nofollow noopener\" target=\"_blank\">a la familia de Charlie Kirk<\/a>, y a algunos de ellos no les ha hecho mucha gracia.<\/p>\n<p>El momento tuvo lugar el viernes (12 de septiembre), cuando el <a href=\"https:\/\/es.euronews.com\/cultura\/2023\/06\/05\/la-gira-ecologica-de-coldplay-reduce-casi-a-la-mitad-sus-emisiones-de-carbono\" rel=\"nofollow noopener\" target=\"_blank\">cantante Chris Martin<\/a> detuvo el espect\u00e1culo antes de su interpretaci\u00f3n de la canci\u00f3n &#8216;Fix You&#8217; para animar a los fans a levantar la mano y \u00ab<strong>enviar amor a cualquier lugar del mundo donde quer\u00e1is enviarlo\u00bb.<\/strong><\/p>\n<p>\u00abHay tantos lugares que podr\u00edan necesitarlo hoy\u00bb, dijo Martin. <strong>\u00abPuedes envi\u00e1rselo a tu hermano o a tu hermana<\/strong>, puedes envi\u00e1rselo a las familias de personas que han pasado por cosas terribles, puedes envi\u00e1rselo a la<a href=\"https:\/\/es.euronews.com\/2025\/09\/15\/el-detenido-por-asesinar-a-kirk-no-ha-confesado-su-culpabilidad-segun-el-gobernador-de-uta\" rel=\"nofollow noopener\" target=\"_blank\"> familia de Charlie Kirk. <\/a><\/p>\n<p>Puedes envi\u00e1rselo a la familia de cualquiera. Puedes envi\u00e1rselo a gente con la que no est\u00e1s de acuerdo, pero les env\u00edas amor de todos modos&#8230; <strong>Puedes envi\u00e1rselo a gente pac\u00edfica en Oriente Medio<\/strong>, en Ucrania y en Rusia\u00bb. Vea el momento a continuaci\u00f3n:<\/p>\n<p>Aunque muchos aplaudieron este llamamiento a la unidad, <strong>muchos no vieron este momento de forma positiva<\/strong>, y algunos criticaron a la banda.<\/p>\n<p>La discusi\u00f3n tambi\u00e9n se extendi\u00f3 a <a href=\"https:\/\/www.reddit.com\/r\/Music\/comments\/1nfv81d\/coldplay_fans_disappointed_after_chris_martin\/\" target=\"_blank\" rel=\"noreferrer nofollow noopener\"><strong>Reddit<\/strong><\/a>, donde los fans cuestionaron si el homenaje era apropiado. Un usuario escribi\u00f3: <strong>\u00abAcaban de perder a un fan de Coldplay de toda la vida\u00bb<\/strong>, mientras que otro simplemente escribi\u00f3: \u00abEst\u00e1 bien los fans de Coldplay suelen estar decepcionados\u00bb.<\/p>\n<p><strong>Ni Coldplay ni Martin han respondido p\u00fablicamente<\/strong> a las reacciones. Vale la pena se\u00f1alar que Kirk aparentemente no era un fan de Coldplay, lo que revel\u00f3 <a href=\"https:\/\/www.facebook.com\/watch\/?v=2241850562948468&amp;rdid=piFvfEnk21cBCFFs\" target=\"_blank\" rel=\"noreferrer nofollow noopener\"><strong>en un video<\/strong><\/a> donde discut\u00eda <a href=\"https:\/\/es.euronews.com\/cultura\/2025\/07\/18\/video-viral-coldplay-pilla-a-un-ceo-siendo-infiel-con-su-directora-de-rrhh-en-pleno-concie\" rel=\"nofollow noopener\" target=\"_blank\">las im\u00e1genes virales de la c\u00e1mara de beso de Coldplay de julio.<\/a><\/p>\n<p>En el clip de Kirk sobre el episodio viral, dijo: \u00ab<strong>Prefiero que me pillen muerto a ir a un concierto de Coldplay.<\/strong> Prefiero ir a un partido de la WNBA [Women&#8217;s National Basketball Association] que a un concierto de Coldplay. No podr\u00eda pensar en algo m\u00e1s aburrido, banal y una p\u00e9rdida de tiempo\u00bb.<\/p>\n<p><strong>El activista de derechas<\/strong> y firme partidario de Donald Trump <a href=\"https:\/\/es.euronews.com\/2025\/09\/11\/quien-era-charlie-kirk-el-fiel-aliado-de-trump-que-logro-movilizar-a-la-derecha-mas-joven\" rel=\"nofollow noopener\" target=\"_blank\">fue tiroteado mortalmente en el campus<\/a> de la Universidad de Utah Valley el pasado mi\u00e9rcoles. <strong>Kirk ten\u00eda 31 a\u00f1os.<\/strong> Un joven de 22 a\u00f1os, natural de Utah e identificado como <a href=\"https:\/\/es.euronews.com\/2025\/09\/15\/el-detenido-por-asesinar-a-kirk-no-ha-confesado-su-culpabilidad-segun-el-gobernador-de-uta\" rel=\"nofollow noopener\" target=\"_blank\">Tyler Robinson, ha sido detenido.<\/a><\/p>\n<p>Aunque muchos a ambos lados del pasillo han condenado el acto de violencia pol\u00edtica, la muerte de Kirk ha dividido las opiniones en internet, <strong>mostrando hasta qu\u00e9 punto Estados Unidos se siente irrevocablemente dividido<\/strong>. Muchos han llamado la atenci\u00f3n sobre las posturas p\u00fablicas divisivas de Kirk, que defend\u00eda a trav\u00e9s de su organizaci\u00f3n estudiantil Turning Point USA. <strong>Sus posturas pol\u00edticas inclu\u00edan puntos de vista de extrema derecha sobre la inmigraci\u00f3n<\/strong>, el control de armas y la comunidad transexual.<\/p>\n<p>Tras su muerte, algunos partidarios de MAGA han <strong>culpado al programa de humor sat\u00edrico South Park del asesinato de Kirk<\/strong>. El episodio en el que se parodiaba a Kirk ha sido retirado de las reposiciones por cable.<\/p>\n","protected":false},"excerpt":{"rendered":"Publicado 15\/09\/2025 &#8211; 15:13 CEST \u2022Ultima actualizaci\u00f3n 16:16 PUBLICIDAD Coldplay detuvo su concierto en el estadio londinense de&hellip;\n","protected":false},"author":2,"featured_media":117039,"comment_status":"","ping_status":"","sticky":false,"template":"","format":"standard","meta":{"footnotes":""},"categories":[174],"tags":[10771,255,352,146,147,25,24,256,185,1526,23,6773],"class_list":{"0":"post-117038","1":"post","2":"type-post","3":"status-publish","4":"format-standard","5":"has-post-thumbnail","7":"category-famosos","8":"tag-asesinato","9":"tag-celebrities","10":"tag-donald-trump","11":"tag-entertainment","12":"tag-entretenimiento","13":"tag-es","14":"tag-espana","15":"tag-famosos","16":"tag-musica","17":"tag-polemica","18":"tag-spain","19":"tag-tiroteo"},"share_on_mastodon":{"url":"","error":""},"_links":{"self":[{"href":"https:\/\/www.europesays.com\/es\/wp-json\/wp\/v2\/posts\/117038","targetHints":{"allow":["GET"]}}],"collection":[{"href":"https:\/\/www.europesays.com\/es\/wp-json\/wp\/v2\/posts"}],"about":[{"href":"https:\/\/www.europesays.com\/es\/wp-json\/wp\/v2\/types\/post"}],"author":[{"embeddable":true,"href":"https:\/\/www.europesays.com\/es\/wp-json\/wp\/v2\/users\/2"}],"replies":[{"embeddable":true,"href":"https:\/\/www.europesays.com\/es\/wp-json\/wp\/v2\/comments?post=117038"}],"version-history":[{"count":0,"href":"https:\/\/www.europesays.com\/es\/wp-json\/wp\/v2\/posts\/117038\/revisions"}],"wp:featuredmedia":[{"embeddable":true,"href":"https:\/\/www.europesays.com\/es\/wp-json\/wp\/v2\/media\/117039"}],"wp:attachment":[{"href":"https:\/\/www.europesays.com\/es\/wp-json\/wp\/v2\/media?parent=117038"}],"wp:term":[{"taxonomy":"category","embeddable":true,"href":"https:\/\/www.europesays.com\/es\/wp-json\/wp\/v2\/categories?post=117038"},{"taxonomy":"post_tag","embeddable":true,"href":"https:\/\/www.europesays.com\/es\/wp-json\/wp\/v2\/tags?post=117038"}],"curies":[{"name":"wp","href":"https:\/\/api.w.org\/{rel}","templated":true}]}}