{"id":117040,"date":"2025-09-15T17:42:18","date_gmt":"2025-09-15T17:42:18","guid":{"rendered":"https:\/\/www.europesays.com\/es\/117040\/"},"modified":"2025-09-15T17:42:18","modified_gmt":"2025-09-15T17:42:18","slug":"la-dama-de-la-niebla-de-carla-montero","status":"publish","type":"post","link":"https:\/\/www.europesays.com\/es\/117040\/","title":{"rendered":"La dama de la niebla de Carla Montero"},"content":{"rendered":"<p><img decoding=\"async\" alt=\"[Img #76211]\" class=\"RichTextAlignLeft\" src=\"https:\/\/www.europesays.com\/es\/wp-content\/uploads\/2025\/09\/874_la-dama-de-la-niebla_300.jpg\"\/>Isla de Man, 1938. En un rinc\u00f3n remoto del mar de Irlanda, donde el viento arrastra ecos de guerra y las carreteras se enredan entre acantilados y secretos, Mila Kovac, una joven piloto espa\u00f1ola, llega para participar en unas pruebas automovil\u00edsticas. Ha dejado atr\u00e1s la muerte de su marido, el c\u00e9lebre Anton Behra, y un pasado lleno de heridas a\u00fan abiertas.<\/p>\n<p>\u00a0<\/p>\n<p>En torno al circuito se re\u00fanen los grandes pilotos del momento, hombres y tambi\u00e9n mujeres. Pero es fuera de la pista donde Mila deber\u00e1 afrontar su verdadero desaf\u00edo: enfrentarse a su historia, a una pasi\u00f3n inesperada y a las sospechas que a\u00fan planean sobre la muerte de Anton. Mientras las rivalidades personales se intensifican y Europa se asoma a un nuevo conflicto, Mila busca su lugar entre la niebla, la memoria y el deseo.<\/p>\n<p>\u00a0<\/p>\n<p>Carla Montero firma una novela inolvidable y emocionante, en la que el amor, la ambici\u00f3n y las verdades ocultas cruzan la l\u00ednea de meta en un mundo que est\u00e1 a punto de cambiar para siempre.<\/p>\n<p>\u00a0<\/p>\n<p><strong>Carla Montero<\/strong> naci\u00f3 en Madrid en 1973. Es licenciada en Derecho y diplomada en Administraci\u00f3n de Empresas. Su gran afici\u00f3n siempre ha sido escribir, y cumpli\u00f3 el sue\u00f1o de ver una novela suya publicada al ganar el Premio de Novela C\u00edrculo de Lectores con Una dama en juego (2010), que tuvo una espectacular respuesta por parte de los lectores. Con su segunda novela, La tabla esmeralda (2012), se consolid\u00f3 como una de las nuevas voces de mayor \u00e9xito entre el p\u00fablico de nuestro pa\u00eds, y fue traducida en pa\u00edses como Francia, Alemania, Polonia e Italia. Desde entonces ha publicado La piel dorada (2014), El invierno en tu rostro (2016), El jard\u00edn de las mujeres Verelli (2019), El medall\u00f3n de fuego (2021) y El vi\u00f1edo de la luna (2024), afianzando un universo de m\u00e1s de 400.000 lectores. Con La dama de la niebla se incorpora al cat\u00e1logo de Ediciones Destino.<\/p>\n<p>Tem\u00e1ticas: Novela rom\u00e1nticaNovela Rom\u00e1ntica hist\u00f3ricaNovela negraNovelas de intriga<br \/>Publicaci\u00f3n: 3 septiembre 2025<br \/>Colecci\u00f3n: \u00c1ncora &amp; Delf\u00edn<br \/>Presentaci\u00f3n: Tapa dura con sobrecubierta<br \/>Formato: 13.3 x 23 cm<br \/>Editorial: Ediciones Destino<br \/>ISBN: 978-84-233-6826-6<br \/>P\u00e1ginas: 544<br \/>C\u00f3digo: 0010372545<\/p>\n","protected":false},"excerpt":{"rendered":"Isla de Man, 1938. En un rinc\u00f3n remoto del mar de Irlanda, donde el viento arrastra ecos de&hellip;\n","protected":false},"author":2,"featured_media":117041,"comment_status":"","ping_status":"","sticky":false,"template":"","format":"standard","meta":{"footnotes":""},"categories":[172],"tags":[224,168,146,147,25,24,4475,225,4662,4661,3489,10,4663,23,4664],"class_list":{"0":"post-117040","1":"post","2":"type-post","3":"status-publish","4":"format-standard","5":"has-post-thumbnail","7":"category-libros","8":"tag-books","9":"tag-deportes","10":"tag-entertainment","11":"tag-entretenimiento","12":"tag-es","13":"tag-espana","14":"tag-gastronomia","15":"tag-libros","16":"tag-llevant","17":"tag-manacor","18":"tag-nadal","19":"tag-noticias","20":"tag-portocristo","21":"tag-spain","22":"tag-turismo"},"share_on_mastodon":{"url":"","error":""},"_links":{"self":[{"href":"https:\/\/www.europesays.com\/es\/wp-json\/wp\/v2\/posts\/117040","targetHints":{"allow":["GET"]}}],"collection":[{"href":"https:\/\/www.europesays.com\/es\/wp-json\/wp\/v2\/posts"}],"about":[{"href":"https:\/\/www.europesays.com\/es\/wp-json\/wp\/v2\/types\/post"}],"author":[{"embeddable":true,"href":"https:\/\/www.europesays.com\/es\/wp-json\/wp\/v2\/users\/2"}],"replies":[{"embeddable":true,"href":"https:\/\/www.europesays.com\/es\/wp-json\/wp\/v2\/comments?post=117040"}],"version-history":[{"count":0,"href":"https:\/\/www.europesays.com\/es\/wp-json\/wp\/v2\/posts\/117040\/revisions"}],"wp:featuredmedia":[{"embeddable":true,"href":"https:\/\/www.europesays.com\/es\/wp-json\/wp\/v2\/media\/117041"}],"wp:attachment":[{"href":"https:\/\/www.europesays.com\/es\/wp-json\/wp\/v2\/media?parent=117040"}],"wp:term":[{"taxonomy":"category","embeddable":true,"href":"https:\/\/www.europesays.com\/es\/wp-json\/wp\/v2\/categories?post=117040"},{"taxonomy":"post_tag","embeddable":true,"href":"https:\/\/www.europesays.com\/es\/wp-json\/wp\/v2\/tags?post=117040"}],"curies":[{"name":"wp","href":"https:\/\/api.w.org\/{rel}","templated":true}]}}