{"id":117044,"date":"2025-09-15T17:44:09","date_gmt":"2025-09-15T17:44:09","guid":{"rendered":"https:\/\/www.europesays.com\/es\/117044\/"},"modified":"2025-09-15T17:44:09","modified_gmt":"2025-09-15T17:44:09","slug":"rob-halford-confirma-que-grabo-un-dueto-de-war-pigs-con-ozzy-osbourne-nuevo-disco-de-spocks-beard-elettra-storm-anuncian-segundo-trabajo","status":"publish","type":"post","link":"https:\/\/www.europesays.com\/es\/117044\/","title":{"rendered":"Rob Halford confirma que grab\u00f3 un dueto de \u201cWar Pigs\u201d con Ozzy Osbourne. Nuevo disco de SPOCK\u2019S BEARD. ELETTRA STORM anuncian segundo trabajo."},"content":{"rendered":"<p>\u00a0<\/p>\n<p style=\"text-align: center;\"><strong><a href=\"#PRIEST\">JUDAS PRIEST: Rob Halford confirma que grab\u00f3 un dueto de \u201cWar Pigs\u201d con Ozzy Osbourne<\/a> \u2013 <a href=\"#BEARD\">Nuevo disco de SPOCK\u2019S BEARD<\/a> \u2013 <a href=\"#ELETTRA\">ELETTRA STORM anuncian segundo trabajo<\/a>.<\/strong><\/p>\n<p><strong>Rob Halford<\/strong> ha revelado en una entrevista con Full Metal Jackie que grab\u00f3 un dueto con <strong>Ozzy Osbourne<\/strong> del cl\u00e1sico de <strong>BLACK SABBATH<\/strong> \u201cWar Pigs\u201d.<\/p>\n<p>Seg\u00fan Loudwire el cantante ha declarado: \u201cLo que me gusta, y que est\u00e1 un poco esperando en la retaguardia, es Ozzy cantando conmigo \u201cWar Pigs\u201d. Pudimos hacer eso y est\u00e1 ah\u00ed, pero tiene que pasar por todos los entresijos legales y todo eso. Sharon contact\u00f3 conmigo con la idea. Me dijo que le encantaba nuestra versi\u00f3n de \u201cWar Pigs\u201d y me pregunt\u00f3 si hab\u00eda alguna forma de que Ozzy se sumara. \u2018\u00bfA m\u00ed me preguntas? Eso va a suceder.\u2019\u201d<\/p>\n<p>Ten\u00e9is la charla completa en este <a href=\"https:\/\/loudwire.com\/judas-priest-rob-halford-duet-ozzy-osbourne-interview\/\" target=\"_blank\" rel=\"noopener nofollow\">enlace<\/a>.<\/p>\n<p><img fetchpriority=\"high\" decoding=\"async\" src=\"https:\/\/www.europesays.com\/es\/wp-content\/uploads\/2025\/09\/halford2025_2.jpg\" alt=\"PRIEST\" width=\"500\" height=\"667\"\/><\/p>\n<p>La banda <a href=\"https:\/\/www.rafabasa.com\/2025\/07\/02\/judas-priest-clawfinger-hyshtral\/#PRIEST\" rel=\"nofollow noopener\" target=\"_blank\">estren\u00f3 en julio<\/a> esa versi\u00f3n del cl\u00e1sico de BLACK SABBATH \u201cWar Pigs\u201d.<\/p>\n<p>Nuestra cr\u00f3nica de su concierto en Bilbao en este <a href=\"https:\/\/www.rafabasa.com\/2025\/07\/03\/cronica-y-fotos-de-judas-priest-phil-campbell-and-the-bastard-sons-en-bilbao\/\" rel=\"nofollow noopener\" target=\"_blank\">enlace<\/a>.<\/p>\n<p>Sony Music estrenar\u00e1 pr\u00f3ximamente un documental sobre <a href=\"https:\/\/www.facebook.com\/OfficialJudasPriest\" target=\"_blank\" rel=\"noopener nofollow\"><strong>JUDAS PRIEST<\/strong><\/a> titulado <a href=\"https:\/\/www.rafabasa.com\/2025\/05\/21\/judas-priest-igorrr-malevolence\/#JUDAS_PRIEST\" rel=\"nofollow noopener\" target=\"_blank\">\u201cThe Ballad Of Judas Priest\u201d<\/a>.<\/p>\n<p>\u00a0<\/p>\n<p>\u00a0<\/p>\n<p><strong>SPOCK\u2019S BEARD<\/strong> sacar\u00e1n el 21 de noviembre a trav\u00e9s de Madfish un nuevo disco titulado \u201cThe Archaeoptimist\u201d.<\/p>\n<p>Estos son los temas que incluye:<\/p>\n<ol>\n<li>Invisible<\/li>\n<li>Electric Monk<\/li>\n<li>Afourthoughts<\/li>\n<li>St. Jerome In The Wilderness<\/li>\n<li>The Archaeoptimist<\/li>\n<li>Next Step<\/li>\n<\/ol>\n<p>El \u00e1lbum estar\u00e1 disponible en doble vinilo rojo o negro con carpeta doble, doble CD con DVD en digipak que incluye mezclas 5.1 y est\u00e9reo alta resoluci\u00f3n 24\/48 y libreto de 8 p\u00e1ginas, CD digipak con libreto de 12 p\u00e1ginas y formato digital.<\/p>\n<p>A continuaci\u00f3n ten\u00e9is el nuevo single \u201cInvisible\u201d.<\/p>\n<p>El material ha sido producido por el teclista y cantante Ryo Okumoto y ha sido grabado por cada miembros en sus respectivos estudios caseros. La mezcla y el masterizado han corrido a cargo de Rich Mouser (DREAM THEATER, WEEZER).<\/p>\n<p>El \u00faltimo trabajo de\u00a0<strong>SPOCK\u2019S BEARD <\/strong>\u201cNoise Floor\u201d sali\u00f3 el 25 de mayo de 2018.<\/p>\n<p>M\u00e1s detalles en esta\u00a0<a href=\"https:\/\/www.rafabasa.com\/2018\/03\/01\/arch-enemy-angra-spocks-beard-leyenda-arsis\/#SPOCKS_BEARD\" target=\"_blank\" rel=\"noopener nofollow\">noticia<\/a>\u00a0y los adelantos aparecidos en\u00a0<a href=\"https:\/\/www.rafabasa.com\/2018\/05\/17\/twisted-sister-spocks-beard-kataklysm-atrocity-amokafre-rock\/#SPOCKS_BEARD\" target=\"_blank\" rel=\"noopener nofollow\">esta<\/a>.<\/p>\n<p>Otras noticias y lanzamientos en este\u00a0<a href=\"https:\/\/www.rafabasa.com\/2025\/05\/16\/volbeat-frozen-crown-spocks-beard\/#SPOCK\" target=\"_blank\" rel=\"noopener nofollow\">bloque<\/a>.<\/p>\n<p>\u00a0<\/p>\n<p>\u00a0<\/p>\n<p>El 24 de octubre ver\u00e1 la luz a trav\u00e9s de Scarlet Records el segundo trabajo de <strong>ELETTRA STORM<\/strong> \u201cEvertale\u201d.<\/p>\n<p>Estos son los temas que incluye:<\/p>\n<ol>\n<li>Endgame<\/li>\n<li>The Secrets of the Universe<\/li>\n<li>Hero Among Heroes<\/li>\n<li>Blue Phoenix<\/li>\n<li>Ride the Rainbow<\/li>\n<li>Master of Fairytales<\/li>\n<li>One Last Ray of Light<\/li>\n<li>Judgment Time<\/li>\n<li>If the Stars Could Cry<\/li>\n<\/ol>\n<p>A continuaci\u00f3n ten\u00e9is su nuevo single y v\u00eddeo \u201cBlue Phoenix\u201d.<\/p>\n<p>Estar\u00e1 disponible en CD, vinilo y formato digital.<\/p>\n<p>El material ha sido mezclado y masterizado en los estudios Domination. Las voces se han grabado en Skystrings Production y las bater\u00edas en Artesonika Studio.<\/p>\n<p>M\u00e1s sobre la banda en su <a title=\"Go to: Facebook\" href=\"https:\/\/www.facebook.com\/ElettraStorm\" target=\"_blank\" rel=\"noopener nofollow\">Facebook<\/a>.<\/p>\n<p align=\"center\"><strong>Sigue el\u00a0<a href=\"https:\/\/whatsapp.com\/channel\/0029VaCprxVBA1f555USvT2O\" target=\"_blank\" rel=\"nofollow noopener\">Canal de RAFABASA.COM en WhatsApp<\/a>, donde encontrar\u00e1s todas nuestras novedades al instante<\/strong><\/p>\n<p>\u00a0<\/p>\n<p>\u00a0<\/p>\n<p>\u00a0<\/p>\n<p>\u00a0<\/p>\n<p>\u00a0<\/p>\n","protected":false},"excerpt":{"rendered":"\u00a0 JUDAS PRIEST: Rob Halford confirma que grab\u00f3 un dueto de \u201cWar Pigs\u201d con Ozzy Osbourne \u2013 Nuevo&hellip;\n","protected":false},"author":2,"featured_media":117045,"comment_status":"","ping_status":"","sticky":false,"template":"","format":"standard","meta":{"footnotes":""},"categories":[170],"tags":[39077,146,147,25,24,478,184,185,23,39078],"class_list":{"0":"post-117044","1":"post","2":"type-post","3":"status-publish","4":"format-standard","5":"has-post-thumbnail","7":"category-musica","8":"tag-elettra-storm","9":"tag-entertainment","10":"tag-entretenimiento","11":"tag-es","12":"tag-espana","13":"tag-judas-priest","14":"tag-music","15":"tag-musica","16":"tag-spain","17":"tag-spocks-beard"},"share_on_mastodon":{"url":"","error":""},"_links":{"self":[{"href":"https:\/\/www.europesays.com\/es\/wp-json\/wp\/v2\/posts\/117044","targetHints":{"allow":["GET"]}}],"collection":[{"href":"https:\/\/www.europesays.com\/es\/wp-json\/wp\/v2\/posts"}],"about":[{"href":"https:\/\/www.europesays.com\/es\/wp-json\/wp\/v2\/types\/post"}],"author":[{"embeddable":true,"href":"https:\/\/www.europesays.com\/es\/wp-json\/wp\/v2\/users\/2"}],"replies":[{"embeddable":true,"href":"https:\/\/www.europesays.com\/es\/wp-json\/wp\/v2\/comments?post=117044"}],"version-history":[{"count":0,"href":"https:\/\/www.europesays.com\/es\/wp-json\/wp\/v2\/posts\/117044\/revisions"}],"wp:featuredmedia":[{"embeddable":true,"href":"https:\/\/www.europesays.com\/es\/wp-json\/wp\/v2\/media\/117045"}],"wp:attachment":[{"href":"https:\/\/www.europesays.com\/es\/wp-json\/wp\/v2\/media?parent=117044"}],"wp:term":[{"taxonomy":"category","embeddable":true,"href":"https:\/\/www.europesays.com\/es\/wp-json\/wp\/v2\/categories?post=117044"},{"taxonomy":"post_tag","embeddable":true,"href":"https:\/\/www.europesays.com\/es\/wp-json\/wp\/v2\/tags?post=117044"}],"curies":[{"name":"wp","href":"https:\/\/api.w.org\/{rel}","templated":true}]}}