{"id":117046,"date":"2025-09-15T17:45:16","date_gmt":"2025-09-15T17:45:16","guid":{"rendered":"https:\/\/www.europesays.com\/es\/117046\/"},"modified":"2025-09-15T17:45:16","modified_gmt":"2025-09-15T17:45:16","slug":"a-la-venta-hoy-las-entradas-para-el-documental-del-dv-sobre-gregorio-ordonez","status":"publish","type":"post","link":"https:\/\/www.europesays.com\/es\/117046\/","title":{"rendered":"A la venta hoy las entradas para el documental del DV sobre Gregorio Ord\u00f3\u00f1ez"},"content":{"rendered":"<p><img fetchpriority=\"high\" class=\"v-a-img\" src=\"https:\/\/www.europesays.com\/es\/wp-content\/uploads\/2025\/09\/1500562425-k7BG-U2302925181341yWB-1200x840@Diario Vasco.jpg\" loading=\"eager\" decoding=\"async\" alt=\"Ana Ir\u00edbar y su hijo Javier, en la calle 31 de agosto de San Sebasti\u00e1n.\"  width=\"1200\" height=\"840\"\/><\/p>\n<p>Ana Ir\u00edbar y su hijo Javier, en la calle 31 de agosto de San Sebasti\u00e1n.          LOBO ALTUNA        <\/p>\n<p>La primera de las dos proyecciones tendr\u00e1 lugar el mi\u00e9rcoles, a las 16.00 horas, en los cines Pr\u00edncipe<\/p>\n<p><a class=\"v-mdl-ath__fig-a\" href=\"https:\/\/www.diariovasco.com\/autor\/alberto-moyano-1471.html\" title=\"Alberto Moyano\" rel=\"nofollow noopener\" target=\"_blank\"><br \/>\n<img decoding=\"async\" class=\"v-mdl-ath__img\" src=\"https:\/\/www.europesays.com\/es\/wp-content\/uploads\/2025\/09\/autor-1471-foto-5.jpeg\" alt=\"Alberto Moyano\"\/><br \/>\n<\/a><\/p>\n<p class=\"v-mdl-ath__p v-mdl-ath__p--6\">\nLunes, 15 de septiembre 2025, 00:06<\/p>\n<p class=\"v-p\">Tras la apertura de la taquilla ayer con las proyecciones programadas para el viernes 19, el s\u00e1bado 20 y el domingo 21, hoy se pondr\u00e1n  &#8230; a la venta las localidades para las sesiones de los d\u00edas 22, 23 y 24. Ser\u00e1 precisamente el mi\u00e9rcoles 24 cuando la sala 3 de los cines Pr\u00edncipe acoja a las 16.00 horas la proyecci\u00f3n del documental de EL DIARIO VASCO &#8216;Gregorio Ord\u00f3\u00f1ez, el asesinato que despert\u00f3 la rebeli\u00f3n contra ETA&#8217;. Ma\u00f1ana, martes, ser\u00e1 el turno de comprar entradas para los pases del jueves, viernes \u2013d\u00eda en el que tendr\u00e1 lugar la segunda proyecci\u00f3n del documental (20.30 horas, sala 10 de los cines Pr\u00edncipe)\u2013 y s\u00e1bado. <\/p>\n<p class=\"v-p\">La cinta, un ejercicio de memoria period\u00edstica sobre aquellos d\u00edas de enero de 1995, se estren\u00f3 el pasado 23 de enero en los mismos cines Pr\u00edncipe en los que ahora se proyectar\u00e1 fuera de concurso, dentro de la secci\u00f3n Zinemira del Festival de Cine.<\/p>\n<p class=\"v-p\">A lo largo de sus 40 minutos de metraje, &#8216;Gregorio Ord\u00f3\u00f1ez, el asesinato que despert\u00f3 la rebeli\u00f3n contra ETA&#8217; recoge los testimonios de la viuda del dirigente del PP vasco, Ana Ir\u00edbar, y de su hijo, Javier, pero tambi\u00e9n el de su hermana Consuelo y de varios periodistas de DV que coincidieron con Ord\u00f3\u00f1ez en el desempe\u00f1o de su profesi\u00f3n o incluso en su etapa universitaria. Es el caso del exdirector Jos\u00e9 Gabriel Mujika, y de los periodistas I\u00f1igo Urrutia, Alberto Surio o Mitxel Ezquiaga, que comparten sus vivencias y sus recuerdos de los d\u00edas posteriores al asesinato.<\/p>\n<p class=\"v-crt__t\"> L\u00edmite de sesiones alcanzadas<\/p>\n<p class=\"v-crt__p\">El acceso al contenido Premium est\u00e1 abierto por cortes\u00eda del establecimiento donde te encuentras, pero ahora mismo hay demasiados usuarios conectados a las vez.<\/p>\n<p class=\"v-crt__p\">Por favor, int\u00e9ntalo pasados unos minutos.<\/p>\n<p>\nVolver a intentar\n<\/p>\n<p class=\"v-crt__t\">Sesi\u00f3n cerrada<\/p>\n<p class=\"v-crt__p\">Al iniciar sesi\u00f3n desde un dispositivo distinto, por seguridad, se cerr\u00f3 la \u00faltima sesi\u00f3n en este.<\/p>\n<p class=\"v-crt__p\">Para continuar disfrutando de su suscripci\u00f3n digital, inicie sesi\u00f3n en este dispositivo.<\/p>\n<p>\nEste contenido es exclusivo para suscriptores\n<\/p>\n<p class=\"text\">\u00bfTienes una suscripci\u00f3n? <a href=\"https:\/\/secure.diariovasco.com\/identidad\/inicio#vca=suscribete&amp;vso=diariovasco&amp;vmc=on&amp;vli=cdn-ce-link-login\" class=\"login\" data-voc-vtm-id=\"comienzoSuscripcionON\" data-voc-vtm-info=\"cdn-ce-link-login\" rel=\"nofollow noopener\" target=\"_blank\">Inicia sesi\u00f3n<\/a><\/p>\n<p>Comenta<\/p>\n<p>Reporta un error<\/p>\n","protected":false},"excerpt":{"rendered":"Ana Ir\u00edbar y su hijo Javier, en la calle 31 de agosto de San Sebasti\u00e1n. LOBO ALTUNA La&hellip;\n","protected":false},"author":2,"featured_media":117047,"comment_status":"","ping_status":"","sticky":false,"template":"","format":"standard","meta":{"footnotes":""},"categories":[169],"tags":[177,6084,4482,146,4401,147,25,24,176,8727,315,175,36013,57,23,2913,24803,36015],"class_list":{"0":"post-117046","1":"post","2":"type-post","3":"status-publish","4":"format-standard","5":"has-post-thumbnail","7":"category-cine","8":"tag-cine","9":"tag-documental","10":"tag-dv","11":"tag-entertainment","12":"tag-entradas","13":"tag-entretenimiento","14":"tag-es","15":"tag-espana","16":"tag-film","17":"tag-gregorio","18":"tag-hoy","19":"tag-movies","20":"tag-ordonez","21":"tag-sobre","22":"tag-spain","23":"tag-venta","24":"tag-zinemaldia","25":"tag-zinemira"},"share_on_mastodon":{"url":"","error":""},"_links":{"self":[{"href":"https:\/\/www.europesays.com\/es\/wp-json\/wp\/v2\/posts\/117046","targetHints":{"allow":["GET"]}}],"collection":[{"href":"https:\/\/www.europesays.com\/es\/wp-json\/wp\/v2\/posts"}],"about":[{"href":"https:\/\/www.europesays.com\/es\/wp-json\/wp\/v2\/types\/post"}],"author":[{"embeddable":true,"href":"https:\/\/www.europesays.com\/es\/wp-json\/wp\/v2\/users\/2"}],"replies":[{"embeddable":true,"href":"https:\/\/www.europesays.com\/es\/wp-json\/wp\/v2\/comments?post=117046"}],"version-history":[{"count":0,"href":"https:\/\/www.europesays.com\/es\/wp-json\/wp\/v2\/posts\/117046\/revisions"}],"wp:featuredmedia":[{"embeddable":true,"href":"https:\/\/www.europesays.com\/es\/wp-json\/wp\/v2\/media\/117047"}],"wp:attachment":[{"href":"https:\/\/www.europesays.com\/es\/wp-json\/wp\/v2\/media?parent=117046"}],"wp:term":[{"taxonomy":"category","embeddable":true,"href":"https:\/\/www.europesays.com\/es\/wp-json\/wp\/v2\/categories?post=117046"},{"taxonomy":"post_tag","embeddable":true,"href":"https:\/\/www.europesays.com\/es\/wp-json\/wp\/v2\/tags?post=117046"}],"curies":[{"name":"wp","href":"https:\/\/api.w.org\/{rel}","templated":true}]}}