{"id":117063,"date":"2025-09-15T17:54:13","date_gmt":"2025-09-15T17:54:13","guid":{"rendered":"https:\/\/www.europesays.com\/es\/117063\/"},"modified":"2025-09-15T17:54:13","modified_gmt":"2025-09-15T17:54:13","slug":"arahal-quiere-recuperar-tambien-el-balonmano","status":"publish","type":"post","link":"https:\/\/www.europesays.com\/es\/117063\/","title":{"rendered":"Arahal quiere recuperar tambi\u00e9n el balonmano"},"content":{"rendered":"<ul style=\"list-style-type: square;\">\n<li><strong>La intenci\u00f3n es federar esta temporada a un equipo de categor\u00eda alev\u00edn para crear cantera y volver a tener equipo s\u00e9nior en unos a\u00f1os. La primera toma de contacto ser\u00e1 este mi\u00e9rcoles a las 5 de la tarde en el Complejo Deportivo de La Venta.<\/strong><\/li>\n<\/ul>\n<p><img fetchpriority=\"high\" decoding=\"async\" class=\"wp-image-14960 size-full\" src=\"https:\/\/www.europesays.com\/es\/wp-content\/uploads\/2025\/09\/balonmano-arahal.jpg\" alt=\"\" width=\"960\" height=\"640\"  \/>Equipo juvenil del Club Balonmano Arahal en 2017. Foto: Cristina Beizlegui<\/p>\n<p>Tras la vuelta del baloncesto s\u00e9nior federado de la mano de un nuevo grupo de j\u00f3venes encabezado por \u00c1lvaro L\u00f3pez, la siguiente disciplina en regresar en la localidad puede ser el<strong> balonmano.<\/strong><\/p>\n<p>Despu\u00e9s de varias temporadas sin practicarse esta modalidad en el municipio (aparte de las Escuelas Deportivas), sus aficionados podr\u00e1n volver a disfrutar de \u00e9l pr\u00f3ximamente: primero a trav\u00e9s de los m\u00e1s peque\u00f1os y, posteriormente, en adultos.<\/p>\n<p>Esa es, al menos, <strong>la idea del nuevo proyecto del Club Balonmano Arahal<\/strong>. La entidad blanquiazul quiere volver a ponerse en marcha a trav\u00e9s de un grupo de j\u00f3venes liderado, nuevamente, por <strong>Antonio Acedo<\/strong>, uno de los grandes promotores de este deporte en la localidad y actual entrenador del Balonmano Martia de Marchena.\u00a0<\/p>\n<p>Tras actualizar sus estatutos y hacer las gestiones pertinentes con el Ayuntamiento y los organismos pertinentes, el club quiere sacar para esta temporada <strong>un equipo federado en categor\u00eda alev\u00edn<\/strong>. De ah\u00ed, se pretender crear la \u201csemilla\u201d de una cantera que pueda, poco a poco, culminar en un equipo s\u00e9nior.<\/p>\n<p>Para ello, la entidad est\u00e1 haciendo estos d\u00edas campa\u00f1a de captaci\u00f3n por los colegios. La primera toma de contacto (a la que pueden ni\u00f1os y ni\u00f1as desde 8 a\u00f1os) est\u00e1 programada para este mi\u00e9rcoles a las 5 de la tarde en el pabell\u00f3n del Centro Deportivo de La Venta. A partir de la pr\u00f3xima semana, los entrenamientos ser\u00e1n lunes y mi\u00e9rcoles de 17 a 19. El inicio de la competici\u00f3n se espera para mediados de octubre. <img loading=\"lazy\" decoding=\"async\" class=\"alignnone size-full wp-image-14964\" src=\"https:\/\/www.europesays.com\/es\/wp-content\/uploads\/2025\/09\/WhatsApp-Image-2025-09-15-at-19.31.34.jpeg\" alt=\"\" width=\"567\" height=\"794\"  \/><\/p>\n<p><strong>Nueva etapa para el Club Balonmano<\/strong><\/p>\n<p>Con ilusi\u00f3n, la entidad de Arahal desea volver a resurgir la pasi\u00f3n por este deporte en la localidad tras varios a\u00f1os de inactividad. El equipo s\u00e9nior dej\u00f3 de competir all\u00e1 en 2013. No obstante, tres a\u00f1os despu\u00e9s, un grupo de j\u00f3venes recuper\u00f3 el club con un conjunto adulto y otro juvenil, pero la aventura no dur\u00f3 mucho. Justo un a\u00f1o antes de la pandemia, la plantilla ya no se feder\u00f3 y la llegada del COVID, complic\u00f3 a\u00fan m\u00e1s las posibilidades de volver a la competici\u00f3n: la ausencia de jugadores, la incompatibilidad de la vida personal y laboral con la deportiva de sus integrantes y la falta de un relevo generacional implicado y comprometido fueron algunos de los motivos que hicieran que disciplinas como el balonmano o el baloncesto terminaran \u201cdesapareciendo\u201d a nivel federado en la localidad.<\/p>\n<p>Ahora, seis a\u00f1os despu\u00e9s, se inicia <strong>una nueva etapa<\/strong> que nace con la intenci\u00f3n de perdurar en el tiempo para darle a los j\u00f3venes una alternativa m\u00e1s de disfrutar con el deporte.\u00a0<\/p>\n<p>\u00a0<\/p>\n<p><img loading=\"lazy\" decoding=\"async\" alt=\"Alejandro Solano Cintado\" src=\"https:\/\/www.europesays.com\/es\/wp-content\/uploads\/2025\/09\/e680a97770a36b7ea4b65dc6063dbcff91cbce16dac95272423c74bee65957fe\"  class=\"avatar avatar-100 photo\" height=\"100\" width=\"100\" itemprop=\"image\"\/><\/p>\n<p>Periodista, redactor de MedialTV. Presenta los \u00abServicios informativos\u00bb y el programa deportivo \u00abGrader\u00edo Sur\u00bb en la televisi\u00f3n de este medio.<\/p>\n","protected":false},"excerpt":{"rendered":"La intenci\u00f3n es federar esta temporada a un equipo de categor\u00eda alev\u00edn para crear cantera y volver a&hellip;\n","protected":false},"author":2,"featured_media":117064,"comment_status":"","ping_status":"","sticky":false,"template":"","format":"standard","meta":{"footnotes":""},"categories":[278],"tags":[376,168,622,25,24,375,23,167],"class_list":{"0":"post-117063","1":"post","2":"type-post","3":"status-publish","4":"format-standard","5":"has-post-thumbnail","7":"category-balonmano","8":"tag-balonmano","9":"tag-deportes","10":"tag-equipo","11":"tag-es","12":"tag-espana","13":"tag-handball","14":"tag-spain","15":"tag-sports"},"share_on_mastodon":{"url":"","error":""},"_links":{"self":[{"href":"https:\/\/www.europesays.com\/es\/wp-json\/wp\/v2\/posts\/117063","targetHints":{"allow":["GET"]}}],"collection":[{"href":"https:\/\/www.europesays.com\/es\/wp-json\/wp\/v2\/posts"}],"about":[{"href":"https:\/\/www.europesays.com\/es\/wp-json\/wp\/v2\/types\/post"}],"author":[{"embeddable":true,"href":"https:\/\/www.europesays.com\/es\/wp-json\/wp\/v2\/users\/2"}],"replies":[{"embeddable":true,"href":"https:\/\/www.europesays.com\/es\/wp-json\/wp\/v2\/comments?post=117063"}],"version-history":[{"count":0,"href":"https:\/\/www.europesays.com\/es\/wp-json\/wp\/v2\/posts\/117063\/revisions"}],"wp:featuredmedia":[{"embeddable":true,"href":"https:\/\/www.europesays.com\/es\/wp-json\/wp\/v2\/media\/117064"}],"wp:attachment":[{"href":"https:\/\/www.europesays.com\/es\/wp-json\/wp\/v2\/media?parent=117063"}],"wp:term":[{"taxonomy":"category","embeddable":true,"href":"https:\/\/www.europesays.com\/es\/wp-json\/wp\/v2\/categories?post=117063"},{"taxonomy":"post_tag","embeddable":true,"href":"https:\/\/www.europesays.com\/es\/wp-json\/wp\/v2\/tags?post=117063"}],"curies":[{"name":"wp","href":"https:\/\/api.w.org\/{rel}","templated":true}]}}