{"id":117065,"date":"2025-09-15T17:55:16","date_gmt":"2025-09-15T17:55:16","guid":{"rendered":"https:\/\/www.europesays.com\/es\/117065\/"},"modified":"2025-09-15T17:55:16","modified_gmt":"2025-09-15T17:55:16","slug":"38-anos-de-periodismo-y-toros","status":"publish","type":"post","link":"https:\/\/www.europesays.com\/es\/117065\/","title":{"rendered":"38 a\u00f1os de periodismo y toros"},"content":{"rendered":"<p><a href=\"https:\/\/www.europesays.com\/es\/wp-content\/uploads\/2025\/09\/thumbnail-1-7.jpeg\"><img fetchpriority=\"high\" decoding=\"async\" width=\"932\" height=\"584\" data-id=\"7411\" src=\"https:\/\/www.europesays.com\/es\/wp-content\/uploads\/2025\/09\/thumbnail-1-7.jpeg\" alt=\"\" class=\"wp-image-7411\"  \/><\/a><\/p>\n<p style=\"text-align: justify;\">Estamos en el ecuador de la feria de Salamanca y los recuerdos abriendo de par en par los almacenes de las vivencias. Lejos quedan aquellas ferias de los ochenta con La Glorieta abarrotada y las interminables colas en las taquillas de \u00cdscar Peyra. Tiempos de<strong> reinado del Ni\u00f1o de la Capea, de Julio Robles, que despertaba el volc\u00e1n de su plenitud art\u00edstica. El Viti, el gran se\u00f1or y maestro del toreo salmantino, llevaba unos a\u00f1os retirado<\/strong> y asomando su figura a La Glorieta \u2013ya con la inconfundible cabellera plateada-, para ver las corridas desde un palco y recibir tantos\u00a0brindis de admiraci\u00f3n de\u00a0los toreros. \u00c9poca del viejo Manzanares, de la irrupci\u00f3n de Ortega Cano, de la explosi\u00f3n art\u00edstica de Jos\u00e9 Miguel Arroyo, de Espartaco en lo m\u00e1s alto y el m\u00e1s taquillero de entonces, de los hermanos Campuzano \u2013la clase de Jos\u00e9 Antonio y el poder\u00edo de Tom\u00e1s-; del cartel de los banderilleros que llamaban el salvaferias, con Espl\u00e1, Mendes y El Soro \u2013reciente a\u00fan su rabo en Salamanca a Guindito, un lisardo de Benjam\u00edn Vicente- y otra veces con Morenito de Maracay. O de<strong> Juan Jos\u00e9, que tan buenas tardes dio en la feria, bien en\u00a0San Mateo con las cornalonas corridas de Guardiola o El Conde la Corte,<\/strong> o esas otras ferias que, junto al Ni\u00f1o de la Capea y Julio Robles, compuso un\u00a0bonito cartel charro \u00a1Qu\u00e9 recuerdos!<\/p>\n<p style=\"text-align: justify;\">La actual nada tiene que ver con aquel pasado y <strong>escribo con la tinta de la nostalgia.<\/strong> Sin darnos cuenta<strong> al mirar atr\u00e1s resulta que se suma la friolera de treinta y ocho a\u00f1os escribiendo de toros.<\/strong> Y <strong>parece que fue ayer aquella feria de 1987 cuando escrib\u00ed por primera vez en las p\u00e1ginas de El Adelanto sobre el ciclo septembrino<\/strong> \u2013antes hab\u00eda sido corresponsal para La Gaceta Regional en mi pueblo-. Desde entonces ya ha llovido y han transcurrido tantas cosas que nada de lo actual tiene que ver con la realidad, porque <strong>ese ciclo charro de entonces era un lujo gracias a un ambientazo taurino que se extend\u00eda desde la ma\u00f1ana hasta la madrugada por toda la ciudad.<\/strong><\/p>\n<p style=\"text-align: justify;\">De aquella a la actual cualquier coincidencia es mera casualidad.<strong> La de hoga\u00f1o\u00a0ha perdido encanto, atractivos, n\u00famero de festejos, miles de espectadores\u00a0y el incomparable ambiente social-taurino que se respiraba en\u00a0Salamanca.<\/strong> En esa \u00e9poca, <strong>el Gran Hotel marcaba el pulso taurino con sus salones abarrotados con gente de solera,<\/strong> desde viejos toreros como los Marcial, Domingo Ortega, Bienvenida, Parrita, Manolo Escudero, Julio Aparicio, \u00a0Amadeo dos Anjos\u2026, ganaderos for\u00e1neos de nombrad\u00eda como Manuel Mart\u00edn Pe\u00f1ato, los Miura, algunos Domecq\u2026 departiendo con amigos y conocidos. <strong>Era frecuente la figura de reconocidos aficionados que ven\u00edan de diferentes puntos de Espa\u00f1a, el sur de Francia y la vecina Portugal<\/strong> para disfrutar del ciclo gracias al prestigio tan grande que gozaba y, m\u00e1s all\u00e1 del Gran Hotel, el excelente ambiente se entend\u00eda en las barras de La Calleja, el Plus Ultra, Mi Vaca y Yo\u2026 o los cercanos Florida y D\u2019Angelo de la plaza de La Libertad, sin olvidar tantos y buenos restaurantes con sabor taurino, el Valencia, el R\u00edo de la Plata, El Mes\u00f3n o La Riojana (hoy Casa Paca) donde hab\u00eda que reservar con antelaci\u00f3n una mesa. Al igual que en otros m\u00e1s econ\u00f3micos y que era un placer disfrutar de su exquisiteces, entre ellos los desaparecidos El Dorado, el Roque o El Gorro Blanco.<\/p>\n<p style=\"text-align: justify;\">En esos\u00a0tiempos uno se com\u00eda el mundo y<strong> era un lujo leer todas las cr\u00f3nicas.<\/strong> Desde las nacionales con las pluma del maestro Barquerito, de Jos\u00e9 Antonio del Moral, de Su\u00e1rez Guanes, de Mariv\u00ed Romero, de Carabias\u2026 a las locales con Perel\u00e9tegui \u2013en El Adelanto- \u00a0o de Don Lance, Montoliu y Juan Carlos Mart\u00edn Aparicio\u2013en La Gaceta Regional-, medios existentes entonces <strong>\u2013a\u00f1os despu\u00e9s llegar\u00eda Tribuna y su lujosa secci\u00f3n taurina que se convertir\u00eda en una referencia-<\/strong>. Alfonso Naval\u00f3n no asomaba por la Salamanca y <strong>prefer\u00eda Albacete para luego irse al calor amigo de Logro\u00f1o y aquella ejemplar feria de San Mateo se convert\u00eda en un puerto de primera a finales de septiembre para llegar\u00a0entrenado a la dura\u00a0meta del Pilar.<\/strong> Tiempo m\u00e1s tarde, la familia N\u00fa\u00f1ez Alegr\u00eda contrat\u00f3 a Naval\u00f3n para escribir en la feria septiembre pag\u00e1ndole la fabulosa cantidad de 500.000 pesetas.<\/p>\n<p style=\"text-align: justify;\">La capital provinciana ba\u00f1ada por el Tormes<strong> viv\u00eda a\u00fan en el esplendor ganadero\u00a0con los grandes se\u00f1ores que convirtieron en leyenda nuestro Campo Charro<\/strong>. Marcaban personalidad Juan Mar\u00ed P\u00e9rez-Tabernero y su hermano Antonio P\u00e9rez; sus primos los Alipios, con Javier, Alipio, Fernando, Ignacio\u2026; Atanasio Fern\u00e1ndez; los Galache, con los hermanos Paco, Salustiano y Eusebia; los Cobaleda; los S\u00e1nchez Rico -Carlines y Jos\u00e9 Mar\u00eda- que viv\u00edan sin vivir en ellos la ocasi\u00f3n que toreaba alguno de los hermanos Espl\u00e1 en La Glorieta; los Muriel, los Dionisios, entonces de moda sus toros y que llegaban cada tarde desde Villavieja de Yeltes; Jos\u00e9 Mat\u00edas El Raboso, listo como el hambre con su aspecto r\u00fastico y siempre acompa\u00f1ado de su hijo Domingo; don Luis S\u00e1nchez-Urbina, ganadero del Sierro y gran se\u00f1or del Campo Charro; los Fraile, que a\u00fan hermanados -salvo Juan Luis- ya disfrutan del \u00e9xito con el hierro del Puerto de San Lorenzo. Y alguno m\u00e1s que se olvida de manera involuntaria en esa Salamanca ganadera de post\u00edn.<\/p>\n<p style=\"text-align: justify;\"><strong>Los ochenta, taurinamente, en Salamanca fueron un lujo y los m\u00e1s afamados reventas llegaban una semana antes de comenzar el ciclo sabedores de inmenso negocio que hac\u00edan en esta feria<\/strong>, donde en ocasiones se vend\u00edan las entradas hasta varias veces sobre el precio de su valor real, junto a ellos llegaba otra tropa de trileros y carteristas que andaban cada tarde al acecho de despistados bajo al amparo de la una feria inolvidable. Una feria que tra\u00eda los m\u00e1s populares nombres de la prensa nacional y, uno de esas ma\u00f1anas, <strong>Atanasio Fern\u00e1ndez los invitaba a comer a Campo Cerrado, su finca y en la misma que se instalaba Paquirri cuando toreaba en La Glorieta,<\/strong> lo mismo que hicieron antes muchos toreros. Tambi\u00e9n <strong>era tradicional la comida ofrecida a la prensa por Alipio y Mar\u00eda Lourdes<\/strong>, matrimonio tan querido por los taurinos y que tanto bien hicieron a quien llam\u00f3 a sus puertas.<\/p>\n<p style=\"text-align: justify;\"><strong>Escribo este art\u00edculo con la tinta de la nostalgia cuando ya se\u00a0peinan canas<\/strong> y pareciendo tan milagroso como casi imposible que haya transcurrido tanto tiempo por muy joven que uno empezara este oficio. Tambi\u00e9n<strong> lo escribo desde la tristeza de ver c\u00f3mo esta Fiesta se pierde \u00a0y, sin remedio, sigue su particular cuesta abajo abrazada a un triunfalismo que es otro de sus graves males,<\/strong> sin respeto al toro -lo del actual afeitado y la indultitius es grav\u00edsimo-, ni tampoco al p\u00fablico que se ve obligado a pagar precios insultantes por las entradas. Y lo peor es que dentro de otros treinta a\u00f1os y ocho no seguiremos cont\u00e1ndolo, porque ni la Fiesta seguir\u00e1 -si esto siga as\u00ed-, ni tampoco \u00a0estar\u00e1 servidor -que ya andar\u00e1 criando malvas-.<\/p>\n<p style=\"text-align: justify;\">\u00a0<\/p>\n","protected":false},"excerpt":{"rendered":"Estamos en el ecuador de la feria de Salamanca y los recuerdos abriendo de par en par los&hellip;\n","protected":false},"author":2,"featured_media":117066,"comment_status":"","ping_status":"","sticky":false,"template":"","format":"standard","meta":{"footnotes":""},"categories":[277],"tags":[373,168,25,24,23,167,374],"class_list":{"0":"post-117065","1":"post","2":"type-post","3":"status-publish","4":"format-standard","5":"has-post-thumbnail","7":"category-toreo","8":"tag-bullfighting","9":"tag-deportes","10":"tag-es","11":"tag-espana","12":"tag-spain","13":"tag-sports","14":"tag-toreo"},"share_on_mastodon":{"url":"","error":""},"_links":{"self":[{"href":"https:\/\/www.europesays.com\/es\/wp-json\/wp\/v2\/posts\/117065","targetHints":{"allow":["GET"]}}],"collection":[{"href":"https:\/\/www.europesays.com\/es\/wp-json\/wp\/v2\/posts"}],"about":[{"href":"https:\/\/www.europesays.com\/es\/wp-json\/wp\/v2\/types\/post"}],"author":[{"embeddable":true,"href":"https:\/\/www.europesays.com\/es\/wp-json\/wp\/v2\/users\/2"}],"replies":[{"embeddable":true,"href":"https:\/\/www.europesays.com\/es\/wp-json\/wp\/v2\/comments?post=117065"}],"version-history":[{"count":0,"href":"https:\/\/www.europesays.com\/es\/wp-json\/wp\/v2\/posts\/117065\/revisions"}],"wp:featuredmedia":[{"embeddable":true,"href":"https:\/\/www.europesays.com\/es\/wp-json\/wp\/v2\/media\/117066"}],"wp:attachment":[{"href":"https:\/\/www.europesays.com\/es\/wp-json\/wp\/v2\/media?parent=117065"}],"wp:term":[{"taxonomy":"category","embeddable":true,"href":"https:\/\/www.europesays.com\/es\/wp-json\/wp\/v2\/categories?post=117065"},{"taxonomy":"post_tag","embeddable":true,"href":"https:\/\/www.europesays.com\/es\/wp-json\/wp\/v2\/tags?post=117065"}],"curies":[{"name":"wp","href":"https:\/\/api.w.org\/{rel}","templated":true}]}}