{"id":117067,"date":"2025-09-15T17:58:09","date_gmt":"2025-09-15T17:58:09","guid":{"rendered":"https:\/\/www.europesays.com\/es\/117067\/"},"modified":"2025-09-15T17:58:09","modified_gmt":"2025-09-15T17:58:09","slug":"cuando-empieza-la-laver-cup-fechas-horarios-tv-y-donde-ver-el-torneo-en-directo-online","status":"publish","type":"post","link":"https:\/\/www.europesays.com\/es\/117067\/","title":{"rendered":"\u00bfCu\u00e1ndo empieza la Laver Cup? Fechas, horarios, TV y d\u00f3nde ver el torneo en directo online"},"content":{"rendered":"<p class=\"\">Tras finalizar la <a href=\"https:\/\/as.com\/noticias\/laver-cup\/\" target=\"_self\" rel=\"nofollow noopener\" title=\"https:\/\/as.com\/noticias\/laver-cup\/\">segunda ronda de los qualifiers de la Copa Davis<\/a> vuelve el tenis de m\u00e1ximo nivel este fin de semana. Del 19 al 21 de septiembre se disputa la<b> <\/b><a href=\"https:\/\/as.com\/noticias\/laver-cup\/\" target=\"_self\" rel=\"nofollow noopener\" title=\"https:\/\/as.com\/noticias\/laver-cup\/\"><b>Laver Cup<\/b><\/a>, torneo que comenz\u00f3 en 2017 y que <b>enfrenta a los equipos de Europa y Resto del Mundo<\/b>. Esta edici\u00f3n tendr\u00e1 lugar en San Francisco, Estados Unidos, concretamente en el <b>Chase Center<\/b>, casa de los Golden State Warriors de la NBA.<\/p>\n<p class=\"\">El equipo de Europa, capitaneado por Yannick Noah, estar\u00e1 formado por <b>Carlos Alcaraz, Alexander Zverev, Casper Ruud, Holger Rune, Jakub Mnesik y Flavio Cobolli<\/b>. Por otro lado, el equipo Resto del Mundo, capitaneado por Andre Agassi, lo forman <b>Taylor Fritz, Alex de Mi\u00f1aur, Joao Fonseca, Alex Michelsen, Reilly Opelka y Francisco Cer\u00fandolo.<\/b><\/p>\n<p>Fechas y horarios de la Laver Cup 2025: \u00bfa qu\u00e9 hora empiezan los partidos?<\/p>\n<p class=\"\"><b>Viernes 19 de septiembre:<\/b><\/p>\n<p class=\"\">Primera sesi\u00f3n, desde las 22:00 (hora espa\u00f1ola)<\/p>\n<p class=\"\">Partido individual 1<\/p>\n<p class=\"\">A continuaci\u00f3n<\/p>\n<p class=\"\">Partido individual 2<\/p>\n<p class=\"\">Segunda sesi\u00f3n, desde las 04:00 (hora espa\u00f1ola)<\/p>\n<p class=\"\">Partido individual 3<\/p>\n<p class=\"\">A continuaci\u00f3n<\/p>\n<p class=\"\">Partido de dobles<\/p>\n<p class=\"\"><b>S\u00e1bado 20 de septiembre:<\/b><\/p>\n<p class=\"\">Primera sesi\u00f3n, desde las 22:00 (hora espa\u00f1ola)<\/p>\n<p class=\"\">Partido individual 1<\/p>\n<p class=\"\">A continuaci\u00f3n<\/p>\n<p class=\"\">Partido individual 2<\/p>\n<p class=\"\">Segunda sesi\u00f3n, desde las 04:00 (hora espa\u00f1ola)<\/p>\n<p class=\"\">Partido individual 3<\/p>\n<p class=\"\">A continuaci\u00f3n<\/p>\n<p class=\"\">Partido de dobles<\/p>\n<p class=\"\"><b>Domingo 21 de septiembre:<\/b><\/p>\n<p class=\"\">Primera y \u00fanica sesi\u00f3n, desde las 21:00 (hora espa\u00f1ola)<\/p>\n<p class=\"\">Partido de dobles<\/p>\n<p class=\"\">A continuaci\u00f3n<\/p>\n<p class=\"\">Partido individual (solo en caso de ser necesario)<\/p>\n<p class=\"\">A continuaci\u00f3n<\/p>\n<p class=\"\">Partido individual (solo en caso de ser necesario)<\/p>\n<p class=\"\">A continuaci\u00f3n<\/p>\n<p class=\"\">Partido individual (solo en caso de ser necesario)<\/p>\n<p class=\"\">A continuaci\u00f3n<\/p>\n<p class=\"\">Final en partido de dobles (solo en caso de un empate a 12)<\/p>\n<p>D\u00f3nde ver la Laver Cup 2025 en TV y online<\/p>\n<p class=\"\">El torneo se podr\u00e1 <b>ver en TV a trav\u00e9s de Movistar+, Eurosport y HBO Max<\/b>. Adem\u00e1s, en <b>As.com<\/b>, se podr\u00e1 seguir todo lo que ocurra en la <b>Laver Cup 2025 al detalle<\/b>. Con nosotros, tendr\u00e1s el d\u00eda a d\u00eda del torneo, con directos que cubrir\u00e1n las tres jornadas de forma \u00edntegra.<\/p>\n<p>Noticias relacionadas<a href=\"https:\/\/as.com\/tenis\/mas_tenis\/asi-es-el-criterio-por-el-que-se-eligen-a-los-tenistas-que-participan-en-la-laver-cup-n\/\" class=\"s_m_w\" title=\"Este torneo cuenta con los mejores tenistas del circuito profesional masculino y con los nombres m\u00e1s destacables. Conoce c\u00f3mo se eligen a los jugadores que disputan la competici\u00f3n.\" data-tb-link=\"\" rel=\"nofollow noopener\" target=\"_blank\"><img decoding=\"async\" src=\"https:\/\/www.europesays.com\/es\/wp-content\/uploads\/2025\/09\/CG7EXJFEKBFZPASLKRZHRX5CJY.jpg\" alt=\"As\u00ed es el criterio por el que se eligen a los tenistas que participan en la Laver Cup\" class=\"\" height=\"1\" width=\"1\"   loading=\"lazy\" data-tb-thumbnail=\"\"\/><\/a><a href=\"https:\/\/as.com\/tenis\/mas_tenis\/asi-es-el-criterio-por-el-que-se-eligen-a-los-tenistas-que-participan-en-la-laver-cup-n\/\" class=\"s_m_w\" title=\"Este torneo cuenta con los mejores tenistas del circuito profesional masculino y con los nombres m\u00e1s destacables. Conoce c\u00f3mo se eligen a los jugadores que disputan la competici\u00f3n.\" data-tb-link=\"\" rel=\"nofollow noopener\" target=\"_blank\"><img decoding=\"async\" src=\"https:\/\/www.europesays.com\/es\/wp-content\/uploads\/2025\/09\/GI56MSK5LR6I5PIDBAVDZCBGZE.jpg\" alt=\"\u00bfC\u00f3mo se elige a los tenistas que participan en la Laver Cup?\" class=\"\" height=\"1\" width=\"1\"   loading=\"lazy\" data-tb-thumbnail=\"\"\/><\/a><\/p>\n<p class=\"\"><b>\u00a1Tus opiniones importan!<\/b> Comenta en los art\u00edculos y suscr\u00edbete gratis a nuestra <a href=\"https:\/\/asfan.as.com\/newsletters\/\" target=\"_blank\" rel=\"nofollow noopener\" title=\"https:\/\/asfan.as.com\/newsletters\/\">newsletter<\/a> y a las alertas informativas en la <a href=\"https:\/\/as.com\/aplicacion-de-as-n\/\" target=\"_blank\" rel=\"nofollow noopener\" title=\"https:\/\/as.com\/aplicacion-de-as-n\/\">App<\/a> o el canal de <a href=\"https:\/\/www.whatsapp.com\/channel\/0029VaAasdA7j6g745nz9M10\" target=\"_blank\" rel=\"nofollow noopener\" title=\"https:\/\/www.whatsapp.com\/channel\/0029VaAasdA7j6g745nz9M10\">WhatsApp<\/a>.<\/p>\n<p class=\"\">\u00bfBuscas licenciar contenido? Haz clic <a href=\"https:\/\/profesional.elpais.com\/soluciones-sindicacion?utm_medium=interno&amp;utm_source=crosslinking&amp;utm_campaign=sindicacion_as_pie_articulos\" target=\"_blank\" rel=\"nofollow noopener\" title=\"https:\/\/profesional.elpais.com\/soluciones-sindicacion?utm_medium=interno&amp;utm_source=crosslinking&amp;utm_campaign=sindicacion_as_pie_articulos\">aqu\u00ed<\/a><\/p>\n","protected":false},"excerpt":{"rendered":"Tras finalizar la segunda ronda de los qualifiers de la Copa Davis vuelve el tenis de m\u00e1ximo nivel&hellip;\n","protected":false},"author":2,"featured_media":117068,"comment_status":"","ping_status":"","sticky":false,"template":"","format":"standard","meta":{"footnotes":""},"categories":[274],"tags":[168,25,24,23,167,327,326],"class_list":{"0":"post-117067","1":"post","2":"type-post","3":"status-publish","4":"format-standard","5":"has-post-thumbnail","7":"category-tenis","8":"tag-deportes","9":"tag-es","10":"tag-espana","11":"tag-spain","12":"tag-sports","13":"tag-tenis","14":"tag-tennis"},"share_on_mastodon":{"url":"","error":""},"_links":{"self":[{"href":"https:\/\/www.europesays.com\/es\/wp-json\/wp\/v2\/posts\/117067","targetHints":{"allow":["GET"]}}],"collection":[{"href":"https:\/\/www.europesays.com\/es\/wp-json\/wp\/v2\/posts"}],"about":[{"href":"https:\/\/www.europesays.com\/es\/wp-json\/wp\/v2\/types\/post"}],"author":[{"embeddable":true,"href":"https:\/\/www.europesays.com\/es\/wp-json\/wp\/v2\/users\/2"}],"replies":[{"embeddable":true,"href":"https:\/\/www.europesays.com\/es\/wp-json\/wp\/v2\/comments?post=117067"}],"version-history":[{"count":0,"href":"https:\/\/www.europesays.com\/es\/wp-json\/wp\/v2\/posts\/117067\/revisions"}],"wp:featuredmedia":[{"embeddable":true,"href":"https:\/\/www.europesays.com\/es\/wp-json\/wp\/v2\/media\/117068"}],"wp:attachment":[{"href":"https:\/\/www.europesays.com\/es\/wp-json\/wp\/v2\/media?parent=117067"}],"wp:term":[{"taxonomy":"category","embeddable":true,"href":"https:\/\/www.europesays.com\/es\/wp-json\/wp\/v2\/categories?post=117067"},{"taxonomy":"post_tag","embeddable":true,"href":"https:\/\/www.europesays.com\/es\/wp-json\/wp\/v2\/tags?post=117067"}],"curies":[{"name":"wp","href":"https:\/\/api.w.org\/{rel}","templated":true}]}}