{"id":117069,"date":"2025-09-15T17:59:12","date_gmt":"2025-09-15T17:59:12","guid":{"rendered":"https:\/\/www.europesays.com\/es\/117069\/"},"modified":"2025-09-15T17:59:12","modified_gmt":"2025-09-15T17:59:12","slug":"cuanto-dinero-se-lleva-jonas-vingegaard-por-ganar-la-vuelta-a-espana","status":"publish","type":"post","link":"https:\/\/www.europesays.com\/es\/117069\/","title":{"rendered":"\u00bfCu\u00e1nto dinero se lleva Jonas Vingegaard por ganar La Vuelta a Espa\u00f1a?"},"content":{"rendered":"<p class=\"\"><a href=\"https:\/\/as.com\/noticias\/jonas-vingegaard-rasmussen\/\" target=\"_self\" rel=\"nofollow noopener\" title=\"https:\/\/as.com\/noticias\/jonas-vingegaard-rasmussen\/\">Jonas Vingegaard<\/a> (Team Visma) <a href=\"https:\/\/as.com\/ciclismo\/vuelta_espana\/vingegaard-ganar-aqui-en-la-bola-del-mundo-es-especial-n\/\" target=\"_self\" rel=\"nofollow noopener\" title=\"https:\/\/as.com\/ciclismo\/vuelta_espana\/vingegaard-ganar-aqui-en-la-bola-del-mundo-es-especial-n\/\">so\u00f1aba con ganar La Vuelta a Espa\u00f1a<\/a> y este 2025 lo ha conseguido <a href=\"https:\/\/as.com\/ciclismo\/vuelta_espana\/vingegaard-sella-la-vuelta-a-lo-campeon-n\/\" target=\"_self\" rel=\"nofollow noopener\" title=\"https:\/\/as.com\/ciclismo\/vuelta_espana\/vingegaard-sella-la-vuelta-a-lo-campeon-n\/\">tras finiquitar el pulso con Joao Almeida en la Bola del Mundo<\/a>. El ciclista dan\u00e9s, ganador de la general y de cinco etapas a lo largo de la carrera espa\u00f1ola, se llevar\u00e1 la parte m\u00e1s importante de un premio total de 1.115.775 \u20ac. <b>En total, Vingegaard percibir\u00e1 228.245 \u20ac <\/b>procedentes de la suma de diferentes m\u00e9ritos que se repasar\u00e1n a continuaci\u00f3n. Cada uno recompensado por <b>las cantidades especificadas en la siguiente tabla<\/b>:<\/p>\n<tr>Premios econ\u00f3micos en La Vuelta a Espa\u00f1a 2025PrimeroSegundoTercero<\/tr>\n<tr>\n<td>General<\/td>\n<td>150.000 \u20ac (500 \u20ac por etapa)<\/td>\n<td>57.985 \u20ac<\/td>\n<td>30.000 \u20ac<\/td>\n<\/tr>\n<tr>\n<td>Maillot verde (puntos)<\/td>\n<td>11.000 \u20ac (100 \u20ac por etapa)<\/td>\n<td>5.000 \u20ac<\/td>\n<td>2.000 \u20ac<\/td>\n<\/tr>\n<tr>\n<td>Maillot de la monta\u00f1a<\/td>\n<td>13.000 \u20ac (100 \u20ac por etapa)<\/td>\n<td>6.600 \u20ac<\/td>\n<td>3.500 \u20ac<\/td>\n<\/tr>\n<tr>\n<td>Clasificaci\u00f3n de los j\u00f3venes<\/td>\n<td>11.000 \u20ac (70 \u20ac por etapa)<\/td>\n<td>5.000 \u20ac<\/td>\n<td>2.000 \u20ac<\/td>\n<\/tr>\n<tr>\n<td>Clasificaci\u00f3n por equipos<\/td>\n<td>12.500 \u20ac<\/td>\n<td>7.500 \u20ac<\/td>\n<td>5.500 \u20ac<\/td>\n<\/tr>\n<tr>\n<td>Posiciones en etapas<\/td>\n<td>11.000 \u20ac<\/td>\n<td>5.500 \u20ac<\/td>\n<td>2.700 \u20ac<\/td>\n<\/tr>\n<p class=\"\">La parte m\u00e1s importante del montante que ingresar\u00e1 <b>Vingegaard<\/b>, por tanto, procede de su victoria en la general, <b>recompensada con 150.000 \u20ac<\/b>. Por etapas, <b>el dan\u00e9s se embolsar\u00e1 68.700 \u20ac<\/b>, desglosados en 11.000 \u20ac por cada una de sus cinco victorias, 5.500 \u20ac por dos segundas posiciones y 2.700 \u20ac por un tercer puesto. Por otro lado, <b>recibir\u00e1 7.000 \u20ac<\/b> tras haber vestido el maillot rojo durante 14 etapas, <b>as\u00ed como 2.545 \u20ac<\/b> por las bonificaciones conseguidas en los puertos y sprints intermedios, y por liderar la clasificaci\u00f3n de monta\u00f1a y de puntos en dos ocasiones. <b>En total, la suma asciende a los 228.245 \u20ac<\/b>.<\/p>\n<p class=\"\">M\u00e1s all\u00e1 de <b>Vingegaard<\/b>, centrando la atenci\u00f3n en las cantidades m\u00e1s importantes, <b>Joao Almeida (UAE) ingresar\u00e1 los 57.985 \u20ac<\/b> como segundo de la general <b>y Tom Pidcock los 30.000\u20ac del tercero<\/b>. Finalmente, <b>Mads Pedersen (Lidl-Trek)<\/b> se llevar\u00e1 los 11.000 \u20ac del maillot verde, <b>Jay Vine (UAE)<\/b> los 13.000 \u20ac del maillot de monta\u00f1a y el propio <b>UAE<\/b> los 12.500 \u20ac destinados al mejor equipo de la carrera.<\/p>\n<p>Noticias relacionadas<a href=\"https:\/\/as.com\/ciclismo\/vuelta_espana\/el-caos-se-apodera-del-final-de-la-vuelta-en-madrid-n\/\" class=\"s_m_w\" title=\"Los manifestantes a favor de Palestina bloquearon las carreteras de Madrid, haciendo imposible el transcurso de una Vuelta que lleg\u00f3 a su fin sin meta.\" data-tb-link=\"\" rel=\"nofollow noopener\" target=\"_blank\"><img decoding=\"async\" src=\"https:\/\/www.europesays.com\/es\/wp-content\/uploads\/2025\/09\/1757959152_285_SIPSQLHUOBL6NDZKVX2EFREKYU.jpg\" alt=\"El caos se apodera del final de La Vuelta en Madrid\" class=\"\" height=\"1\" width=\"1\"   loading=\"lazy\" data-tb-thumbnail=\"\"\/><\/a><a href=\"https:\/\/as.com\/ciclismo\/palmares-de-ganadores-de-la-vuelta-a-espana-todos-los-campeones-n\/\" class=\"s_m_w\" title=\"Jonas Vingegaard se corona por primera vez en la ronda espa\u00f1ola y sucede en la relaci\u00f3n de ganadores a Primoz Roglic.&#010;\" data-tb-link=\"\" rel=\"nofollow noopener\" target=\"_blank\"><img decoding=\"async\" src=\"https:\/\/www.europesays.com\/es\/wp-content\/uploads\/2025\/09\/1757959152_553_WL2IWKYZT5AGVDLYRBBWG6HFA4.JPG\" alt=\"Palmar\u00e9s de ganadores de la Vuelta a Espa\u00f1a: todos los campeones a\u00f1o a a\u00f1o\" class=\"\" height=\"1\" width=\"1\"   loading=\"lazy\" data-tb-thumbnail=\"\"\/><\/a><\/p>\n<p class=\"\"><b>\u00a1Tus opiniones importan! <\/b>Comenta en los art\u00edculos y suscr\u00edbete gratis a nuestra <a href=\"https:\/\/asfan.as.com\/newsletters\/\" rel=\"nofollow noopener\" title=\"https:\/\/asfan.as.com\/newsletters\/\" target=\"_blank\">newsletter<\/a> y a las alertas informativas en la <a href=\"https:\/\/as.com\/aplicacion-de-as-n\/\" rel=\"nofollow noopener\" title=\"https:\/\/as.com\/aplicacion-de-as-n\/\" target=\"_blank\">App<\/a> o el canal de <a href=\"https:\/\/www.whatsapp.com\/channel\/0029VaAasdA7j6g745nz9M10\" rel=\"nofollow noopener\" title=\"https:\/\/www.whatsapp.com\/channel\/0029VaAasdA7j6g745nz9M10\" target=\"_blank\">WhatsApp<\/a>. <\/p>\n<p class=\"\">\u00bfBuscas licenciar contenido? Haz clic<a href=\"https:\/\/profesional.elpais.com\/soluciones-sindicacion?utm_medium=interno&amp;utm_source=crosslinking&amp;utm_campaign=sindicacion_as_pie_articulos\" rel=\"nofollow noopener\" title=\"https:\/\/profesional.elpais.com\/soluciones-sindicacion?utm_medium=interno&amp;utm_source=crosslinking&amp;utm_campaign=sindicacion_as_pie_articulos\" target=\"_blank\">aqu\u00ed<\/a><\/p>\n","protected":false},"excerpt":{"rendered":"Jonas Vingegaard (Team Visma) so\u00f1aba con ganar La Vuelta a Espa\u00f1a y este 2025 lo ha conseguido tras&hellip;\n","protected":false},"author":2,"featured_media":117070,"comment_status":"","ping_status":"","sticky":false,"template":"","format":"standard","meta":{"footnotes":""},"categories":[273],"tags":[313,312,168,25,24,23,167],"class_list":{"0":"post-117069","1":"post","2":"type-post","3":"status-publish","4":"format-standard","5":"has-post-thumbnail","7":"category-ciclismo","8":"tag-ciclismo","9":"tag-cycling","10":"tag-deportes","11":"tag-es","12":"tag-espana","13":"tag-spain","14":"tag-sports"},"share_on_mastodon":{"url":"","error":""},"_links":{"self":[{"href":"https:\/\/www.europesays.com\/es\/wp-json\/wp\/v2\/posts\/117069","targetHints":{"allow":["GET"]}}],"collection":[{"href":"https:\/\/www.europesays.com\/es\/wp-json\/wp\/v2\/posts"}],"about":[{"href":"https:\/\/www.europesays.com\/es\/wp-json\/wp\/v2\/types\/post"}],"author":[{"embeddable":true,"href":"https:\/\/www.europesays.com\/es\/wp-json\/wp\/v2\/users\/2"}],"replies":[{"embeddable":true,"href":"https:\/\/www.europesays.com\/es\/wp-json\/wp\/v2\/comments?post=117069"}],"version-history":[{"count":0,"href":"https:\/\/www.europesays.com\/es\/wp-json\/wp\/v2\/posts\/117069\/revisions"}],"wp:featuredmedia":[{"embeddable":true,"href":"https:\/\/www.europesays.com\/es\/wp-json\/wp\/v2\/media\/117070"}],"wp:attachment":[{"href":"https:\/\/www.europesays.com\/es\/wp-json\/wp\/v2\/media?parent=117069"}],"wp:term":[{"taxonomy":"category","embeddable":true,"href":"https:\/\/www.europesays.com\/es\/wp-json\/wp\/v2\/categories?post=117069"},{"taxonomy":"post_tag","embeddable":true,"href":"https:\/\/www.europesays.com\/es\/wp-json\/wp\/v2\/tags?post=117069"}],"curies":[{"name":"wp","href":"https:\/\/api.w.org\/{rel}","templated":true}]}}