{"id":117071,"date":"2025-09-15T18:00:08","date_gmt":"2025-09-15T18:00:08","guid":{"rendered":"https:\/\/www.europesays.com\/es\/117071\/"},"modified":"2025-09-15T18:00:08","modified_gmt":"2025-09-15T18:00:08","slug":"f1-cual-es-el-mejor-puesto-en-el-que-pueden-terminar-los-autos-de-alpine-en-2025-segun-pierre-gasly","status":"publish","type":"post","link":"https:\/\/www.europesays.com\/es\/117071\/","title":{"rendered":"F1: cu\u00e1l es el mejor puesto en el que pueden terminar los autos de Alpine en 2025, seg\u00fan Pierre Gasly"},"content":{"rendered":"<p class=\"left paragraph font__body-regular\">La <a href=\"https:\/\/tn.com.ar\/deportes\/automovilismo\/2025\/09\/13\/gran-premio-de-azerbaiyan-de-formula-1-cuando-corre-franco-colapinto-y-a-que-hora-ver-la-carrera\/\" target=\"_blank\" rel=\"noreferrer nofollow noopener\" title=\"https:\/\/tn.com.ar\/deportes\/automovilismo\/2025\/09\/13\/gran-premio-de-azerbaiyan-de-formula-1-cuando-corre-franco-colapinto-y-a-que-hora-ver-la-carrera\/\"><b>F\u00f3rmula 1<\/b><\/a> volver\u00e1 a la actividad el pr\u00f3ximo fin de semana en el <b>Gran Premio de Azerbaiy\u00e1n<\/b>. Luego de una carrera para el olvido en Monza, los <b>pilotos de Alpine esperan poder mejorar su desempe\u00f1o<\/b> aunque tienen en claro cu\u00e1les son los l\u00edmites del auto. As\u00ed lo dej\u00f3 en claro el franc\u00e9s <b>Pierre Gasly<\/b>, compa\u00f1ero de<b> Franco Colapinto.<\/b><\/p>\n<p class=\"left paragraph font__body-regular\"><b>Le\u00e9 tambi\u00e9n:<\/b><a href=\"https:\/\/tn.com.ar\/deportes\/automovilismo\/2025\/09\/14\/el-periodista-juan-fossaroli-hablo-sobre-el-futuro-de-franco-colapinto-y-les-respondio-a-los-que-lo-critican\/\" target=\"_blank\" rel=\"noreferrer nofollow noopener\" title=\"https:\/\/tn.com.ar\/deportes\/automovilismo\/2025\/09\/14\/el-periodista-juan-fossaroli-hablo-sobre-el-futuro-de-franco-colapinto-y-les-respondio-a-los-que-lo-critican\/\"><b> <\/b><b>El periodista Juan Fossaroli habl\u00f3 sobre el futuro de Franco Colapinto y les respondi\u00f3 a los que lo critican<\/b><\/a><\/p>\n<p class=\"left paragraph font__body-regular\">\u201cAhora mismo estoy muy enfocado en el pr\u00f3ximo a\u00f1o.<b> Nuestro mejor rendimiento (en 2025) ser\u00e1 probablemente 16\u00ba o 17\u00ba.<\/b> No es realmente lo que buscamos, pero se trata m\u00e1s de preparar a todo el equipo para luchar por un resultado mucho mayor el a\u00f1o que viene\u201d, dijo Gasly en declaraciones publicadas por Motorsport. <\/p>\n<p class=\"paragraph font__body-regular\">Y agreg\u00f3: \u201cLa presi\u00f3n probablemente ser\u00e1 diferente y no es lo mismo cuando llegas a un fin de semana y al d\u00eda de la carrera. Creo que tenemos que prepararnos para eso. Como digo, no importa por qu\u00e9 posici\u00f3n luches, igual tienes que ejecutar todo de la mejor manera\u201d.<\/p>\n<p>El an\u00e1lisis de Pierre Gasly sobre los autos de Alpine<\/p>\n<p class=\"left paragraph font__body-regular\">El piloto franc\u00e9s dej\u00f3 en claro que todos los integrantes del equipo conocen los<b> puntos flojos del auto<\/b> y lo calific\u00f3 como algo \u201cglobal\u201d, que incluye<b> al chasis y al motor. <\/b><\/p>\n<p><img decoding=\"async\" loading=\"lazy\" fetchpriority=\"low\" data-testid=\"loading-testid\" class=\"image content-image image_placeholder\" alt=\"Gasly dej\u00f3 en claro que el chasis y el motor son los puntos flojos del auto de Alpine en 2025 (Foto: AP Foto\/Luca Bruno)\" width=\"767\" height=\"511\" src=\"https:\/\/www.europesays.com\/es\/wp-content\/uploads\/2025\/09\/gasly-dejo-en-claro-que-el-chasis-y-el-motor-son-los-puntos-flojos-del-auto-de-alpine-en-2025-foto-a.jpeg\"\/><\/p>\n<p>Gasly dej\u00f3 en claro que el chasis y el motor son los puntos flojos del auto de Alpine en 2025 (Foto: AP Foto\/Luca Bruno)<\/p>\n<p class=\"paragraph font__body-regular\">De todos modos, recalc\u00f3 que el enfoque, m\u00e1s all\u00e1 de c\u00f3mo rinda el auto, \u201ctiene que ser perfecto cada fin de semana\u201d.<\/p>\n<p class=\"left paragraph font__body-regular\">\u201cYa sea que est\u00e9s luchando por ganar una carrera o por un puesto 18, <b>al final tienes que poner la misma dedicaci\u00f3n, el mismo compromiso.<\/b> Creo que todos estamos de acuerdo en que eso es lo que queremos lograr como equipo, porque <b>el auto no va a cambiar<\/b>\u201d, sostuvo.<\/p>\n<p class=\"paragraph font__body-regular\">Para finalizar, llam\u00f3 a concentrarse para \u201csacar lo mejor de lo que est\u00e1 bajo nuestro control\u201d.<\/p>\n<p>F\u00f3rmula 1: fecha y horarios del Gran Premio de Azerbaiy\u00e1n<\/p>\n<p class=\"paragraph font__body-regular\"><b>Viernes 19 de septiembre<\/b><\/p>\n<ul class=\"ul__list list\">\n<li class=\"list__item\">5.30 Pr\u00e1ctica Libre 1<\/li>\n<li class=\"list__item\">9 Pr\u00e1ctica Libre 2<\/li>\n<\/ul>\n<p class=\"paragraph font__body-regular\"><b>S\u00e1bado 20 de septiembre<\/b><\/p>\n<ul class=\"ul__list list\">\n<li class=\"list__item\">5.30 Pr\u00e1ctica Libre 3<\/li>\n<li class=\"list__item\">9 Clasificaci\u00f3n<\/li>\n<\/ul>\n<p class=\"paragraph font__body-regular\"><b>Domingo 21 de septiembre<\/b><\/p>\n<p class=\"paragraph font__body-regular\">Los horarios corresponden a la Argentina.<\/p>\n","protected":false},"excerpt":{"rendered":"La F\u00f3rmula 1 volver\u00e1 a la actividad el pr\u00f3ximo fin de semana en el Gran Premio de Azerbaiy\u00e1n.&hellip;\n","protected":false},"author":2,"featured_media":117072,"comment_status":"","ping_status":"","sticky":false,"template":"","format":"standard","meta":{"footnotes":""},"categories":[270],"tags":[1331,168,25,24,306,271,272,1330,23,167],"class_list":{"0":"post-117071","1":"post","2":"type-post","3":"status-publish","4":"format-standard","5":"has-post-thumbnail","7":"category-formula-1","8":"tag-alpine","9":"tag-deportes","10":"tag-es","11":"tag-espana","12":"tag-f1","13":"tag-formula-1","14":"tag-formula1","15":"tag-pierre-gasly","16":"tag-spain","17":"tag-sports"},"share_on_mastodon":{"url":"","error":""},"_links":{"self":[{"href":"https:\/\/www.europesays.com\/es\/wp-json\/wp\/v2\/posts\/117071","targetHints":{"allow":["GET"]}}],"collection":[{"href":"https:\/\/www.europesays.com\/es\/wp-json\/wp\/v2\/posts"}],"about":[{"href":"https:\/\/www.europesays.com\/es\/wp-json\/wp\/v2\/types\/post"}],"author":[{"embeddable":true,"href":"https:\/\/www.europesays.com\/es\/wp-json\/wp\/v2\/users\/2"}],"replies":[{"embeddable":true,"href":"https:\/\/www.europesays.com\/es\/wp-json\/wp\/v2\/comments?post=117071"}],"version-history":[{"count":0,"href":"https:\/\/www.europesays.com\/es\/wp-json\/wp\/v2\/posts\/117071\/revisions"}],"wp:featuredmedia":[{"embeddable":true,"href":"https:\/\/www.europesays.com\/es\/wp-json\/wp\/v2\/media\/117072"}],"wp:attachment":[{"href":"https:\/\/www.europesays.com\/es\/wp-json\/wp\/v2\/media?parent=117071"}],"wp:term":[{"taxonomy":"category","embeddable":true,"href":"https:\/\/www.europesays.com\/es\/wp-json\/wp\/v2\/categories?post=117071"},{"taxonomy":"post_tag","embeddable":true,"href":"https:\/\/www.europesays.com\/es\/wp-json\/wp\/v2\/tags?post=117071"}],"curies":[{"name":"wp","href":"https:\/\/api.w.org\/{rel}","templated":true}]}}