{"id":117075,"date":"2025-09-15T18:02:10","date_gmt":"2025-09-15T18:02:10","guid":{"rendered":"https:\/\/www.europesays.com\/es\/117075\/"},"modified":"2025-09-15T18:02:10","modified_gmt":"2025-09-15T18:02:10","slug":"quien-marco-un-nuevo-camino-en-tajonar","status":"publish","type":"post","link":"https:\/\/www.europesays.com\/es\/117075\/","title":{"rendered":"Quien marc\u00f3 un nuevo camino en Tajonar"},"content":{"rendered":"<p>\n        El destino a veces escribe cap\u00edtulos que parecen cerrarse con un c\u00edrculo perfecto.<a href=\"https:\/\/www.noticiasdenavarra.com\/tags\/iker-benito\/\" title=\"Iker Benito\" class=\"link copy\" rel=\"nofollow noopener\" target=\"_blank\"> Iker Benito<\/a>, aquel joven que lleg\u00f3 a la cantera de <a href=\"https:\/\/www.noticiasdenavarra.com\/tags\/osasuna\/\" title=\"Osasuna\" class=\"link copy\" rel=\"nofollow noopener\" target=\"_blank\">Osasuna <\/a>con la ilusi\u00f3n intacta y una maleta cargada de sue\u00f1os, celebr\u00f3 ayer su primer gol con el primer equipo. Hoy, inevitablemente, muchos rojillos recuerdan aquel fichaje que, en su d\u00eda, pas\u00f3 casi desapercibido para el gran p\u00fablico, pero que marc\u00f3 el inicio de una historia de entrega, constancia y amor por el club y sobre todo marc\u00f3 el primer hito de la nueva \u00e9poca de <strong>\u00c1ngel Alcalde<\/strong> como director de <strong>Tajonar<\/strong>. Ahora, siete a\u00f1os despu\u00e9s, <strong>Iker Benito<\/strong> se estren\u00f3 en <strong>Primera Divisi\u00f3n<\/strong> con un tanto que cerr\u00f3 la victoria ante el <strong>Rayo Vallecano<\/strong>.\n<\/p>\n<p class=\"article-body__text \">\n        <strong>Benito<\/strong> fue, junto a <strong>Iker Mu\u00f1oz<\/strong> u otros como <strong>Cristian Mutilva<\/strong> (ahora en la \u00f3rbita del <strong>Athletic<\/strong>), el primer fichaje de la era de <strong>\u00c1ngel Alcalde<\/strong> como director de <strong>Tajonar<\/strong>, una apuesta en la que tambi\u00e9n tuvo un papel clave el que por aquel entonces era su mano derecha, <strong>F\u00e9lix Vergara<\/strong>. Esa decisi\u00f3n se convirti\u00f3 en un punto de partida simb\u00f3lico para un proyecto que siempre ha tenido como bandera la formaci\u00f3n y el talento de la casa y que ha ido reconstruy\u00e9ndose con el paso del tiempo.\n<\/p>\n<p class=\"article-body__text \">\n        \u201c<a href=\"https:\/\/www.noticiasdenavarra.com\/osasuna\/2025\/01\/26\/entrevista-angel-alcalde-tajonar-universidad-9202593.html\" title=\"En ese momento llego con F\u00e9lix Vergara y \u00e9l es capaz de hablar con esas familias de esos jugadores y ellos demostraron un gran sentimiento de pertenencia y de creencia en Osasuna, ya que en ese momento les dijimos lo que \u00edbamos a hacer, pero no hab\u00eda nada tangible para demostrarlo. Era hablar de futuro y con eso fue suficiente. Y eso me hace estar m\u00e1s que orgulloso, estoy agradecido. Su osasunismo les hizo apostar por nosotros en ese momento tan cr\u00edtico para Osasuna\" class=\"link copy\" rel=\"nofollow noopener\" target=\"_blank\">En ese momento llego con F\u00e9lix Vergara y \u00e9l es capaz de hablar con esas familias de esos jugadores y ellos demostraron un gran sentimiento de pertenencia y de creencia en Osasuna, ya que en ese momento les dijimos lo que \u00edbamos a hacer, pero no hab\u00eda nada tangible para demostrarlo. Era hablar de futuro y con eso fue suficiente. Y eso me hace estar m\u00e1s que orgulloso, estoy agradecido. Su osasunismo les hizo apostar por nosotros en ese momento tan cr\u00edtico para Osasuna<\/a>\u201d, contaba <strong>\u00c1ngel Alcalde<\/strong> en una entrevista a este medio hace pocos meses.\n<\/p>\n<p class=\"article-body__text \">\n        Era <strong>2018<\/strong> cuando apenas hab\u00eda aterrizado la nueva gerencia de <strong>Tajonar<\/strong> y tuvieron claros sus objetivos. Por aquel entonces la cantera hab\u00eda sufrido los estragos de un club pasando por su mayor crisis institucional en a\u00f1os. <strong>Alcalde<\/strong> apost\u00f3 por ellos y logr\u00f3 convencerles tras una dura pelea con el <strong>Athletic<\/strong>, quien tambi\u00e9n quer\u00eda incorporarlos a <strong>Lezama<\/strong>.\n<\/p>\n<p>  DOS CESIONES<\/p>\n<p class=\"article-body__text \">\n        El camino hasta ese gol no ha sido sencillo. Tras despuntar en <strong>Tajonar<\/strong>, <strong>Iker<\/strong> sali\u00f3 cedido al <strong>Andorra<\/strong> y m\u00e1s tarde al <strong>Mirand\u00e9s<\/strong>, donde coincidi\u00f3 con <strong>Alessio Lisci<\/strong> y continu\u00f3 forj\u00e1ndose como futbolista en el siempre exigente escenario de <strong>Segunda Divisi\u00f3n<\/strong>. Aquellas experiencias, lejos de casa, curtieron al extremo navarro y le dieron la madurez necesaria para regresar a <strong>Pamplona<\/strong> con m\u00e1s recursos y confianza.\n<\/p>\n<p class=\"article-body__text \">\n        <a href=\"https:\/\/www.noticiasdenavarra.com\/osasuna\/2025\/09\/15\/sido-mejor-suenos-10084651.html\" title=\"\u201cEs mejor que en los sue\u00f1os. Ha sido un momento superbonito que no voy a olvidar nunca. Es una temporada importante para m\u00ed, estoy con muchas ganas y creo que va a ser un buen a\u00f1o\u201d,\" class=\"link copy\" rel=\"nofollow noopener\" target=\"_blank\">\u201cEs mejor que en los sue\u00f1os. Ha sido un momento superbonito que no voy a olvidar nunca. Es una temporada importante para m\u00ed, estoy con muchas ganas y creo que va a ser un buen a\u00f1o\u201d, <\/a>contaba emocionado tras acabar el encuentro del domingo contra el <strong>Rayo<\/strong>.\n<\/p>\n<p class=\"article-body__text \">\n        El gol del domingo no solo fue un premio a su talento, sino tambi\u00e9n a a\u00f1os de trabajo silencioso en <strong>Tajonar<\/strong>, donde forj\u00f3 su car\u00e1cter y su estilo de juego. El primer tanto de <strong>Iker Benito<\/strong> con el primer equipo simboliza mucho m\u00e1s que una estad\u00edstica: es la confirmaci\u00f3n de que el camino recorrido ha valido la pena. Para <strong>Osasuna<\/strong>, representa la esencia de su proyecto: confiar en la cantera y ver c\u00f3mo los sue\u00f1os de sus j\u00f3venes se hacen realidad con la camiseta rojilla.\n<\/p>\n<p class=\"article-body__text \">\n        El movimiento de <strong>2018<\/strong>, que entonces apenas ocup\u00f3 unas l\u00edneas en las noticias deportivas, cobra hoy una dimensi\u00f3n distinta. Siete a\u00f1os despu\u00e9s, <strong>Iker Benito<\/strong> ya ha debutado en <strong>Primera Divisi\u00f3n<\/strong> con <strong>Osasuna<\/strong>, ha sumado experiencia en <strong>Segunda<\/strong> con <strong>Andorra<\/strong> y <strong>Mirand\u00e9s<\/strong>, y se ha estrenado como goleador profesional. Todo ello partiendo de aquella apuesta inicial de <strong>\u00c1ngel Alcalde<\/strong> y <strong>F\u00e9lix Vergara<\/strong> que lo llev\u00f3 a <strong>Tajonar<\/strong> con apenas 16 a\u00f1os.<\/p>\n","protected":false},"excerpt":{"rendered":"El destino a veces escribe cap\u00edtulos que parecen cerrarse con un c\u00edrculo perfecto. Iker Benito, aquel joven que&hellip;\n","protected":false},"author":2,"featured_media":117076,"comment_status":"","ping_status":"","sticky":false,"template":"","format":"standard","meta":{"footnotes":""},"categories":[268],"tags":[11271,5141,168,25,24,280,282,12929,737,524,281,23,167],"class_list":{"0":"post-117075","1":"post","2":"type-post","3":"status-publish","4":"format-standard","5":"has-post-thumbnail","7":"category-futbol","8":"tag-benito","9":"tag-camino","10":"tag-deportes","11":"tag-es","12":"tag-espana","13":"tag-football","14":"tag-futbol","15":"tag-iker","16":"tag-marco","17":"tag-nuevo","18":"tag-soccer","19":"tag-spain","20":"tag-sports"},"share_on_mastodon":{"url":"","error":""},"_links":{"self":[{"href":"https:\/\/www.europesays.com\/es\/wp-json\/wp\/v2\/posts\/117075","targetHints":{"allow":["GET"]}}],"collection":[{"href":"https:\/\/www.europesays.com\/es\/wp-json\/wp\/v2\/posts"}],"about":[{"href":"https:\/\/www.europesays.com\/es\/wp-json\/wp\/v2\/types\/post"}],"author":[{"embeddable":true,"href":"https:\/\/www.europesays.com\/es\/wp-json\/wp\/v2\/users\/2"}],"replies":[{"embeddable":true,"href":"https:\/\/www.europesays.com\/es\/wp-json\/wp\/v2\/comments?post=117075"}],"version-history":[{"count":0,"href":"https:\/\/www.europesays.com\/es\/wp-json\/wp\/v2\/posts\/117075\/revisions"}],"wp:featuredmedia":[{"embeddable":true,"href":"https:\/\/www.europesays.com\/es\/wp-json\/wp\/v2\/media\/117076"}],"wp:attachment":[{"href":"https:\/\/www.europesays.com\/es\/wp-json\/wp\/v2\/media?parent=117075"}],"wp:term":[{"taxonomy":"category","embeddable":true,"href":"https:\/\/www.europesays.com\/es\/wp-json\/wp\/v2\/categories?post=117075"},{"taxonomy":"post_tag","embeddable":true,"href":"https:\/\/www.europesays.com\/es\/wp-json\/wp\/v2\/tags?post=117075"}],"curies":[{"name":"wp","href":"https:\/\/api.w.org\/{rel}","templated":true}]}}