{"id":117077,"date":"2025-09-15T18:03:08","date_gmt":"2025-09-15T18:03:08","guid":{"rendered":"https:\/\/www.europesays.com\/es\/117077\/"},"modified":"2025-09-15T18:03:08","modified_gmt":"2025-09-15T18:03:08","slug":"irene-montero-y-belarra-llevaron-al-menos-un-escolta-del-grupo-ultra-bukaneros-durante-su-boicot-a-la-vuelta","status":"publish","type":"post","link":"https:\/\/www.europesays.com\/es\/117077\/","title":{"rendered":"Irene Montero y Belarra llevaron al menos un escolta del grupo ultra Bukaneros durante su boicot a La Vuelta"},"content":{"rendered":"<p class=\"paragraph\" id=\"paragraph_2\">Seg\u00fan ha podido conocer EL ESPA\u00d1OL de fuentes de seguridad ciudadana especialistas en labores de protecci\u00f3n y escolta, esta es una pr\u00e1ctica habitual por parte de las integrantes de la formaci\u00f3n morada.<\/p>\n<p class=\"paragraph\" id=\"paragraph_3\">Tal y como se puede apreciar en una de las im\u00e1genes que han trascendido, uno de los integrantes de ese equipo que acompa\u00f1aban a las exministras es Erlantz Ibarrondo, un abogado vinculado a organizaciones de extrema izquierda. Las protestas terminaron con 22 polic\u00edas heridos y dos personas arrestadas.<\/p>\n<p class=\"paragraph\" id=\"paragraph_4\">En los \u00faltimos a\u00f1os, se le ha podido ver acompa\u00f1ando en situaciones similares en actos p\u00fablicos tanto a Pablo Iglesias como a Irene Montero. <a href=\"https:\/\/www.elespanol.com\/reportajes\/20210306\/pirrakas-guardian-protege-pablo-iglesias-boxeador-bukanero\/563695123_0.html?utm_cmp_rs=linksinline\" rel=\"nofollow noopener\" target=\"_blank\">Tambi\u00e9n a otros integrantes de ese grupo ultra.<\/a><\/p>\n<p><img decoding=\"async\" alt=\"Irene Montero y Pablo Iglesias, en una imagen de archivo. Delante de ellos, franque\u00e1ndoles el paso, Erlantz Ibarrondo.\" data-imgm=\"true\" height=\"180\" loading=\"lazy\"  src=\"https:\/\/www.europesays.com\/es\/wp-content\/uploads\/2025\/09\/1003743925919_258715559_1024x576.jpg\"  width=\"320\"\/><\/p>\n<p>                                                            Irene Montero y Pablo Iglesias, en una imagen de archivo. Delante de ellos, franque\u00e1ndoles el paso, Erlantz Ibarrondo.<\/p>\n<p>                    Europa Press<\/p>\n<p class=\"paragraph\" id=\"paragraph_5\">Ibarrondo fue en 2009 en las listas del partido Iniciativa Internacionalista en las elecciones al Parlamento Europeo, una marca blanca promovida por Batasuna. Fue el abogado defensor del ultra de Bukaneros Alfon, condenado por el Tribunal Supremo a cuatro a\u00f1os de prisi\u00f3n por tenencia de sustancias explosivas.<\/p>\n<p class=\"paragraph\" id=\"paragraph_6\">Este letrado tambi\u00e9n ejerci\u00f3 la defensa de los arrestados de Rodea el Congreso y lider\u00f3 la defensa de la familia de Jimmy, el ultra del Deportivo de la Coru\u00f1a asesinado en Madrid por miembros del Frente Atl\u00e9tico junto al Vicente Calder\u00f3n.<\/p>\n<p class=\"paragraph\" id=\"paragraph_7\">Ibarrondo era el encargado de <strong>coordinar a los distintos miembros de Bukaneros<\/strong> que integraban la seguridad de los l\u00edderes de la formaci\u00f3n morada, y junto a ellos se le ha visto en numerosas ocasiones, ejerciendo como escolta en distintos desplazamientos de los \u00faltimos a\u00f1os.<\/p>\n<p><img loading=\"lazy\" decoding=\"async\" alt=\"INVASIONES\" height=\"180\" src=\"https:\/\/www.europesays.com\/es\/wp-content\/uploads\/2025\/09\/1003743924565_258692098_320x180.jpg\" width=\"320\" data-lazy-status=\"processed\" data-lazy-info=\"remove loading item 1\"\/><\/p>\n<p class=\"paragraph\" id=\"paragraph_8\">Tal y como public\u00f3 EL ESPA\u00d1OL,<a href=\"https:\/\/www.elespanol.com\/reportajes\/20210306\/pirrakas-guardian-protege-pablo-iglesias-boxeador-bukanero\/563695123_0.html?utm_cmp_rs=linksinline\" rel=\"nofollow noopener\" target=\"_blank\"> los radicales de Bukaneros<\/a> que ejerc\u00edan de guardia personal de Iglesias proteg\u00edan tambi\u00e9n la entrada de su chalet de Galapagar.<\/p>\n<p class=\"paragraph\" id=\"paragraph_9\">Dos de esos miembros de la seguridad de Podemos <a href=\"https:\/\/www.elespanol.com\/espana\/politica\/20210501\/policia-detiene-personas-vinculadas-podemos-altercados-vallecas\/577942466_0.html?utm_cmp_rs=linksinline\" rel=\"nofollow noopener\" target=\"_blank\">ser\u00edan detenidos en mayo de 2021<\/a> por agredir a agentes de las Unidades de Intervenci\u00f3n Policial (UIP) durante un mitin de Vox en Vallecas el mes de abril de ese mismo a\u00f1o, en v\u00edsperas de las elecciones auton\u00f3micas.<\/p>\n<p class=\"paragraph\" id=\"paragraph_10\">Seg\u00fan las fuentes policiales consultadas, los miembros de esta organizaci\u00f3n suelen integrar dispositivos de seguridad personal de Irene Montero y Pablo Iglesias. A su vez, el Ejecutivo reconoci\u00f3 en una pregunta parlamentaria el pasado a\u00f1o que ambos \u00abdisponen de personal de servicio de protecci\u00f3n de la Unidad Central de Protecci\u00f3n de la Comisar\u00eda General de Seguridad Ciudadana\u00bb de la Polic\u00eda Nacional.<\/p>\n<p class=\"paragraph\" id=\"paragraph_11\">Tanto Iglesias como Monterocuentan con polic\u00edas que les protegen, pese a que abandonaron el Gobierno en marzo de 2021 y julio de 2023, respectivamente. Este domingo, sin embargo, entre quienes velaban por su seguridad en los altercados en el centro de Madrid, hab\u00eda rostros conocidos de la citada organizaci\u00f3n deportiva de extrema izquierda.<\/p>\n<p class=\"paragraph\" id=\"paragraph_12\">Por el momento, no se ha confirmado si Belarra y Montero acudieron a la protesta propalestina <a href=\"https:\/\/www.elespanol.com\/espana\/politica\/20210501\/policia-detiene-personas-vinculadas-podemos-altercados-vallecas\/577942466_0.html?utm_cmp_rs=linksinline\" rel=\"nofollow noopener\" target=\"_blank\">acompa\u00f1adas tambi\u00e9n de esos agentes que velan por su seguridad.<\/a><\/p>\n<p>\u00abSe re\u00edan en nuestra cara\u00bb<\/p>\n<p class=\"paragraph\" data-mrf-recirculation=\"links-parrafos\" id=\"paragraph_13\">El dispositivo de seguridad establecido por el<a cmp-ltrk=\"links-parrafos\" cmp-ltrk-idx=\"0\" data-mrf-link=\"https:\/\/www.elespanol.com\/organismos\/ministerio_del_interior\/\" href=\"https:\/\/www.elespanol.com\/organismos\/ministerio_del_interior\/?utm_cmp_rs=linksinline\" mrfobservableid=\"0c1e492d-14f6-498c-b3dd-7bf63ef6bd3d\" rel=\"nofollow noopener\" target=\"_blank\"> Ministerio del Interior<\/a> y la Delegaci\u00f3n del Gobierno en el centro de Madrid en la \u00faltima jornada de La Vuelta a Espa\u00f1a se vio absolutamente desbordado por los manifestantes propalestinos, que lograron reventar la carrera.<\/p>\n<p class=\"paragraph\" data-mrf-recirculation=\"links-parrafos\" id=\"paragraph_2\">Los <strong>1.500 agentes de Polic\u00eda Nacional y Guardia Civil<\/strong> movilizados se vieron sobrepasados muy pronto, apenas una hora m\u00e1s tarde del inicio de la etapa de este domingo.<\/p>\n<p class=\"paragraph\" data-mrf-recirculation=\"links-parrafos\" id=\"paragraph_3\">Los manifestantes, perfectamente coordinados, <a cmp-ltrk=\"links-parrafos\" cmp-ltrk-idx=\"1\" data-mrf-link=\"https:\/\/www.elespanol.com\/espana\/20250914\/ultima-hora-vuelta-espana-directo-siga-etapa-final-prueba-rodeada-protestas-equipo-israeli-madrid\/1003743924264_10.html\" href=\"https:\/\/www.elespanol.com\/espana\/20250914\/ultima-hora-vuelta-espana-directo-siga-etapa-final-prueba-rodeada-protestas-equipo-israeli-madrid\/1003743924264_10.html?utm_cmp_rs=linksinline\" mrfobservableid=\"ec5aae4e-08cd-4be8-a9c3-8fbb0fffb6ab\" rel=\"nofollow noopener\" target=\"_blank\">desbarataron el control de seguridad y empezaron a arrojar vallas, vidrios<\/a> y otros objetos a los agentes antidisturbios.<\/p>\n<p class=\"paragraph\" data-mrf-recirculation=\"links-parrafos\" id=\"paragraph_14\">Tras lo ocurrido,<a cmp-ltrk=\"links-parrafos\" cmp-ltrk-idx=\"2\" data-mrf-link=\"https:\/\/www.elespanol.com\/espana\/20250914\/ultima-hora-vuelta-espana-directo-siga-etapa-final-prueba-rodeada-protestas-equipo-israeli-madrid\/1003743924264_10.html\" href=\"https:\/\/www.elespanol.com\/espana\/20250914\/ultima-hora-vuelta-espana-directo-siga-etapa-final-prueba-rodeada-protestas-equipo-israeli-madrid\/1003743924264_10.html?utm_cmp_rs=linksinline\" mrfobservableid=\"d444e61f-2d51-45c1-b92a-b67e6a08bea1\" rel=\"nofollow noopener\" target=\"_blank\"> los agentes de la Polic\u00eda Nacional<\/a> se\u00f1alan tanto al ministro del Interior como al presidente del Gobierno por alentar los incidentes y por la falta de previsi\u00f3n ante unos disturbios previsibles. Seg\u00fan integrantes del dispositivo, los antidisturbios salieron \u00absin material\u00bb, permitiendo que los radicales se colocasen detr\u00e1s de las vallas sin atar. <strong\/><\/p>\n<p class=\"paragraph\" data-mrf-recirculation=\"links-parrafos\" id=\"paragraph_15\">Cuando el ambiente ya estaba caldeado, una hora m\u00e1s tarde del inicio de la \u00faltima etapa de La Vuelta, los polic\u00edas recibieron la orden de retirarse para colocarse la protecci\u00f3n antitrauma. \u00ab\u00c9ramos uno por cada 300\u00bb. Despu\u00e9s comenzaron a arrojarles vallas, cascotes, botellas de vidrio, latas de cerveza.<\/p>\n<p class=\"paragraph\" data-mrf-recirculation=\"links-parrafos\" id=\"paragraph_16\">Despu\u00e9s tuvieron que replegarse hacia Atocha para buscar el material en sus veh\u00edculos, pero no contaban con la cobertura suficiente. En las televisiones se vieron im\u00e1genes de peque\u00f1os grupos de agentes totalmente rodeados. Cuando consiguieron llegar a los furgones, y pensaban que comenzar\u00edan a cargar para disolver a los manifestantes, no recibieron ninguna orden. \u00abNos dejaron en l\u00ednea en Atocha, mientras se re\u00edan en nuestra cara\u00bb.<\/p>\n<p class=\"paragraph\" data-mrf-recirculation=\"links-parrafos\" id=\"paragraph_17\">Seg\u00fan fuentes conocedoras del dispositivo consultadas por EL ESPA\u00d1OL, desde Interior se pidi\u00f3 evitar fotos o incidentes inc\u00f3modos, y primar esa imagen a que los agentes pudieran hacer bien su trabajo.<\/p>\n<p class=\"paragraph\" data-gtm-vis-first-on-screen1664348_109=\"12590\" data-gtm-vis-has-fired1664348_109=\"1\" data-gtm-vis-recent-on-screen1664348_109=\"12590\" data-gtm-vis-total-visible-time1664348_109=\"100\" data-mrf-recirculation=\"links-parrafos\" id=\"paragraph_18\">La orden no se dej\u00f3 por escrito. Los mandos consideran que se pod\u00eda haber dado una mejor seguridad durante toda La Vuelta, sin acortar los recorridos.<\/p>\n<p class=\"paragraph\" data-mrf-recirculation=\"links-parrafos\" id=\"paragraph_19\">Sin embargo, eso habr\u00eda propiciado \u00abm\u00e1s fotograf\u00edas de detenidos\u00bb. Desde Interior se intent\u00f3 evitar esto por todos los medios, seg\u00fan se\u00f1alan los agentes.<\/p>\n","protected":false},"excerpt":{"rendered":"Seg\u00fan ha podido conocer EL ESPA\u00d1OL de fuentes de seguridad ciudadana especialistas en labores de protecci\u00f3n y escolta,&hellip;\n","protected":false},"author":2,"featured_media":117078,"comment_status":"","ping_status":"","sticky":false,"template":"","format":"standard","meta":{"footnotes":""},"categories":[174],"tags":[255,146,147,25,24,256,29823,11739,23,39083,5411],"class_list":{"0":"post-117077","1":"post","2":"type-post","3":"status-publish","4":"format-standard","5":"has-post-thumbnail","7":"category-famosos","8":"tag-celebrities","9":"tag-entertainment","10":"tag-entretenimiento","11":"tag-es","12":"tag-espana","13":"tag-famosos","14":"tag-irene-montero","15":"tag-policia-nacional","16":"tag-spain","17":"tag-ultras-deportivos","18":"tag-vuelta-a-espana"},"share_on_mastodon":{"url":"","error":""},"_links":{"self":[{"href":"https:\/\/www.europesays.com\/es\/wp-json\/wp\/v2\/posts\/117077","targetHints":{"allow":["GET"]}}],"collection":[{"href":"https:\/\/www.europesays.com\/es\/wp-json\/wp\/v2\/posts"}],"about":[{"href":"https:\/\/www.europesays.com\/es\/wp-json\/wp\/v2\/types\/post"}],"author":[{"embeddable":true,"href":"https:\/\/www.europesays.com\/es\/wp-json\/wp\/v2\/users\/2"}],"replies":[{"embeddable":true,"href":"https:\/\/www.europesays.com\/es\/wp-json\/wp\/v2\/comments?post=117077"}],"version-history":[{"count":0,"href":"https:\/\/www.europesays.com\/es\/wp-json\/wp\/v2\/posts\/117077\/revisions"}],"wp:featuredmedia":[{"embeddable":true,"href":"https:\/\/www.europesays.com\/es\/wp-json\/wp\/v2\/media\/117078"}],"wp:attachment":[{"href":"https:\/\/www.europesays.com\/es\/wp-json\/wp\/v2\/media?parent=117077"}],"wp:term":[{"taxonomy":"category","embeddable":true,"href":"https:\/\/www.europesays.com\/es\/wp-json\/wp\/v2\/categories?post=117077"},{"taxonomy":"post_tag","embeddable":true,"href":"https:\/\/www.europesays.com\/es\/wp-json\/wp\/v2\/tags?post=117077"}],"curies":[{"name":"wp","href":"https:\/\/api.w.org\/{rel}","templated":true}]}}