{"id":117083,"date":"2025-09-15T18:08:20","date_gmt":"2025-09-15T18:08:20","guid":{"rendered":"https:\/\/www.europesays.com\/es\/117083\/"},"modified":"2025-09-15T18:08:20","modified_gmt":"2025-09-15T18:08:20","slug":"carlo-acutis-el-influencer-de-dios-presentan-a-leon-xiv-la-pelicula-animada-sobre-el-nuevo-santo","status":"publish","type":"post","link":"https:\/\/www.europesays.com\/es\/117083\/","title":{"rendered":"Carlo Acutis, el Influencer de Dios: Presentan a Le\u00f3n XIV la pel\u00edcula animada sobre el nuevo santo"},"content":{"rendered":"<p>                              <a href=\"https:\/\/www.aciprensa.com\/autor\/2\/walter-sanchez-silva\" rel=\"nofollow noopener\" target=\"_blank\"><br \/>\n                  <img loading=\"lazy\" decoding=\"async\" alt=\"Walter S\u00e1nchez Silva\" class=\"author-image m-0 mr-4\" height=\"48\" src=\"https:\/\/www.europesays.com\/es\/wp-content\/uploads\/2025\/09\/1757959700_451_WalterSanchesilva.jpg\" width=\"48\"\/><br \/>\n                <\/a><\/p>\n<p> Por<br \/>\n                                  <a href=\"https:\/\/www.aciprensa.com\/autor\/2\/walter-sanchez-silva\" rel=\"nofollow noopener\" target=\"_blank\">Walter S\u00e1nchez Silva<\/a>\n                                <\/p>\n<p class=\"post-info date-author\">\n                                  12 de septiembre de 2025<br \/>04:09 p. m.\n                              <\/p>\n<p class=\"post-info date-author-mobile\">\n                  Sep. 12, 2025<br \/>04:09 p. m.\n                <\/p>\n<p>Juan Carlos Carredano, productor ejecutivo de la pel\u00edcula<a href=\"https:\/\/www.aciprensa.com\/noticias\/116883\/pelicula-animada-carlo-acutis-el-influencer-de-dios-se-estrena-el-7-de-septiembre-dia-de-su-canonizacion\" rel=\"noopener noreferrer nofollow\" target=\"_blank\"> Carlo Acutis, el Influencer de Dios<\/a>, present\u00f3 la cinta al Papa Le\u00f3n XIV, quien lo alent\u00f3 a \u00e9l y a su equipo a seguir contando la vida de los santos.<\/p>\n<p>\u201cFue un encuentro incre\u00edble, la verdad, el Papa con much\u00edsima ilusi\u00f3n, muy cari\u00f1oso, muy cercano. Se sorprendi\u00f3 de ver la caricatura y sobre todo que ya estuviera lista y con esa calidad\u201d, cont\u00f3 Carredano a ACI Prensa este viernes, al compartir c\u00f3mo lo recibi\u00f3 el Papa Le\u00f3n tras la audiencia general del mi\u00e9rcoles 10 de septiembre en la Plaza de San Pedro en el Vaticano.<\/p>\n<p>\tRecibe las principales noticias de ACI Prensa por WhatsApp y Telegram<\/p>\n<p class=\"box-desc\">Cada vez es m\u00e1s dif\u00edcil ver noticias cat\u00f3licas en las redes sociales. Suscr\u00edbete a nuestros canales gratuitos hoy:<\/p>\n<p>El productor, tambi\u00e9n CEO de CCC of America, le dijo al Santo Padre que es mexicano y que \u201ccuando abri\u00f3 la caja vio una imagen con el resto de nuestras caricaturas. Quiero suponer que se acord\u00f3 de ellas y bueno le dio mucho gusto\u201d.<\/p>\n<p>Le\u00f3n XIV, continu\u00f3 Carredano, \u201cnos agradeci\u00f3 mucho nuestro trabajo, dijo que extend\u00eda su bendici\u00f3n a nuestras familias y a todos los que trabajaron en la cinta\u201d.<\/p>\n<p>Y lo m\u00e1s importante, subray\u00f3 el productor de la cinta animada, \u201cfue que nos pidi\u00f3 que no par\u00e1ramos de contar estas grandes historias de vidas de santos, que se necesitan hoy m\u00e1s que nunca\u201d.<\/p>\n<p>Le\u00f3n XIV firm\u00f3 un ejemplar de la cinta producida por CCC of America, que ya ha realizado otras producciones sobre santos como San Nicol\u00e1s, San Patricio y San Francisco de As\u00eds, as\u00ed como la Virgen de F\u00e1tima y Lourdes.<\/p>\n<p>La cinta, que cont\u00f3 con la colaboraci\u00f3n del Augustine Institute, se estren\u00f3 el domingo 7 de septiembre, el d\u00eda de la canonizaci\u00f3n de San Carlo Acutis y San Pier Giorgio Frassati, y puede verse en todos los hogares del mundo a trav\u00e9s de las plataformas <a href=\"https:\/\/www.famflix.mx\/\" rel=\"noopener noreferrer nofollow\" target=\"_blank\">FAMFLIX<\/a>, en espa\u00f1ol, y <a href=\"https:\/\/formed.org\/\" rel=\"noopener noreferrer nofollow\" target=\"_blank\">Formed<\/a>, en ingl\u00e9s.<\/p>\n<p>Nacido el 3 de mayo de 1991, Carlo Acutis fue un joven italiano que desde muy temprana edad vivi\u00f3 un profundo amor a Dios, con una especial devoci\u00f3n por los milagros eucar\u00edsticos, los cuales compil\u00f3 en una<a href=\"https:\/\/www.miracolieucaristici.org\/es\/liste\/list.html\" rel=\"noopener noreferrer nofollow\" target=\"_blank\"><strong> <\/strong>exposici\u00f3n digital que difundi\u00f3 a trav\u00e9s de Internet<\/a>. Enfermo de leucemia, Carlo falleci\u00f3 el 12 de octubre de 2006, a los 15 a\u00f1os.<\/p>\n<p>                    <a href=\"https:\/\/www.aciprensa.com\/autor\/2\/walter-sanchez-silva\" rel=\"nofollow noopener\" target=\"_blank\"><br \/>\n                      <img decoding=\"async\" alt=\"Walter S\u00e1nchez Silva\" src=\"https:\/\/www.europesays.com\/es\/wp-content\/uploads\/2025\/09\/1757959700_603_WalterSanchesilva.jpg\"\/><br \/>\n                    <\/a><\/p>\n<p>\n                    <b>Walter S\u00e1nchez Silva<\/b> <br \/>Soy esposo desde 2008. Con mi esposa tenemos tres hijos aqu\u00ed y uno que se fue al cielo en 2023, antes de nacer. Desde que me incorpor\u00e9 a ACI Prensa en 2005, he tenido la oportunidad de cubrir diversos eventos de la Iglesia Cat\u00f3lica. Entre ellos, las Jornadas Mundiales de la Juventud en Colonia, Madrid y R\u00edo de Janeiro y los viajes apost\u00f3licos del Papa Benedicto XVI a M\u00e9xico y del Papa Francisco a Corea del Sur. He sido enviado al Vaticano para cubrir los s\u00ednodos de la Familia, en 2015; de la Amazon\u00eda, en 2019 y el de la Sinodalidad, en 2023. Sigo de cerca la situaci\u00f3n de la Iglesia Cat\u00f3lica en Nicaragua, que sufre la persecuci\u00f3n de la dictadura de Daniel Ortega, as\u00ed como la actualidad eclesial en la regi\u00f3n.\n                  <\/p>\n","protected":false},"excerpt":{"rendered":"Por Walter S\u00e1nchez Silva 12 de septiembre de 202504:09 p. m. Sep. 12, 202504:09 p. m. Juan Carlos&hellip;\n","protected":false},"author":2,"featured_media":117084,"comment_status":"","ping_status":"","sticky":false,"template":"","format":"standard","meta":{"footnotes":""},"categories":[169],"tags":[27015,177,24929,146,147,25,24,176,175,3013,8388,400,39087,23,39086],"class_list":{"0":"post-117083","1":"post","2":"type-post","3":"status-publish","4":"format-standard","5":"has-post-thumbnail","7":"category-cine","8":"tag-carlo-acutis","9":"tag-cine","10":"tag-cine-catolico","11":"tag-entertainment","12":"tag-entretenimiento","13":"tag-es","14":"tag-espana","15":"tag-film","16":"tag-movies","17":"tag-mundo","18":"tag-noticias-catolicas","19":"tag-papa-leon-xiv","20":"tag-pelicula-animada","21":"tag-spain","22":"tag-vida-de-santos"},"share_on_mastodon":{"url":"","error":""},"_links":{"self":[{"href":"https:\/\/www.europesays.com\/es\/wp-json\/wp\/v2\/posts\/117083","targetHints":{"allow":["GET"]}}],"collection":[{"href":"https:\/\/www.europesays.com\/es\/wp-json\/wp\/v2\/posts"}],"about":[{"href":"https:\/\/www.europesays.com\/es\/wp-json\/wp\/v2\/types\/post"}],"author":[{"embeddable":true,"href":"https:\/\/www.europesays.com\/es\/wp-json\/wp\/v2\/users\/2"}],"replies":[{"embeddable":true,"href":"https:\/\/www.europesays.com\/es\/wp-json\/wp\/v2\/comments?post=117083"}],"version-history":[{"count":0,"href":"https:\/\/www.europesays.com\/es\/wp-json\/wp\/v2\/posts\/117083\/revisions"}],"wp:featuredmedia":[{"embeddable":true,"href":"https:\/\/www.europesays.com\/es\/wp-json\/wp\/v2\/media\/117084"}],"wp:attachment":[{"href":"https:\/\/www.europesays.com\/es\/wp-json\/wp\/v2\/media?parent=117083"}],"wp:term":[{"taxonomy":"category","embeddable":true,"href":"https:\/\/www.europesays.com\/es\/wp-json\/wp\/v2\/categories?post=117083"},{"taxonomy":"post_tag","embeddable":true,"href":"https:\/\/www.europesays.com\/es\/wp-json\/wp\/v2\/tags?post=117083"}],"curies":[{"name":"wp","href":"https:\/\/api.w.org\/{rel}","templated":true}]}}