{"id":117089,"date":"2025-09-15T18:11:08","date_gmt":"2025-09-15T18:11:08","guid":{"rendered":"https:\/\/www.europesays.com\/es\/117089\/"},"modified":"2025-09-15T18:11:08","modified_gmt":"2025-09-15T18:11:08","slug":"first-dates-anuncia-el-fichaje-de-una-ex-de-supervivientes-como-nueva-camarera-sustituyendo-a-laura-boado","status":"publish","type":"post","link":"https:\/\/www.europesays.com\/es\/117089\/","title":{"rendered":"&#8216;First Dates&#8217; anuncia el fichaje de una ex de &#8216;Supervivientes&#8217; como nueva camarera, sustituyendo a Laura Boado"},"content":{"rendered":"<p class=\"article-text\">\n        El restaurante de <strong>First Dates<\/strong> da la bienvenida a una nueva camarera. <strong>Lidia Santos<\/strong>, modelo internacional y conocida por por haber participado en <strong>Supervivientes<\/strong>, se incorpora al dating show de <strong>Mediaset <\/strong>como relevo de <strong>Laura Boado<\/strong>. La malague\u00f1a, que se alz\u00f3 con el t\u00edtulo de Miss M\u00e1laga en 2011, ya se encuentra grabando nuevas entregas junto a <strong>Carlos Sobera<\/strong>, <strong>Mat\u00edas Roure<\/strong> y las gemelas <strong>Cristina Zapata <\/strong>y <strong>Marisa Zapata<\/strong>.\n    <\/p>\n<p>    <a href=\"https:\/\/www.eldiario.es\/noticias\/confirmado-first-dates-vuelve-cuatro-telecinco-confia-supervivientes-all-stars-2_1_12591439.html\" data-mrf-recirculation=\"saber-mas\" data-dl-event=\"saber-mas\" rel=\"nofollow noopener\" target=\"_blank\"><\/p>\n<p class=\"know-more__title\">Confirmado: &#8216;First Dates&#8217; vuelve a Cuatro, y Telecinco lo conf\u00eda todo a &#8216;Supervivientes All Stars 2&#8217;<\/p>\n<p>            <img decoding=\"async\" class=\"lazy\" loading=\"lazy\" data-src=\"https:\/\/static.eldiario.es\/clip\/24c1f780-daf2-4b6d-93af-6182bfe1213e_16-9-aspect-ratio_default_0.jpg\" src=\"data:image\/svg+xml,%3Csvg xmlns=\" http:=\"\" viewbox=\"0 0 880 495\" alt=\"Confirmado: 'First Dates' vuelve a Cuatro, y Telecinco lo conf\u00eda todo a 'Supervivientes All Stars 2'\"\/><\/p>\n<p>                        <\/a><\/p>\n<p class=\"article-text\">\n        \u201cSiempre me ha ilusionado <strong>trabajar en televisi\u00f3n<\/strong> y poder hacerlo en un programa tan querido y con tanta trayectoria es muy especial\u201d, asegura la modelo en relaci\u00f3n con su incorporaci\u00f3n. Lidia Santos ser\u00e1 la encargada de acompa\u00f1ar a los solteros hasta la mesa donde sus vidas podr\u00edan cambiar. Al igual que sus compa\u00f1eros, su misi\u00f3n ser\u00e1 atender a los comensales y darles el impulso necesario para que el amor haga acto de presencia.\n    <\/p>\n<p class=\"article-text\">\n        Esta incorporaci\u00f3n a First Dates supone un salto profesional para Santos, quien espera que esta etapa le permita \u201ccrecer, aprender del equipo y vivir de cerca todo lo que implica un programa con tanta historia\u201d. Tambi\u00e9n describe sus puntos fuertes para ser parte de esta aventura: \u201c<strong>Quiero aportar mi frescura, mi energ\u00eda<\/strong> y mi forma cercana para que los invitados se sientan c\u00f3modos y disfruten de la experiencia\u201d.\n    <\/p>\n<p>            <img decoding=\"async\" class=\"lazy\" loading=\"lazy\" data-src=\"https:\/\/static.eldiario.es\/clip\/54ce499d-1725-404e-91e2-22841e498a55_16-9-discover-aspect-ratio_default_0.jpg\" src=\"data:image\/svg+xml,%3Csvg xmlns=\" http:=\"\" viewbox=\"0 0 1200 675\" alt=\"Lidia Santos, nueva camarera de 'First Dates'\"\/><\/p>\n<p class=\"article-text\">\n        El anuncio de su incorporaci\u00f3n, y tambi\u00e9n la inesperada salida de Laura Boado, llega escasos d\u00edas despu\u00e9s de que <a href=\"https:\/\/www.eldiario.es\/vertele\/noticias\/confirmado-first-dates-vuelve-cuatro-telecinco-confia-supervivientes-all-stars-2_1_12591439.html\" data-mrf-recirculation=\"links-noticia\" class=\"link\" rel=\"nofollow noopener\" target=\"_blank\">First Dates<\/a><a href=\"https:\/\/www.eldiario.es\/vertele\/noticias\/confirmado-first-dates-vuelve-cuatro-telecinco-confia-supervivientes-all-stars-2_1_12591439.html\" data-mrf-recirculation=\"links-noticia\" class=\"link\" rel=\"nofollow noopener\" target=\"_blank\"> regresase<\/a> a <strong>Cuatro<\/strong>. Durante los meses de verano, Mediaset llev\u00f3 el formato al access prime time de Telecinco para levantar sus audiencias; un movimiento improvisado a consecuencia del <a href=\"https:\/\/www.eldiario.es\/vertele\/noticias\/mediaset-explica-dara-salida-verano-tentaciones-quedarse-hueco-access-telecinco_1_12462657.html\" target=\"_blank\" data-mrf-recirculation=\"links-noticia\" class=\"link\" rel=\"nofollow noopener\">fallido <\/a><a href=\"https:\/\/www.eldiario.es\/vertele\/noticias\/mediaset-explica-dara-salida-verano-tentaciones-quedarse-hueco-access-telecinco_1_12462657.html\" target=\"_blank\" data-mrf-recirculation=\"links-noticia\" class=\"link\" rel=\"nofollow noopener\">El verano de las tentaciones<\/a>. Mientras tanto, Cuatro se conform\u00f3 con reposiciones de Viajeros Cuatro.\n    <\/p>\n<p>    <a href=\"https:\/\/www.eldiario.es\/vertele\/noticias\/rtve-anuncia-4-invitados-abriran-nueva-temporada-late-xou-marc-giro-1_1_12603902.html\" data-mrf-recirculation=\"saber-mas-abajo\" data-dl-event=\"saber-mas-abajo\" rel=\"nofollow noopener\" target=\"_blank\"><\/p>\n<p class=\"know-more__title\">RTVE anuncia a los 4 invitados que abrir\u00e1n la nueva temporada de &#8216;Late Xou con Marc Gir\u00f3&#8217; en La 1<\/p>\n<p>            <img decoding=\"async\" class=\"lazy\" loading=\"lazy\" data-src=\"https:\/\/static.eldiario.es\/clip\/2393858d-acb6-43bb-afe3-d7677cf756f7_16-9-aspect-ratio_default_0.jpg\" src=\"data:image\/svg+xml,%3Csvg xmlns=\" http:=\"\" viewbox=\"0 0 880 495\" alt=\"RTVE anuncia a los 4 invitados que abrir\u00e1n la nueva temporada de 'Late Xou con Marc Gir\u00f3' en La 1\"\/><\/p>\n<p>                        <\/a><\/p>\n<p class=\"article-text\">\n        Coincidiendo con el arranque de la temporada televisiva y el estreno de grandes formatos de prime time como <strong>Supervivientes All Stars<\/strong> o <strong>El precio de <\/strong>en Telecinco, Mediaset decidi\u00f3 devolver First Dates a su cadena original. Su audiencia fiel sigue conectando con el programa independientemente del lugar donde se emita, y pr\u00f3ximamente conocer\u00e1 a su nueva camarera: Lidia Santos.\n    <\/p>\n","protected":false},"excerpt":{"rendered":"El restaurante de First Dates da la bienvenida a una nueva camarera. Lidia Santos, modelo internacional y conocida&hellip;\n","protected":false},"author":2,"featured_media":117090,"comment_status":"","ping_status":"","sticky":false,"template":"","format":"standard","meta":{"footnotes":""},"categories":[91],"tags":[34469,954,146,147,25,24,2759,39089,39090,23,3947],"class_list":{"0":"post-117089","1":"post","2":"type-post","3":"status-publish","4":"format-standard","5":"has-post-thumbnail","7":"category-entretenimiento","8":"tag-camarera","9":"tag-cuatro","10":"tag-entertainment","11":"tag-entretenimiento","12":"tag-es","13":"tag-espana","14":"tag-first-dates","15":"tag-laura-boado","16":"tag-lidia-santos","17":"tag-spain","18":"tag-supervivientes"},"share_on_mastodon":{"url":"","error":""},"_links":{"self":[{"href":"https:\/\/www.europesays.com\/es\/wp-json\/wp\/v2\/posts\/117089","targetHints":{"allow":["GET"]}}],"collection":[{"href":"https:\/\/www.europesays.com\/es\/wp-json\/wp\/v2\/posts"}],"about":[{"href":"https:\/\/www.europesays.com\/es\/wp-json\/wp\/v2\/types\/post"}],"author":[{"embeddable":true,"href":"https:\/\/www.europesays.com\/es\/wp-json\/wp\/v2\/users\/2"}],"replies":[{"embeddable":true,"href":"https:\/\/www.europesays.com\/es\/wp-json\/wp\/v2\/comments?post=117089"}],"version-history":[{"count":0,"href":"https:\/\/www.europesays.com\/es\/wp-json\/wp\/v2\/posts\/117089\/revisions"}],"wp:featuredmedia":[{"embeddable":true,"href":"https:\/\/www.europesays.com\/es\/wp-json\/wp\/v2\/media\/117090"}],"wp:attachment":[{"href":"https:\/\/www.europesays.com\/es\/wp-json\/wp\/v2\/media?parent=117089"}],"wp:term":[{"taxonomy":"category","embeddable":true,"href":"https:\/\/www.europesays.com\/es\/wp-json\/wp\/v2\/categories?post=117089"},{"taxonomy":"post_tag","embeddable":true,"href":"https:\/\/www.europesays.com\/es\/wp-json\/wp\/v2\/tags?post=117089"}],"curies":[{"name":"wp","href":"https:\/\/api.w.org\/{rel}","templated":true}]}}