{"id":117097,"date":"2025-09-15T18:15:08","date_gmt":"2025-09-15T18:15:08","guid":{"rendered":"https:\/\/www.europesays.com\/es\/117097\/"},"modified":"2025-09-15T18:15:08","modified_gmt":"2025-09-15T18:15:08","slug":"la-policia-encuentra-un-segundo-cadaver-bajo-los-escombros-de-la-explosion-de-vallecas-el-mundo","status":"publish","type":"post","link":"https:\/\/www.europesays.com\/es\/117097\/","title":{"rendered":"La Polic\u00eda encuentra un segundo cad\u00e1ver bajo los escombros de la explosi\u00f3n de Vallecas &#8211; El Mundo"},"content":{"rendered":"<ol>\n<li><a href=\"https:\/\/news.google.com\/rss\/articles\/CBMiekFVX3lxTFA3WUJCSUxpSFdGR0MyNUhCcXE1MTYxek1IdS03eFJoR2pBcTVUd016WjBFeDFyYU5pSkpBeVZMbVpFSXpFVnljNzYzWnEtMHBOSVVJUmNKby1qMXF3YzZsM3c4bDJNN3pGcUxid01TQmVzWnN3LWs5Wmdn0gF6QVVfeXFMUGNGMmVvZEFBcXRDb0phZy1PMWlzYzc5X2Exa0w0bDdvUDRWa0p4aXhPSWczWHNrbEIxV3V2djlPYkRnUUxqM2VNT1JDcTU5UHBQSDVlNlk2ejJfT3lYSDBlN1VOWjJoVUlSUmI5UXRHajZVRTVvWnFHUXc?oc=5\" target=\"_blank\" rel=\"nofollow noopener\">La Polic\u00eda encuentra un segundo cad\u00e1ver bajo los escombros de la explosi\u00f3n de Vallecas<\/a>&nbsp;&nbsp;El Mundo<\/li>\n<li><a href=\"https:\/\/news.google.com\/rss\/articles\/CBMi4gFBVV95cUxPenZyalFkeHBpVWtzeGl4VmsySWZYWE1tQ094RVpUd0ljRFZPdUpvbHdadDdmanRTeDhOUlM0SnpINERJODhqY1VuOEJYQlZKcGUxWmJQYy1LaXppZUYwdGJRQVFBU1kzc1NTN29fdVlrbjZZcVcxTXEydEdwNGRFSVpQd0NsZlpMSVFXS1JkOVJaVjNYc281QTZXaE5rUnNQUkktVnh1WGdkRXFqbDA2VnNfcWZmNmFQYUg2M0dHU2hEZjctYUczTUw4cDc0Q3lfRk1MaHI5bEl0Rl85el9QSm530gH2AUFVX3lxTE14dHRKeV9FM2NRSi14TWpPZ0FXdFRzbjJ1SnJEMURQWmhoNFhqSnFyU3VoMnNmMm01Tm1FZXdrR2c5NzdsMUlMN0VWQjVQNkp1dzczNVpzclpiOWxGYm4zMjhwbDYtbDUzd3RTem1nTmtCTW1BVUM0UEdLLTMyTWVlb3pWWUJVQTA5U1lYWnNVRVhVcWJOSkhQN1JlVVJfSUptSWYxVldyR1g1WFBjbVRqdG5VRHNYUDBVSXpiOXA4QUo3Uk8wQ1FmMS1FNE5qNjNtQXFDUTdIeFdITnlSaUZrNXYyQVNFRXRfSmV4OEhMMnpuRlFrQQ?oc=5\" target=\"_blank\" rel=\"nofollow noopener\">La Polic\u00eda encuentra a una segunda persona fallecida bajo los escombros de la explosi\u00f3n en Puente de Vallecas (Madrid)<\/a>&nbsp;&nbsp;Cadena SER<\/li>\n<li><a href=\"https:\/\/news.google.com\/rss\/articles\/CBMi0AFBVV95cUxOU1VsaVdFUW5kSHVxb3RMZ0Z2amVLUkJaSWtsSnVtQzdybHBRSVpySkdGeS1waFFfb3E1NFBxdDZ2QWJpVjdwM1Q1LUJxR25pbUVYZ1NHYWVvNGxXeVhndHFjYlVIUWRMTmFRMjU5WF9zMzN2Zm52elZJWTNmYWhqellOTFhFdDRzbmRiWE5kUHNPbW9wbzJFNFVNSUVKWVgxajM0TDZISmZ2WHJQbEJpNGkxZjlBLTJ5ak9VX3IxRGZzWE9GdWJ4VGpRX1EzZjM10gHQAUFVX3lxTFAybzY3QXpQQU9Pcy1OMUdpYWN5Z0tHZEoyU2V0and5aWdMd3k4bV9Zc2VTR0xENkJ0WThZXzBGVElndWlhdEFsWU8wcFVZeDRCenY3Y2JWMW80MHRoeWNJT2x4ZzhuM2E4Sno2cVRCNVpZOEVYbk41MDgxejVKNTJZMF9LdW1LVEl6QW1aWUZydHd3bWgxTlFxc3dobnEwNXF6OVpHbm9rR0FDQTE1bFUwWlRjaFpqaDFhSm9LTzNWaXdKbkktZTdSVlh1UERwSVI?oc=5\" target=\"_blank\" rel=\"nofollow noopener\">Encuentran un segundo cad\u00e1ver bajo los escombros de la explosi\u00f3n en Vallecas<\/a>&nbsp;&nbsp;LaSexta<\/li>\n<li><a href=\"https:\/\/news.google.com\/rss\/articles\/CBMitgFBVV95cUxQdm4xMUt0VUQyek9QbEhYcDRqWm1GblgwLXItSk1vT1J3TFB0eGR6Mk94Q2xZR2xyYWl5MFFvQUhQUzcwUzQ3dXNfSFh6akNoT0xMZnVHY2FCQm1zNVFjT0Jqd01NamJ2NDZBTGVlYkxBUzJMaWRiQzJPOWxubDFJLXphdmRGTHN3d3lqbWtQUXcyd1BCejlqTnRVWVJDRnVIQ3QwZDVIeXBjb2ZNQlRFNlQ3NFFPQdIBuwFBVV95cUxObzVyUGc3WjNPaUpZTXd5TjZCRXZublc1alc4NVVqOWVHWGlNRlhwY0ZweFQyelhwZ0xFRjJsNEswVmVxUkpGOElQUWdkNkYtOFhFeFVLdjlNcVdXZzRPdTBBcUhMdTc2OHJKbkVaQnp3UC15TmZ0ZlQyV2k2QkNuSjcta3NQRk9iaGNLVU1uSGZxZUFiejdzZXJhZ1IwTUItMDI0V0lxdHh0MW9TZUgtaG45U1k0OXE4VDk0?oc=5\" target=\"_blank\" rel=\"nofollow noopener\">Encuentran un segundo cad\u00e1ver bajo los escombros de la explosi\u00f3n de Puente de Vallecas<\/a>&nbsp;&nbsp;El Confidencial<\/li>\n<li><a href=\"https:\/\/news.google.com\/rss\/articles\/CBMiwwFBVV95cUxQS3A3bDdTUEVPQy1jQ2I4VEh4T2w5TklDX1NaRkJBaFlNQjB5clRhVzFiZjZWVXhuV1FIdTVnc2J1LS1Sdm1UTE90eDVZLXA4NmtKUDRWSXpkV2IxSGpwbVBpSzlhTGcwTEw3dV9NTW9qMGxTdEIyaDlheFFSUkJsTnFqc0hMSDU4cFpNYVJYandkQUIwbjVxNmVCVThFd0p2YmtJT2dDVl9od2Z6SWpjenZPcklqWkkzaFp2UlBzTWlTZU0?oc=5\" target=\"_blank\" rel=\"nofollow noopener\">La polic\u00eda encuentra un segundo cad\u00e1ver entre los escombros de la explosi\u00f3n de Puente de Vallecas (Madrid)<\/a>&nbsp;&nbsp;EL PA\u00cdS<\/li>\n<\/ol>\n","protected":false},"excerpt":{"rendered":"La Polic\u00eda encuentra un segundo cad\u00e1ver bajo los escombros de la explosi\u00f3n de Vallecas&nbsp;&nbsp;El Mundo La Polic\u00eda encuentra&hellip;\n","protected":false},"author":2,"featured_media":117098,"comment_status":"","ping_status":"","sticky":false,"template":"","format":"standard","meta":{"footnotes":""},"categories":[8],"tags":[17,18,25,24,13,14,11,19,20,205,9,10,15,16,23,257,12,21,22,23414],"class_list":{"0":"post-117097","1":"post","2":"type-post","3":"status-publish","4":"format-standard","5":"has-post-thumbnail","7":"category-espana","8":"tag-breaking-news","9":"tag-breakingnews","10":"tag-es","11":"tag-espana","12":"tag-featured-news","13":"tag-featurednews","14":"tag-headlines","15":"tag-latest-news","16":"tag-latestnews","17":"tag-madrid","18":"tag-news","19":"tag-noticias","20":"tag-noticias-destacadas","21":"tag-noticiasdestacadas","22":"tag-spain","23":"tag-sucesos","24":"tag-titulares","25":"tag-ultimas-noticias","26":"tag-ultimasnoticias","27":"tag-vallecas"},"share_on_mastodon":{"url":"","error":""},"_links":{"self":[{"href":"https:\/\/www.europesays.com\/es\/wp-json\/wp\/v2\/posts\/117097","targetHints":{"allow":["GET"]}}],"collection":[{"href":"https:\/\/www.europesays.com\/es\/wp-json\/wp\/v2\/posts"}],"about":[{"href":"https:\/\/www.europesays.com\/es\/wp-json\/wp\/v2\/types\/post"}],"author":[{"embeddable":true,"href":"https:\/\/www.europesays.com\/es\/wp-json\/wp\/v2\/users\/2"}],"replies":[{"embeddable":true,"href":"https:\/\/www.europesays.com\/es\/wp-json\/wp\/v2\/comments?post=117097"}],"version-history":[{"count":0,"href":"https:\/\/www.europesays.com\/es\/wp-json\/wp\/v2\/posts\/117097\/revisions"}],"wp:featuredmedia":[{"embeddable":true,"href":"https:\/\/www.europesays.com\/es\/wp-json\/wp\/v2\/media\/117098"}],"wp:attachment":[{"href":"https:\/\/www.europesays.com\/es\/wp-json\/wp\/v2\/media?parent=117097"}],"wp:term":[{"taxonomy":"category","embeddable":true,"href":"https:\/\/www.europesays.com\/es\/wp-json\/wp\/v2\/categories?post=117097"},{"taxonomy":"post_tag","embeddable":true,"href":"https:\/\/www.europesays.com\/es\/wp-json\/wp\/v2\/tags?post=117097"}],"curies":[{"name":"wp","href":"https:\/\/api.w.org\/{rel}","templated":true}]}}