{"id":117107,"date":"2025-09-15T18:22:09","date_gmt":"2025-09-15T18:22:09","guid":{"rendered":"https:\/\/www.europesays.com\/es\/117107\/"},"modified":"2025-09-15T18:22:09","modified_gmt":"2025-09-15T18:22:09","slug":"juanma-olivas-triatleta-recorrera-1-000-kilometros-uniendo-los-50-municipios-de-alava-para-el-banco-de-alimentos","status":"publish","type":"post","link":"https:\/\/www.europesays.com\/es\/117107\/","title":{"rendered":"Juanma Olivas triatleta recorrer\u00e1 1.000 kilometros uniendo los 50 municipios de \u00c1lava para el Banco de Alimentos"},"content":{"rendered":"<p>\n        El triatleta alav\u00e9s <a href=\"https:\/\/www.noticiasdealava.eus\/deportes\/2019\/07\/07\/hombre-hierro-trastorno-bipolar-1255728.html\" title=\"Juanma Olivas\" target=\"_blank\" class=\"link copy\" rel=\"nofollow noopener\">Juanma Olivas<\/a> afronta durante toda esta semana un reto que, aunque ya conocido para \u00e9l, a buen seguro<strong> no ser\u00e1 menos exigente <\/strong>que los anteriores.\n<\/p>\n<p class=\"article-body__text \">\n        Con su bicicleta como \u00fanico veh\u00edculo, Olivas buscar\u00e1 desde hoy, y en siete etapas consecutivas,<strong> unir los 50 municipios del territorio por una buena causa,<\/strong> pues su prop\u00f3sito volver\u00e1 a ser recaudar fondos y productos para el <strong>Banco de Alimentos de Araba. <\/strong>\n<\/p>\n<p class=\"article-photo__footer\">\n            Una edici\u00f3n anterior de la prueba.            Josu Chavarri Erralde        <\/p>\n<p>  <strong>&#8216;Juntos llenamos el carro&#8217;<\/strong><\/p>\n<p class=\"article-body__text \">\n        Ser\u00e1 la tercera edici\u00f3n de esta prueba, bautizada por su creador como Juntos llenamos el carro, tras las celebradas <strong>en los a\u00f1os 2020 y 2024. <\/strong>\n<\/p>\n<p class=\"article-body__text \">\n        \u201cA nivel deportivo el reto est\u00e1 claro, <strong>completar 1.000 kil\u00f3metros en una semana<\/strong>. Pero lo importante es la parte solidaria\u201d, remarca el deportista en conversaci\u00f3n con este peri\u00f3dico.\u00a0\n<\/p>\n<p><strong>Hoy, 122,47 kil\u00f3metros. <\/strong>La primera etapa de esta nueva vuelta a \u00c1lava solidaria organizada por Juanma Olivas va a ser, a la postre, la segunda m\u00e1s larga de la semana, con un total de 122, 47 kil\u00f3metros que pondr\u00e1n bien a prueba las piernas del deportista. La segunda recorrer\u00e1 88,1 por la comarca de Ayala, la tercera \u2013de nuevo partiendo desde Gasteiz\u2013 un total de 111,33, la cuarta 107,06 y la quinta, 119,37. La m\u00e1s dura, que llevar\u00e1 a Olivas hasta Rioja Alavesa, tendr\u00e1 nada menos que 195,62. La \u00faltima ser\u00e1 la m\u00e1s corta, con 75,50.<\/p>\n<p class=\"article-body__text \">\n        Las salidas de las etapas, abiertas a todas las personas que quieran sumarse a Olivas, ser\u00e1n<strong> desde la plaza de la Constituci\u00f3n <\/strong>de Vitoria a las 9.00 horas, excepcto en el caso de ma\u00f1ana, cuando el recorrido partir\u00e1 desde la Sociedad Ciclista Llodiana tambien a partir de las 9.00 horas.<strong> <\/strong>\n<\/p>\n<p class=\"article-body__text \">\n        <strong>\u201cSe puede juntar toda la gente que lo desee\u201d,<\/strong> apunta el triatleta, que anima a todas las personas que lean estas l\u00edneas a donar en el Bizum del Banco de Alimentos \u201300025\u2013.\u00a0\n<\/p>\n<p>  Salud mental <\/p>\n<p class=\"article-body__text \">\n        \u201cEntre todos vamos a aliviar las necesidades de muchas familias que en este momento<strong> tienen dificultades\u201d,<\/strong> apunta, entretanto, en sus redes sociales.\n<\/p>\n<p class=\"article-body__text \">\n        Con su tit\u00e1nico esfuerzo, Olivas tambi\u00e9n trata de<strong> visibilizar la enfermedad mental, <\/strong>una de las cuales tiene diagnosticada.<\/p>\n","protected":false},"excerpt":{"rendered":"El triatleta alav\u00e9s Juanma Olivas afronta durante toda esta semana un reto que, aunque ya conocido para \u00e9l,&hellip;\n","protected":false},"author":2,"featured_media":117108,"comment_status":"","ping_status":"","sticky":false,"template":"","format":"standard","meta":{"footnotes":""},"categories":[273],"tags":[3935,7560,313,312,168,25,24,39091,23,167,1357],"class_list":{"0":"post-117107","1":"post","2":"type-post","3":"status-publish","4":"format-standard","5":"has-post-thumbnail","7":"category-ciclismo","8":"tag-alava","9":"tag-bicicleta","10":"tag-ciclismo","11":"tag-cycling","12":"tag-deportes","13":"tag-es","14":"tag-espana","15":"tag-solidaria","16":"tag-spain","17":"tag-sports","18":"tag-vuelta"},"share_on_mastodon":{"url":"","error":""},"_links":{"self":[{"href":"https:\/\/www.europesays.com\/es\/wp-json\/wp\/v2\/posts\/117107","targetHints":{"allow":["GET"]}}],"collection":[{"href":"https:\/\/www.europesays.com\/es\/wp-json\/wp\/v2\/posts"}],"about":[{"href":"https:\/\/www.europesays.com\/es\/wp-json\/wp\/v2\/types\/post"}],"author":[{"embeddable":true,"href":"https:\/\/www.europesays.com\/es\/wp-json\/wp\/v2\/users\/2"}],"replies":[{"embeddable":true,"href":"https:\/\/www.europesays.com\/es\/wp-json\/wp\/v2\/comments?post=117107"}],"version-history":[{"count":0,"href":"https:\/\/www.europesays.com\/es\/wp-json\/wp\/v2\/posts\/117107\/revisions"}],"wp:featuredmedia":[{"embeddable":true,"href":"https:\/\/www.europesays.com\/es\/wp-json\/wp\/v2\/media\/117108"}],"wp:attachment":[{"href":"https:\/\/www.europesays.com\/es\/wp-json\/wp\/v2\/media?parent=117107"}],"wp:term":[{"taxonomy":"category","embeddable":true,"href":"https:\/\/www.europesays.com\/es\/wp-json\/wp\/v2\/categories?post=117107"},{"taxonomy":"post_tag","embeddable":true,"href":"https:\/\/www.europesays.com\/es\/wp-json\/wp\/v2\/tags?post=117107"}],"curies":[{"name":"wp","href":"https:\/\/api.w.org\/{rel}","templated":true}]}}