{"id":117117,"date":"2025-09-15T18:28:10","date_gmt":"2025-09-15T18:28:10","guid":{"rendered":"https:\/\/www.europesays.com\/es\/117117\/"},"modified":"2025-09-15T18:28:10","modified_gmt":"2025-09-15T18:28:10","slug":"presentacion-del-libro-un-guardia-civil-novela-sobre-las-gestas-navales-espanolas","status":"publish","type":"post","link":"https:\/\/www.europesays.com\/es\/117117\/","title":{"rendered":"Presentaci\u00f3n del libro &#8216;Un Guardia Civil novela sobre las gestas navales espa\u00f1olas&#8217;"},"content":{"rendered":"<p><img fetchpriority=\"high\" class=\"v-a-img\" src=\"https:\/\/www.europesays.com\/es\/wp-content\/uploads\/2025\/09\/presentacion guardia civil.jpg\" loading=\"eager\" decoding=\"async\" alt=\"Cartel de la presentaci\u00f3n del libro 'Un Guardia Civil novela sobre las gestas navales espa\u00f1olas'.\"  width=\"1200\" height=\"840\"\/><\/p>\n<p>Cartel de la presentaci\u00f3n del libro &#8216;Un Guardia Civil novela sobre las gestas navales espa\u00f1olas&#8217;.          C7        <\/p>\n<p>Esta obra escrita por el suboficial de la Guardia Civil de la Comandancia de Las Palmas Jose Antonio Devesa, ser\u00e1 presentada el pr\u00f3ximo jueves 18 de septiembre a las 19:30 horas en el Real Club N\u00e1utico de Gran Canaria<\/p>\n<p><a class=\"v-mdl-ath__fig-a\" href=\"https:\/\/www.canarias7.es\/autor\/canarias7-6545.html\" title=\"CANARIAS7\" rel=\"nofollow noopener\" target=\"_blank\"><br \/>\n<img decoding=\"async\" class=\"v-mdl-ath__img\" src=\"https:\/\/www.europesays.com\/es\/wp-content\/uploads\/2025\/08\/1754689268_701_autor-6545-foto-1.png\" alt=\"CANARIAS7\"\/><br \/>\n<\/a><\/p>\n<p class=\"v-mdl-ath__p v-mdl-ath__p--6\">\nLunes, 15 de septiembre 2025, 19:06<\/p>\n<p class=\"v-p\">El pr\u00f3ximo jueves 18 de septiembre, a las 19:30 horas, el Real Club N\u00e1utico de Gran Canaria acoger\u00e1 la presentaci\u00f3n de la novela<strong> &#8216;Un Guardia Civil novela sobre las gestas navales espa\u00f1olas&#8217;<\/strong>. Este libro es un recorrido por la historia mar\u00edtima espa\u00f1ola a trav\u00e9s de la obra del autor y suboficial de la Guardia Civil <strong>Jos\u00e9 Antonio Devesa Salmer\u00f3n<\/strong>, destinado en la Comandancia de Las Palmas.<\/p>\n<p class=\"v-p\">El acto contar\u00e1 con la participaci\u00f3n del Contraalmirante <strong>D. Santiago de Colsa Trueva<\/strong>, almirante comandante del Mando Naval de Canarias (ALCANAR), quien ofrecer\u00e1 unas palabras de apertura.<\/p>\n<p class=\"v-p\">Este autor natural de C\u00e1diz y licenciado en Historia por la Universidad de Las Palmas de Gran Canaria, compagina su labor profesional como suboficial en la Guardia Civil con su <strong>faceta de novelista especializado en literatura naval.<\/strong><\/p>\n<p class=\"v-p\">Sus obras, enmarcadas en el g\u00e9nero de novela hist\u00f3rica, reproducen fielmente <strong>el periodo de mayor esplendor de la Real Armada del siglo XVIII<\/strong>, evocando tanto el trasfondo b\u00e9lico como las vivencias humanas de sus protagonistas.<\/p>\n<p class=\"v-p\">En Cartagena de Indias, su cuarta y m\u00e1s reciente publicaci\u00f3n, destaca la figura del <strong>Teniente General D. Blas de Lezo y Olavarrieta<\/strong>, uno de los marinos m\u00e1s emblem\u00e1ticos de la historia naval espa\u00f1ola.<\/p>\n<p class=\"v-p\">Este escritor es adem\u00e1s autor de t\u00edtulos como <strong>Viaje Redondo, El Prisionero de Tol\u00f3n y Misi\u00f3n en Inglaterra<\/strong>, obras en las que se aprecia su constante inter\u00e9s por rescatar y divulgar episodios del pasado mar\u00edtimo.<\/p>\n<p class=\"v-p\">Destacar que los protagonistas de sus novelas son siempre<strong> marinos ilustres<\/strong>; apareciendo tambi\u00e9n otros personajes destacados, ya fueran marinos de pluma o de espada.<\/p>\n<p class=\"v-p\">Esta presentaci\u00f3n, de acceso libre para el p\u00fablico, supone <strong>una invitaci\u00f3n a acercarse a la historia naval espa\u00f1ola a trav\u00e9s de la literatura.<\/strong><\/p>\n<p class=\"v-p\">Quienes acudan al Real Club N\u00e1utico de Gran Canaria tendr\u00e1n la oportunidad no solo de descubrir esta nueva obra, sino tambi\u00e9n de compartir <strong>un encuentro con su autor en un espacio cerca del mar que tanto ha inspirado sus relatos.<\/strong><\/p>\n<p>Comenta<\/p>\n<p>Reporta un error<\/p>\n","protected":false},"excerpt":{"rendered":"Cartel de la presentaci\u00f3n del libro &#8216;Un Guardia Civil novela sobre las gestas navales espa\u00f1olas&#8217;. C7 Esta obra&hellip;\n","protected":false},"author":2,"featured_media":117118,"comment_status":"","ping_status":"","sticky":false,"template":"","format":"standard","meta":{"footnotes":""},"categories":[172],"tags":[224,2804,146,147,25,24,9767,39107,2803,1496,225,39108,1645,2436,57,23],"class_list":{"0":"post-117117","1":"post","2":"type-post","3":"status-publish","4":"format-standard","5":"has-post-thumbnail","7":"category-libros","8":"tag-books","9":"tag-civil","10":"tag-entertainment","11":"tag-entretenimiento","12":"tag-es","13":"tag-espana","14":"tag-espanolas","15":"tag-gestas","16":"tag-guardia","17":"tag-libro","18":"tag-libros","19":"tag-navales","20":"tag-novela","21":"tag-presentacion","22":"tag-sobre","23":"tag-spain"},"share_on_mastodon":{"url":"","error":""},"_links":{"self":[{"href":"https:\/\/www.europesays.com\/es\/wp-json\/wp\/v2\/posts\/117117","targetHints":{"allow":["GET"]}}],"collection":[{"href":"https:\/\/www.europesays.com\/es\/wp-json\/wp\/v2\/posts"}],"about":[{"href":"https:\/\/www.europesays.com\/es\/wp-json\/wp\/v2\/types\/post"}],"author":[{"embeddable":true,"href":"https:\/\/www.europesays.com\/es\/wp-json\/wp\/v2\/users\/2"}],"replies":[{"embeddable":true,"href":"https:\/\/www.europesays.com\/es\/wp-json\/wp\/v2\/comments?post=117117"}],"version-history":[{"count":0,"href":"https:\/\/www.europesays.com\/es\/wp-json\/wp\/v2\/posts\/117117\/revisions"}],"wp:featuredmedia":[{"embeddable":true,"href":"https:\/\/www.europesays.com\/es\/wp-json\/wp\/v2\/media\/117118"}],"wp:attachment":[{"href":"https:\/\/www.europesays.com\/es\/wp-json\/wp\/v2\/media?parent=117117"}],"wp:term":[{"taxonomy":"category","embeddable":true,"href":"https:\/\/www.europesays.com\/es\/wp-json\/wp\/v2\/categories?post=117117"},{"taxonomy":"post_tag","embeddable":true,"href":"https:\/\/www.europesays.com\/es\/wp-json\/wp\/v2\/tags?post=117117"}],"curies":[{"name":"wp","href":"https:\/\/api.w.org\/{rel}","templated":true}]}}