{"id":117119,"date":"2025-09-15T18:29:09","date_gmt":"2025-09-15T18:29:09","guid":{"rendered":"https:\/\/www.europesays.com\/es\/117119\/"},"modified":"2025-09-15T18:29:09","modified_gmt":"2025-09-15T18:29:09","slug":"romi-la-serie-de-una-detective-sorda-para-amazon-prime-video-que-no-solo-da-un-ejemplo-de-realidad","status":"publish","type":"post","link":"https:\/\/www.europesays.com\/es\/117119\/","title":{"rendered":"&#8216;Romi&#8217;, la \u00abserie de una detective sorda\u00bb para Amazon Prime Video que no s\u00f3lo da un ejemplo de realidad"},"content":{"rendered":"<p class=\"article-text\">\n        La cuarta jornada del South International Series Festival 2025 ha tra\u00eddo a C\u00e1diz la presentaci\u00f3n de <strong>Romi<\/strong>, un proyecto esperado por partir del sello Mediterr\u00e1neo, de <strong>Mediaset<\/strong>, que ya tiene fecha de estreno en <strong>Amazon Prime Video<\/strong>: este pr\u00f3ximo 26 de septiembre. Pero ha sorprendido porque, de momento, no tiene planes de llegada a <strong>Telecinco<\/strong>: \u201cTodav\u00eda no, estamos ah\u00ed. Esta serie es de Mediterr\u00e1neo, que pertenece al grupo Mediaset, pero las series hoy en d\u00eda no se pueden acometer solo con el lineal, necesitan de la colaboraci\u00f3n de las plataformas. El ventaneo es una ciencia casi nuclear, con un mont\u00f3n de variables, y en este caso estamos encantad\u00edsimos que la serie se estrene en Amazon Prime Video\u201d.\n    <\/p>\n<p>    <a href=\"https:\/\/www.eldiario.es\/series\/nueva-serie-telecinco-maldita-alma-deja-ver-south-cadiz-llena-gran-teatro-falla_1_12602082.html\" data-mrf-recirculation=\"saber-mas\" data-dl-event=\"saber-mas\" rel=\"nofollow noopener\" target=\"_blank\"><\/p>\n<p class=\"know-more__title\">La nueva serie de Telecinco &#8216;Ella, maldita alma&#8217; se deja ver en el South de C\u00e1diz y llena el Gran Teatro Falla<\/p>\n<p>            <img decoding=\"async\" class=\"lazy\" loading=\"lazy\" data-src=\"https:\/\/static.eldiario.es\/clip\/17a1416a-4042-46b9-96d3-168fbf6b4c21_16-9-aspect-ratio_default_0.jpg\" src=\"data:image\/svg+xml,%3Csvg xmlns=\" http:=\"\" viewbox=\"0 0 880 495\" alt=\"La nueva serie de Telecinco 'Ella, maldita alma' se deja ver en el South de C\u00e1diz y llena el Gran Teatro Falla\"\/><\/p>\n<p>                        <\/a><\/p>\n<p class=\"article-text\">\n        Las series hoy en d\u00eda no se pueden acometer s\u00f3lo en lineal. El ventaneo es una ciencia casi nuclear, que tiene muchas variables. En este caso estamos encantad\u00edsimos de que la serie se estrene en Prime Video\u201c, ha respondido <strong>Ghislain Barrois<\/strong>, CEO de Mediterr\u00e1neo y Telecinco Cinema.\n    <\/p>\n<p class=\"article-text\">\n        La ficci\u00f3n es un drama procedimental protagonizado por <strong>Mar\u00eda Cerezuela<\/strong> en el papel de Romi, una investigadora que es sorda. Su directora, <strong>In\u00e9s Par\u00eds<\/strong>, ha destacado que \u201cpor primera vez plantea como protagonista de una serie a una chica joven que adem\u00e1s es sorda.\u00a0Es una detective, y los cap\u00edtulos nos van mostrando los diferentes casos que ella resuelve\u201d.\n    <\/p>\n<p class=\"article-text\">\n        La directora ha detallado tambi\u00e9n su tipo de sordera: \u201cEs una sordera poslocutiva, ella naci\u00f3 oyente y despu\u00e9s, a los seis a\u00f1os y en un accidente en el que muri\u00f3 su padre, es cuando ella perdi\u00f3 el o\u00eddo.\u00a0<strong>Lleva un implante coclear<\/strong>, lo cual le permite escuchar pero tambi\u00e9n desconectarse, no escuchar, y volver a su propio universo, con lo que juega la serie.\u00a0Al tiempo que contamos los casos que ella va resolviendo, mostramos esa <strong>capacidad tan especial de observar<\/strong>, con la que ella ve cosas que los dem\u00e1s no vemos, y puede llegar a conclusiones, en lo que es \u00fanica. Tiene una especie de superpoder\u201d.\n    <\/p>\n<p>    La inquietud sincera de su creador, Iker Azcoitia<\/p>\n<p class=\"article-text\">\n        Ahondando en esa diferenciaci\u00f3n de la sordera, su creador <strong>Iker Azcoitia<\/strong> ha subido en un momento al escenario (gracias a un siempre educado  y detallista Unax Ugalde que le ha cedido su sitio) para, a pregunta de un educador social, explicar hasta qu\u00e9 punto han documentado y preparado el personaje: \u201cHicimos un trabajo de documentaci\u00f3n con Araceli Casta\u00f1o, que es cofundadora de Aspas [Asociaci\u00f3n de Padres y Amigos de los Sordos], tuvimos entrevistas con Loli Bermejo, una usuaria de implante coclear, y nos documentamos en series como Disclosure, protagonizada y dirigida por dos personas sordas, o The Sound of Metal, que es una pel\u00edcula fascinante\u201d.\n    <\/p>\n<p>            <img decoding=\"async\" class=\"lazy\" loading=\"lazy\" data-src=\"https:\/\/static.eldiario.es\/clip\/08abe45d-7fa6-461b-bb8b-9447a33ed11c_16-9-discover-aspect-ratio_default_0.jpg\" src=\"data:image\/svg+xml,%3Csvg xmlns=\" http:=\"\" viewbox=\"0 0 1200 675\" alt=\"Iker Azcoitia, hablando en la presentaci\u00f3n de 'Romi'\"\/><\/p>\n<p class=\"article-text\">\n        De hecho, el creador y guionista ha explicado que la idea le surgi\u00f3 por una amiga: \u201cAntes de crear la serie trabaj\u00e9 con una gran amiga que es actriz y que es sorda, y me fascin\u00f3 sobre todo su forma de ver el mundo, su forma de expresarse, y su manera de observar. C\u00f3mo observaba todo, te le\u00eda, sab\u00eda leer el lenguaje corporal, c\u00f3mo estabas antes de que t\u00fa hablaras. Aquello me fascin\u00f3 tanto que <strong>a la hora de pensar el personaje de un detective privado pens\u00e9 que mejor que no oiga<\/strong> para que pueda ver las pistas y darse cuenta de cosas que los oyentes pasamos desapercibidas\u201d.\n    <\/p>\n<p class=\"article-text\">\n        Su creador ha aclarado c\u00f3mo se usar\u00e1 la lengua de signos: \u201cEl idioma principal de la serie es la lengua oral, el castellano, y <strong>la presencia de la lengua de signos y el euskera es muy puntual\u201d<\/strong>. Su implicaci\u00f3n es tal que Azcoitia ha explicado que lleva tres a\u00f1os estudiando lengua de signos, con la firme \u201cinquietud de seguir proponiendo personajes sobre los cuales no solemos fijarnos mucho, o no les damos la oportunidad de verlos en pantalla. Creo que es conveniente ir abriendo un poco m\u00e1s y ensanchando, sobre todo para <strong>mostrar las distintas realidades comunicativas\u201d<\/strong>.\n    <\/p>\n<p class=\"article-text\">\n        Adem\u00e1s, la serie ha contado con <strong>actores sordos<\/strong>, como ha explicado Azcoitia: \u201cEmma Vallejo Canales, que es una actriz sorda espectacular, y Marcos Pereira. Tambi\u00e9n para el piloto contamos con la asesor\u00eda de \u00c1ngela Ib\u00e1\u00f1ez, amiga m\u00eda sorda, y tuvimos a <strong>una coach<\/strong> que se llama Sara Castro\u201d.\n    <\/p>\n<p>    La lengua de signos y el \u201chincapi\u00e9\u201d de sus actrices<\/p>\n<p class=\"article-text\">\n        A la hora de plasmarlo en pantalla, la responsabilidad ha sido de <strong>Mar\u00eda Cerezuela<\/strong>, que encarna a Romi. Es una joven investigadora marcada por la tragedia por la muerte de su padre, en un accidente en el que ella perdi\u00f3 la audici\u00f3n. E interpretativamente, ese ha sido el gran reto: \u201cEstuvimos un mes, sobre todo Edurne y yo, con <strong>una coach que nos ense\u00f1\u00f3 la base de la lengua de signos<\/strong>. Estuvimos much\u00edsimos d\u00edas\u201d. Tambi\u00e9n juntas insistieron en que esa parte quedase perfecta, algo en lo que tuvo que implicarse todo el equipo ya que, por ejemplo, los momentos de la serie en los que se signa deb\u00edan mostrarse en un plano medio. \u201cPara m\u00ed lo m\u00e1s d\u00edficil\u00a0fue llevar a la pantalla la lengua de signos. Hay que signarlo bien, y pusimos mucho hincapi\u00e9 en que nos quer\u00edamos sentir seguras, y se ten\u00eda que entender bien. Edurne y yo insistimos much\u00edsimo, y con la ayuda de la coach lo hicimos\u201d, ha a\u00f1adido la actriz.\n    <\/p>\n<p>            <img decoding=\"async\" class=\"lazy\" loading=\"lazy\" data-src=\"https:\/\/static.eldiario.es\/clip\/e42485dd-ab57-4e6b-bc22-dd253dafa46d_16-9-discover-aspect-ratio_default_0.jpg\" src=\"data:image\/svg+xml,%3Csvg xmlns=\" http:=\"\" viewbox=\"0 0 1200 675\" alt=\"Mar\u00eda Cerezuela, protagonista de 'Romi'\"\/><\/p>\n<p class=\"article-text\">\n        Junto a Romi est\u00e1 el personaje de Nere, interpretado por <strong>Edurne Azk\u00e1rate<\/strong>, que se incorpora como su becaria y ayudante, y ofrece un contraste: \u201cMi personaje es muy idealista, muy buen\u00edn, y todav\u00eda cree en la humanidad. <strong>Romi es una desconfiada, mi personaje dir\u00eda que es una borde<\/strong>, pero le gusta un poco&#8230; Nere cree que puede ayudar a la gente y se encuentra con Romi, que est\u00e1 desencantada, no se f\u00eda de nadie y es una persona que va como un tanque salt\u00e1ndose todas las normas y las leyes, normas y leyes que a Nere le encanta cumplir\u201d.\n    <\/p>\n<p class=\"article-text\">\n        Su contraste provoca la introducci\u00f3n de la comedia, algo que Azk\u00e1rate explica con naturalidad y gracia: \u201cMar\u00eda y yo en alg\u00fan momento del rodaje nos dimos cuenta de que est\u00e1bamos haciendo comedia, y lo asumimos. Entonces <strong>dejamos a los mayores hacer la parte del thriller, y nosotras nos colocamos en la comedia\u201d<\/strong>. La directora In\u00e9s Par\u00eds ha defendido esta mezcla de g\u00e9neros, entre drama y comedia, como en la propia vida: \u201cNosotros en cada d\u00eda tenemos distintos momentos, no todo es comedia o drama\u201d.\n    <\/p>\n<p>    Un elenco de \u201cmayores\u201d que se han engrasado como tutores<\/p>\n<p class=\"article-text\">\n        Esos \u201cmayores\u201d, que como han reconocido ellas mismas han servido como tutores de las dos j\u00f3venes actrices, tambi\u00e9n han tomado la palabra. <strong>Natalia Mill\u00e1n<\/strong> es Alaia, la madre de Romi y a su vez jefa de investigaci\u00f3n de la Ertzaintza obsesionada por descubrir qu\u00e9 pas\u00f3 en el accidente mortal del padre de Romi. La actriz ha afirmado que quiso sumarse al proyecto desde el primer momento, y entre los motivos el representar a una protagonista sorda, y adem\u00e1s por \u201ctener una protagonista mujer, la mayor parte de los principales personajes \u00e9ramos mujeres, y dirigidas por una mujer\u201d. Tambi\u00e9n ha destacado el <strong>rodaje en Bilbao<\/strong>: \u201cEspero que haya m\u00e1s temporadas para volvernos a ir todos all\u00ed\u201d.\n    <\/p>\n<p class=\"article-text\">\n        <strong>Elena Irureta<\/strong> es Garbi\u00f1e, la abuela de Romi y suegra del personaje de Natalia Mill\u00e1n, que perdi\u00f3 a su hijo en el accidente. La actriz ha explicado que ella \u201cvive en el caser\u00edo, y es el coraz\u00f3n de la gente. Ella intenta poner paz, porque las relaciones est\u00e1n un poco tensas entre todos. Es muy c\u00f3mplice de su nieta, e intenta llevarse bien tambi\u00e9n con su nuera\u201d. Irureta ha bromeado con que <strong>\u201ces una mujer dentro de los t\u00f3picos de la matriarca vasca\u201d<\/strong>, avanzando que \u201ccomo todos, tambi\u00e9n tiene peque\u00f1os secretillos\u201d.\n    <\/p>\n<p>            <img decoding=\"async\" class=\"lazy\" loading=\"lazy\" data-src=\"https:\/\/static.eldiario.es\/clip\/a23797bf-41ca-4037-8ef9-2ac6a76c577b_16-9-discover-aspect-ratio_default_0.jpg\" src=\"data:image\/svg+xml,%3Csvg xmlns=\" http:=\"\" viewbox=\"0 0 1200 675\" alt=\"Unax Ugalde, al presentar 'Romi'\"\/><\/p>\n<p class=\"article-text\">\n        <strong>Unax Ugalde<\/strong>, en ausencia de Asier Etxeandia, ha sido la representaci\u00f3n masculina del reparto. Su personaje, H\u00e9ctor, es un ertzaina especializado en el crimen organizado y las mafias internacionales, ayudante del personaje de Natalia Mill\u00e1n, pero tambi\u00e9n m\u00e1s: \u201cNo solo compartimos una relaci\u00f3n profesional, tambi\u00e9n tenemos una <strong>relaci\u00f3n sentimental, que llevamos de alguna manera oculta\u201d<\/strong>. Por ella, ayuda a Alaia: \u201cEs una mujer muy fuerte, y mi personaje le ayuda de una manera pragm\u00e1tica a que ella se centre en sus casos profesionales, y tambi\u00e9n en los problemas familiares que tiene tambi\u00e9n a veces con su hija. Esa uni\u00f3n me lleva a tener una dif\u00edcil relaci\u00f3n con Romi, y bueno, como otros personajes, pues todos guardamos secretos&#8230;\u201d.\n    <\/p>\n<p>    No s\u00f3lo \u201cla serie de la detective sorda\u201d<\/p>\n<p class=\"article-text\">\n        Esos personajes marcan que Romi no sea simplemente \u201cla serie de la detective sorda\u201d. Su creador, Iker Azcoitia, ha resumido c\u00f3mo juegan \u201ccon <strong>tres universos muy caracter\u00edsticos<\/strong>: el caser\u00edo, que reina Garbi\u00f1e. La comisar\u00eda, donde reina Natalia. Y la agencia de detectives, donde Romi es la ni\u00f1a mimada. Tres mundos diferentes que casarlos ha sido el gran reto\u201d.\n    <\/p>\n<p class=\"article-text\">\n        In\u00e9s Par\u00eds tambi\u00e9n ha incidido en ello: \u201cToda la serie est\u00e1 recorrida por una historia que es el <strong>drama familiar<\/strong> que hay detr\u00e1s de Romi. Su madre est\u00e1 empe\u00f1ada en descubrir qu\u00e9 sucedi\u00f3 en aquel accidente, y esto las lleva a una relaci\u00f3n en la que chocan continuamente\u201d. La directora ha resumido: \u201cLo peculiar de esta serie es que trabaja dos cosas muy interesantes. Una de ellas es lo muy especial que es este personaje, y luego es una serie <strong>muy centrada en personajes femeninos y en sus relaciones<\/strong> complejas, curiosas, variadas\u201d.\n    <\/p>\n<p>            <img decoding=\"async\" class=\"lazy\" loading=\"lazy\" data-src=\"https:\/\/static.eldiario.es\/clip\/7bf88b2f-5fda-4c45-8652-b207e5471e3c_16-9-discover-aspect-ratio_default_0.jpg\" src=\"data:image\/svg+xml,%3Csvg xmlns=\" http:=\"\" viewbox=\"0 0 1200 675\" alt=\"La presentaci\u00f3n de 'Romi'\"\/><\/p>\n<p class=\"article-text\">\n        La presentaci\u00f3n ha comenzado recordando que la serie tuvo un nacimiento peculiar, ya que fue Mediaset la que la adquiri\u00f3 del programa Showrunners para descubrir y apoyar a nuevos talentos. \u201cEl proceso fue a la inversa, lo recogimos nosotros y se lo entregamos a una productora. Necesit\u00e1bamos una productora guerrera que le gustase este tipo de retos. De estas caracter\u00edsticas solo hay una, y es Mandarina. Con much\u00edsima pasi\u00f3n, recogi\u00f3 el guante del proyecto y empezamos a desarrollarlo juntos. Nos pill\u00f3 el COVID y lo par\u00f3 todo. <strong>Es un proyecto que ha muerto tres veces y ha resucitado<\/strong>, pero por el empe\u00f1o de Santi Botello ha salido\u201d.\n    <\/p>\n<p class=\"article-text\">\n        El propio <strong>Santi Botello<\/strong>, como responsable de la productora Mandarina, ha diluido el elogio explicando que en realidad lo que hab\u00eda sido es \u201cmuy afortunado\u201d, resumiendo que el proyecto lo encontr\u00f3 Mediaset y se lo confi\u00f3 a su productora, que Iker Azcoitia se incorpor\u00f3 con humildad y ganas de trabajar y aprender, y que una directora con la trayectoria de In\u00e9s Par\u00eds tambi\u00e9n quiso sumarse pese a ser un proyecto ya bastante empaquetado. \u201cEn t\u00e9rminos generales, tengo mucha suerte\u201d, ha resumido, fortaleciendo as\u00ed el trabajo de todo el equipo y mencionando especialmente a <strong>Teddy Villalba<\/strong>, el director de Ficci\u00f3n de Mandarina.\n    <\/p>\n<p>    <a href=\"https:\/\/www.eldiario.es\/vertele\/noticias\/jose-luis-moreno-presentar-docuserie-jueces-moral-fiscales-corruptos-policia-roba_1_12600703.html\" data-mrf-recirculation=\"saber-mas-abajo\" data-dl-event=\"saber-mas-abajo\" rel=\"nofollow noopener\" target=\"_blank\"><\/p>\n<p class=\"know-more__title\">Jos\u00e9 Luis Moreno contra todos para presentar su docuserie: \u201cJueces sin moral, fiscales corruptos, polic\u00eda que roba\u201d<\/p>\n<p>            <img decoding=\"async\" class=\"lazy\" loading=\"lazy\" data-src=\"https:\/\/static.eldiario.es\/clip\/1e241e8a-c2f8-4609-a8b8-f3952d63a8c2_16-9-aspect-ratio_default_0.jpg\" src=\"data:image\/svg+xml,%3Csvg xmlns=\" http:=\"\" viewbox=\"0 0 880 495\" alt=\"Jos\u00e9 Luis Moreno contra todos para presentar su docuserie: &quot;Jueces sin moral, fiscales corruptos, polic\u00eda que roba&quot;\"\/><\/p>\n<p>                        <\/a><\/p>\n<p class=\"article-text\">\n        El resultado, <strong>Romi<\/strong>, podr\u00e1 verse desde el <strong>26 de septiembre<\/strong> en <strong>Prime Video<\/strong>. Y, aunque los responsables de Mediaset no suelten prenda, en alg\u00fan momento del futuro llegar\u00e1 tambi\u00e9n a Telecinco.\n    <\/p>\n","protected":false},"excerpt":{"rendered":"La cuarta jornada del South International Series Festival 2025 ha tra\u00eddo a C\u00e1diz la presentaci\u00f3n de Romi, un&hellip;\n","protected":false},"author":2,"featured_media":117120,"comment_status":"","ping_status":"","sticky":false,"template":"","format":"standard","meta":{"footnotes":""},"categories":[171],"tags":[912,7164,39110,9637,146,147,25,24,689,521,9812,39109,156,39111,23,214,2338],"class_list":{"0":"post-117119","1":"post","2":"type-post","3":"status-publish","4":"format-standard","5":"has-post-thumbnail","7":"category-tv","8":"tag-amazon","9":"tag-da","10":"tag-detective","11":"tag-ejemplo","12":"tag-entertainment","13":"tag-entretenimiento","14":"tag-es","15":"tag-espana","16":"tag-no","17":"tag-prime","18":"tag-realidad","19":"tag-romi","20":"tag-serie","21":"tag-sorda","22":"tag-spain","23":"tag-tv","24":"tag-video"},"share_on_mastodon":{"url":"","error":""},"_links":{"self":[{"href":"https:\/\/www.europesays.com\/es\/wp-json\/wp\/v2\/posts\/117119","targetHints":{"allow":["GET"]}}],"collection":[{"href":"https:\/\/www.europesays.com\/es\/wp-json\/wp\/v2\/posts"}],"about":[{"href":"https:\/\/www.europesays.com\/es\/wp-json\/wp\/v2\/types\/post"}],"author":[{"embeddable":true,"href":"https:\/\/www.europesays.com\/es\/wp-json\/wp\/v2\/users\/2"}],"replies":[{"embeddable":true,"href":"https:\/\/www.europesays.com\/es\/wp-json\/wp\/v2\/comments?post=117119"}],"version-history":[{"count":0,"href":"https:\/\/www.europesays.com\/es\/wp-json\/wp\/v2\/posts\/117119\/revisions"}],"wp:featuredmedia":[{"embeddable":true,"href":"https:\/\/www.europesays.com\/es\/wp-json\/wp\/v2\/media\/117120"}],"wp:attachment":[{"href":"https:\/\/www.europesays.com\/es\/wp-json\/wp\/v2\/media?parent=117119"}],"wp:term":[{"taxonomy":"category","embeddable":true,"href":"https:\/\/www.europesays.com\/es\/wp-json\/wp\/v2\/categories?post=117119"},{"taxonomy":"post_tag","embeddable":true,"href":"https:\/\/www.europesays.com\/es\/wp-json\/wp\/v2\/tags?post=117119"}],"curies":[{"name":"wp","href":"https:\/\/api.w.org\/{rel}","templated":true}]}}