{"id":117127,"date":"2025-09-15T18:33:10","date_gmt":"2025-09-15T18:33:10","guid":{"rendered":"https:\/\/www.europesays.com\/es\/117127\/"},"modified":"2025-09-15T18:33:10","modified_gmt":"2025-09-15T18:33:10","slug":"pfizer-presenta-una-secuela-de-premonicion-el-podcast-que-visibiliza-la-realidad-de-los-pacientes-con-migrana","status":"publish","type":"post","link":"https:\/\/www.europesays.com\/es\/117127\/","title":{"rendered":"Pfizer presenta una secuela de &#8216;Premonici\u00f3n&#8217;, el podcast que visibiliza la realidad de los pacientes con migra\u00f1a"},"content":{"rendered":"<p><strong>Jorge Pastor Arrizabalo<br \/><\/strong>La migra\u00f1a afecta a<strong> cinco\u00a0millones de personas en Espa\u00f1a<\/strong> y a un 14% de la poblaci\u00f3n mundial. Adem\u00e1s, supone la <strong>primera causa de discapacidad en adultos menores de 50 a\u00f1os, <\/strong>la segunda a nivel mundial, ya que los s\u00edntomas que ocasiona impiden poder realizar ciertas actividades con normalidad.<\/p>\n<p>Con motivo del D\u00eda Internacional de Acci\u00f3n contra la Migra\u00f1a que se celebr\u00f3 el 12 de septiembre, Pfizer y El Extraordinario han presentado <strong>una secuela <\/strong><strong>teatralizada<\/strong> <strong>de su <a href=\"https:\/\/www.pfizer.es\/salud\/premonici%C3%B3n\" target=\"_blank\" rel=\"noopener nofollow\">podcast Premonici\u00f3n<\/a><\/strong>, con el objetivo de mostrar la realidad a la que se enfrentan los pacientes d\u00eda a d\u00eda con migra\u00f1a.\u00a0<\/p>\n<p>Este podcast tiene como protagonista a Luz Nevado, una mujer que huye de Valdemar porque es incapaz de seguir viviendo en la ciudad, y se retira al campo (Ser\u00e9n). Ella <strong>representa el perfil principal de paciente<\/strong>, que es el de una mujer de mediana edad y en situaci\u00f3n de desarrollo familiar y laboral.\u00a0<\/p>\n<p>Se trata de una enfermedad que afecta de manera desigual por sexo.<strong> El 17% de las mujeres la padecen, frente al 9% de los hombres<\/strong>. Adem\u00e1s, puede llegar a ser hereditaria, como es el caso de la protagonista, y que \u00abimpacta de manera directa a los pacientes en su edad m\u00e1s funcional y productiva\u00bb, apunta el doctor Jes\u00fas Porta-Etessam, presidente de la Sociedad Espa\u00f1ola de Neurolog\u00eda (SEN) y jefe de servicio del Hospital Universitario Fundaci\u00f3n Jim\u00e9nez D\u00edaz.<\/p>\n<p>Es una enfermedad que afecta de manera desigual por sexo. El 17% de las mujeres la padecen, frente al 9% de los hombres<\/p>\n<p>Los pacientes deben hacer frente a los <strong>estigmas de la enfermedad<\/strong> tanto \u00abdesde el diagn\u00f3stico como el tratamiento hasta el \u00e1mbito social y laboral, uno de los escenarios donde los pacientes sufren m\u00e1s incomprensi\u00f3n, afectando gravemente a la calidad de vida y salud mental\u00bb, explica el Dr. Jes\u00fas Porta.\u00a0<\/p>\n<p>A su vez, <strong>el infradiagn\u00f3stico es un obst\u00e1culo<\/strong> para el correcto abordaje de la enfermedad. Esto se debe a que los m\u00e9dicos no le dan la relevancia adecuada ya que \u00abprobablemente no lo consideramos como una patolog\u00eda importante\u00bb, comenta el jefe de Servicio de Neurolog\u00eda del Hospital Universitario Fundaci\u00f3n Jim\u00e9nez D\u00edaz.<\/p>\n<p>Otro aspecto que menciona el doctor es el sesgo cognitivo que, de manera inconsciente, provoca que \u00abla valoraci\u00f3n de la mujer sea distinta\u00bb en consulta porque seg\u00fan un estudio europeo \u00ab<strong>hacemos la historia cl\u00ednica como si la estuvi\u00e9ramos haciendo a un hombre<\/strong>\u00ab, apunta el especialista.<\/p>\n<p>El infradiagn\u00f3stico es un obst\u00e1culo porque \u00abprobablemente no lo consideramos como una patolog\u00eda importante\u00bb, apunta el Dr. Porta<\/p>\n<p>En cuanto a su tratamiento, la investigaci\u00f3n ha avanzado en los \u00faltimos a\u00f1os y, como indica el presidente de la SEN, \u00abestamos en un momento espectacular\u00bb. As\u00ed, plantea la terapia g\u00e9nica como alternativa que permita \u00abmodificar <strong>ese gen y que esa persona no desarrolle la enfermedad<\/strong> o, si la desarrolla, cambiarle realmente su cerebro o su m\u00fasculo y se recupere\u00bb.<\/p>\n<p>Otro foco de investigaci\u00f3n son los factores epigen\u00e9ticos. Con ellos, se buscar\u00eda \u00ab<strong>evitar o demorar lo m\u00e1ximo posible los factores epigen\u00e9ticos o bloquearlos<\/strong>, y que realmente no desarrollen la migra\u00f1a como tal\u00bb\u00a0en \u00abpersonas con mucha carga\u00bb, comenta el jefe de Servicio de Neurolog\u00eda Hospital Universitario Fundaci\u00f3n Jim\u00e9nez D\u00edaz.<\/p>\n<p>Tambi\u00e9n, una v\u00eda de investigaci\u00f3n que se abre es averiguar el tratamiento adecuado para el paciente en base a una muestra de saliva del paciente. L<strong>os an\u00e1lisis de sangre<\/strong> pueden servir como <strong>m\u00e9todo preventivo<\/strong> para evaluar los efectos predominantes en las crisis y as\u00ed\u00a0decidir el f\u00e1rmaco adecuado.<\/p>\n","protected":false},"excerpt":{"rendered":"Jorge Pastor ArrizabaloLa migra\u00f1a afecta a cinco\u00a0millones de personas en Espa\u00f1a y a un 14% de la poblaci\u00f3n&hellip;\n","protected":false},"author":2,"featured_media":117128,"comment_status":"","ping_status":"","sticky":false,"template":"","format":"standard","meta":{"footnotes":""},"categories":[92],"tags":[3297,25,24,165,36766,15339,166,36767,23],"class_list":{"0":"post-117127","1":"post","2":"type-post","3":"status-publish","4":"format-standard","5":"has-post-thumbnail","7":"category-salud","8":"tag-a1","9":"tag-es","10":"tag-espana","11":"tag-health","12":"tag-migrana","13":"tag-pfizer","14":"tag-salud","15":"tag-sen","16":"tag-spain"},"share_on_mastodon":{"url":"","error":""},"_links":{"self":[{"href":"https:\/\/www.europesays.com\/es\/wp-json\/wp\/v2\/posts\/117127","targetHints":{"allow":["GET"]}}],"collection":[{"href":"https:\/\/www.europesays.com\/es\/wp-json\/wp\/v2\/posts"}],"about":[{"href":"https:\/\/www.europesays.com\/es\/wp-json\/wp\/v2\/types\/post"}],"author":[{"embeddable":true,"href":"https:\/\/www.europesays.com\/es\/wp-json\/wp\/v2\/users\/2"}],"replies":[{"embeddable":true,"href":"https:\/\/www.europesays.com\/es\/wp-json\/wp\/v2\/comments?post=117127"}],"version-history":[{"count":0,"href":"https:\/\/www.europesays.com\/es\/wp-json\/wp\/v2\/posts\/117127\/revisions"}],"wp:featuredmedia":[{"embeddable":true,"href":"https:\/\/www.europesays.com\/es\/wp-json\/wp\/v2\/media\/117128"}],"wp:attachment":[{"href":"https:\/\/www.europesays.com\/es\/wp-json\/wp\/v2\/media?parent=117127"}],"wp:term":[{"taxonomy":"category","embeddable":true,"href":"https:\/\/www.europesays.com\/es\/wp-json\/wp\/v2\/categories?post=117127"},{"taxonomy":"post_tag","embeddable":true,"href":"https:\/\/www.europesays.com\/es\/wp-json\/wp\/v2\/tags?post=117127"}],"curies":[{"name":"wp","href":"https:\/\/api.w.org\/{rel}","templated":true}]}}