{"id":11715,"date":"2025-07-29T13:21:09","date_gmt":"2025-07-29T13:21:09","guid":{"rendered":"https:\/\/www.europesays.com\/es\/11715\/"},"modified":"2025-07-29T13:21:09","modified_gmt":"2025-07-29T13:21:09","slug":"exposiciones-musica-cubana-y-un-espectaculo-circense-en-la-agenda-de-verano-del-ayuntamiento-de-mostoles","status":"publish","type":"post","link":"https:\/\/www.europesays.com\/es\/11715\/","title":{"rendered":"Exposiciones, m\u00fasica cubana y un espect\u00e1culo circense, en la agenda de verano del Ayuntamiento de M\u00f3stoles"},"content":{"rendered":"<ul>\n<li class=\" cmAlignjustify\"><strong>El Centro Cultural Villa de M\u00f3stoles acoger\u00e1, hasta el 21 de agosto, exposiciones de pintura y de arte textil, en la Sala de las Columnas y la Sala del Reloj, respectivamente.<\/strong><\/li>\n<\/ul>\n<ul>\n<li class=\" cmAlignjustify\"><strong>La programaci\u00f3n cultural contin\u00faa con Verbena y Verbena infantil el viernes 1 de agosto, con el espect\u00e1culo circense \u00abSue\u00f1os Encantados\u00bb, adem\u00e1s de un concierto de flamenco fusi\u00f3n, el d\u00eda 2, y otro de m\u00fasica cubana, el d\u00eda 3. <\/strong><\/li>\n<\/ul>\n<p class=\"cmParagraph cmAlignjustify\"><img loading=\"lazy\" decoding=\"async\" src=\"https:\/\/www.europesays.com\/es\/wp-content\/uploads\/2025\/07\/1377589-destacada Espect\u00e1culo circense Sue\u00f1os Encantados copia.jpg\" width=\"400\" height=\"225\" alt=\"destacada Espect\u00e1culo circense Sue\u00f1os Encantados copia\"\/>El Ayuntamiento de M\u00f3stoles, a trav\u00e9s de la Concejal\u00eda de Cultura, Desarrollo y Promoci\u00f3n Tur\u00edstica, ofrece exposiciones y una variada programaci\u00f3n gratuita para las noches de verano gracias a Verbena y Verbena infantil.  <\/p>\n<p class=\"cmParagraph cmAlignjustify\">Los amantes del Arte tienen una cita con las exposiciones que se pueden ver en el Centro Cultural Villa de M\u00f3stoles, como la del artista Paco Nieto, <strong>\u00abTierra y Agua\u00bb<\/strong>, que muestra una colecci\u00f3n de pintura inspirada en estos elementos fundamentales de la naturaleza y que podr\u00e1 visitarse en la Sala de las Columnas hasta el 21 de agosto. <\/p>\n<p class=\"cmParagraph cmAlignjustify\">Adem\u00e1s, el Centro Cultural Villa de M\u00f3stoles, acoge una exposici\u00f3n de arte textil, creada por Luc\u00eda Blesa Garc\u00eda, que bajo el t\u00edtulo <strong>\u00abGeometr\u00eda y Naturaleza\u00bb<\/strong>, ofrece diversas obras que reflejan un di\u00e1logo entre estos dos ejes tem\u00e1ticos que inspirar\u00e1n al espectador. Esta colecci\u00f3n se puede visitar en la Sala del Reloj hasta el 21 de agosto. <\/p>\n<p class=\"cmParagraph cmAlignjustify\">Por otro lado, el Ayuntamiento de M\u00f3stoles ya ha abierto el plazo de <strong>presentaci\u00f3n de proyectos art\u00edsticos expositivos para 2026<\/strong>, hasta el 23 de septiembre. Tras pasar un proceso de selecci\u00f3n, podr\u00e1n exponerse en los centros socioculturales del municipio como El Soto, Joan Mir\u00f3, Caleidoscopio, Centro Cultural Villa de M\u00f3stoles y Museo de la Ciudad, como parte de la programaci\u00f3n de exposiciones prevista para el a\u00f1o 2026. <\/p>\n<p class=\"cmParagraph cmAlignjustify\">La agenda cultural ofrece para inaugurar el mes de agosto, el viernes 1, el espect\u00e1culo circense <strong>\u00abSue\u00f1os encantados\u00bb<\/strong>, a cargo de la compa\u00f1\u00eda Tchyminigagua, dentro de Verbena Infantil, en la Plaza del Sol, a las 21:30 h, que ofrecer\u00e1 sorpresas y diversi\u00f3n a los peque\u00f1os y sus familias. <\/p>\n<p class=\"cmParagraph cmAlignjustify\">El s\u00e1bado 2 de agosto, a las 21:30 h, el concierto de \u00ab<strong>Germ\u00e1n Morales<\/strong>\u00bb llenar\u00e1 la Plaza de la Cultura del encanto del flamenco fusi\u00f3n, gracias a <strong>\u00abUna voz y un piano\u00bb<\/strong>, que ofrecer\u00e1 covers, temas cien por cien versionados a piano, de m\u00fasica de ayer y de hoy, con un sello personal caracter\u00edstico. <\/p>\n<p class=\"cmParagraph cmAlignjustify\">La pel\u00edcula <strong>\u00abMigraci\u00f3n. Un viaje patas arriba\u00bb<\/strong>, se podr\u00e1 ver, el d\u00eda 2, en el Cine de Verano de Parque Coimbra (calle de los Olmos esquina Avenida de los Sauces), a las 22:00 h, con acceso libre. Este film de animaci\u00f3n tiene a una familia de patos como protagonista, y relata el viaje que realizan hacia el sur para pasar el invierno. Pero un viaje lleno de imprevistos les descubrir\u00e1 nuevos horizontes, nuevos amigos y les har\u00e1 vivir experiencias inimaginables que les ayudar\u00e1n a conocerse mejor. <\/p>\n<p class=\"cmParagraph cmAlignjustify\">El domingo 3 de agosto, la agenda comienza con la representaci\u00f3n de t\u00edteres, dentro de Verbena Infantil, del cl\u00e1sico <strong>\u00abLos tres cerditos\u00bb<\/strong>. La compa\u00f1\u00eda La Estrella Teatro, pondr\u00e1 su toque personal a esta historia en el Teatro de T\u00edteres del Parque Finca Liana, a las 11:00 h. La entrada es gratuita y hasta completar aforo. <\/p>\n<p class=\"cmParagraph cmAlignjustify\">La programaci\u00f3n cultural concluir\u00e1 el d\u00eda 3, a las 21:30 h, con el concierto de m\u00fasica cubana, a cargo de <strong>\u00abLos D\u00b4Orlando de Cuba\u00bb<\/strong>, que pondr\u00e1n sonidos latinos al ritmo de son, bolero, ch\u00e1 ch\u00e1 ch\u00e1, rumba, guaracha o danz\u00f3n, entre otros, en la Plaza de la Cultura. <\/p>\n","protected":false},"excerpt":{"rendered":"El Centro Cultural Villa de M\u00f3stoles acoger\u00e1, hasta el 21 de agosto, exposiciones de pintura y de arte&hellip;\n","protected":false},"author":2,"featured_media":11716,"comment_status":"","ping_status":"","sticky":false,"template":"","format":"standard","meta":{"footnotes":""},"categories":[91],"tags":[1201,6853,1250,6854,777,2800,5509,146,147,25,24,6852,1928,6850,6849,10,4111,6851,23,6855],"class_list":{"0":"post-11715","1":"post","2":"type-post","3":"status-publish","4":"format-standard","5":"has-post-thumbnail","7":"category-entretenimiento","8":"tag-alcalde","9":"tag-atencioacuten-ciudadana","10":"tag-ayuntamiento","11":"tag-callejero","12":"tag-ciudad","13":"tag-distritos","14":"tag-empleo","15":"tag-entertainment","16":"tag-entretenimiento","17":"tag-es","18":"tag-espana","19":"tag-inversioacuten","20":"tag-joven","21":"tag-juventud","22":"tag-moacutestoles","23":"tag-noticias","24":"tag-presupuestos","25":"tag-sede-electroacutenica","26":"tag-spain","27":"tag-webs-municipales"},"share_on_mastodon":{"url":"","error":""},"_links":{"self":[{"href":"https:\/\/www.europesays.com\/es\/wp-json\/wp\/v2\/posts\/11715","targetHints":{"allow":["GET"]}}],"collection":[{"href":"https:\/\/www.europesays.com\/es\/wp-json\/wp\/v2\/posts"}],"about":[{"href":"https:\/\/www.europesays.com\/es\/wp-json\/wp\/v2\/types\/post"}],"author":[{"embeddable":true,"href":"https:\/\/www.europesays.com\/es\/wp-json\/wp\/v2\/users\/2"}],"replies":[{"embeddable":true,"href":"https:\/\/www.europesays.com\/es\/wp-json\/wp\/v2\/comments?post=11715"}],"version-history":[{"count":0,"href":"https:\/\/www.europesays.com\/es\/wp-json\/wp\/v2\/posts\/11715\/revisions"}],"wp:featuredmedia":[{"embeddable":true,"href":"https:\/\/www.europesays.com\/es\/wp-json\/wp\/v2\/media\/11716"}],"wp:attachment":[{"href":"https:\/\/www.europesays.com\/es\/wp-json\/wp\/v2\/media?parent=11715"}],"wp:term":[{"taxonomy":"category","embeddable":true,"href":"https:\/\/www.europesays.com\/es\/wp-json\/wp\/v2\/categories?post=11715"},{"taxonomy":"post_tag","embeddable":true,"href":"https:\/\/www.europesays.com\/es\/wp-json\/wp\/v2\/tags?post=11715"}],"curies":[{"name":"wp","href":"https:\/\/api.w.org\/{rel}","templated":true}]}}