{"id":117155,"date":"2025-09-15T18:49:08","date_gmt":"2025-09-15T18:49:08","guid":{"rendered":"https:\/\/www.europesays.com\/es\/117155\/"},"modified":"2025-09-15T18:49:08","modified_gmt":"2025-09-15T18:49:08","slug":"la-mujer-de-verde-esta-creando-algo-potente-de-cara-a-su-disco-debut","status":"publish","type":"post","link":"https:\/\/www.europesays.com\/es\/117155\/","title":{"rendered":"La Mujer de Verde est\u00e1 creando \u00abalgo potente\u00bb de cara a su disco debut"},"content":{"rendered":"<p>Hay bandas que saben apropiarse de los ecos de otros y devolverlos con una intensidad renovada. <strong>La Mujer de Verde (LMDV)<\/strong> \u2013<a href=\"https:\/\/www.ultimahora.es\/etiqueta\/Pedro+Adrover.html?utm_source=Inline-tag&amp;utm_medium=internal\" rel=\"nofollow noopener\" target=\"_blank\">Pedro Adrover<\/a> (voz y guitarra), Rafael Alemany (guitarra), Tomeu Cresp\u00ed (bater\u00eda), Manolo Rodr\u00edguez \u2018Beicon\u2019 (teclado) y Julio Ballesteros (bajo)\u2013 ha perfeccionado el delicado arte de vampirizar el repertorio de algunos de los nombres m\u00e1s reconocibles del indie espa\u00f1ol. Izal, Viva Suecia, Supersubmarina\u2026 La lista de cuerpos \u2018absorbidos\u2019 es larga. Pero ahora, tras ese meticuloso aprendizaje, han decidido dar un salto mortal sin red: dejar de reproducir universos ajenos y construir el suyo propio. Y lo hacen con sus dos primeros singles in\u00e9ditos, Hipersue\u00f1o y Vac\u00edo, que funcionar\u00e1n como avanzadilla de un viaje sonoro que apenas comienza.<\/p>\n<p>El momento del giro, seg\u00fan<strong>\u2006Pedro Adrover<\/strong>, surgi\u00f3 casi como una epifan\u00eda en pleno ensayo. \u00abFue un bendito momento\u00bb, recuerda. \u00abDe pronto nos dimos cuenta de que quer\u00edamos dejar el mundo un poquito mejor de c\u00f3mo lo encontramos\u00bb. Lo interesante es que este tr\u00e1nsito no parte de la comodidad. Si enfrentarse al p\u00fablico con versiones c\u00e9lebres aseguraba un tipo de acogida casi inmediata, ahora lo que les espera es la incertidumbre. Y, sin embargo, el v\u00e9rtigo parece jugar a favor. \u00abEsa duda es estimulante\u00bb, confiesa Adrover. \u00abCreemos que estamos creando algo lo suficientemente potente como para que esa variable se haga muy peque\u00f1ita\u00bb.<\/p>\n<p>La banda ha optado por una estrategia quir\u00fargica, lanzar primero dos sencillos que act\u00faan como piezas iniciales de un universo en expansi\u00f3n. Hay, en estas canciones, <strong>un mestizaje de g\u00e9neros<\/strong> que rehuye las etiquetas f\u00e1ciles: rock, electr\u00f3nica e indie en dosis que respiran libertad y ambici\u00f3n. Pero donde la cosa se pone verdaderamente interesante es en las letras. La Mujer de Verde no ha querido jugar sobre seguro, \u00ablas canciones hablan de un viaje on\u00edrico, de un personaje que, aun con dudas, acepta ser inducido al hipersue\u00f1o para abandonar su planeta y sumarse al \u00e9xodo de su humanidad\u00bb. Una premisa casi de ciencia ficci\u00f3n que revela que el salto hacia la creaci\u00f3n propia no ser\u00e1 t\u00edmido, sino decididamente expansivo.<\/p>\n<p><strong>Influencias<\/strong><br \/>No es casualidad que entre sus <strong>influencias<\/strong> aparezcan nombres como David Bowie. En el trasfondo, late un deseo de trascender lo inmediato, de escapar de los l\u00edmites de la insularidad y proyectar su sonido m\u00e1s all\u00e1 de Mallorca. La ambici\u00f3n, eso s\u00ed, no viene revestida de solemnidad sino de disfrute. \u00abLlevamos juntos poco m\u00e1s de un a\u00f1o\u00bb, explica Adrover, \u00aby este salto ha sido grande. Quiz\u00e1s sea el impulso para algo mayor\u2026 pero, pase lo que pase, nos lo vamos a gozar\u00bb.<\/p>\n<p><strong>El estreno de estos dos primeros temas ser\u00e1 el 10 de octubre en Es Gremi<\/strong>, dentro de la II edici\u00f3n de la Gran Fiesta del Indie. Ser\u00e1 un contexto perfecto para que La Mujer de Verde muestre por primera vez su nueva piel, acompa\u00f1ados por Juancar de Supersubmarina, \u00abuno de los pilares del indie nacional\u00bb, y por nombres locales como Butxe &amp; Antartic, Clandestino y J\u00e4glermaister. Los temas, grabados, mezclados y masterizados por M. \u00c1ngel Riutort (Mega) en los Psychosomatic Recording Studios, aspiran a \u00absacudir corazones\u00bb y, por qu\u00e9 no, a conquistar territorios sonoros que hasta ahora parec\u00edan vedados.<\/p>\n","protected":false},"excerpt":{"rendered":"Hay bandas que saben apropiarse de los ecos de otros y devolverlos con una intensidad renovada. La Mujer&hellip;\n","protected":false},"author":2,"featured_media":117156,"comment_status":"","ping_status":"","sticky":false,"template":"","format":"standard","meta":{"footnotes":""},"categories":[174],"tags":[255,209,146,147,25,24,256,185,39113,23],"class_list":{"0":"post-117155","1":"post","2":"type-post","3":"status-publish","4":"format-standard","5":"has-post-thumbnail","7":"category-famosos","8":"tag-celebrities","9":"tag-cultura","10":"tag-entertainment","11":"tag-entretenimiento","12":"tag-es","13":"tag-espana","14":"tag-famosos","15":"tag-musica","16":"tag-pedro-adrover","17":"tag-spain"},"share_on_mastodon":{"url":"","error":""},"_links":{"self":[{"href":"https:\/\/www.europesays.com\/es\/wp-json\/wp\/v2\/posts\/117155","targetHints":{"allow":["GET"]}}],"collection":[{"href":"https:\/\/www.europesays.com\/es\/wp-json\/wp\/v2\/posts"}],"about":[{"href":"https:\/\/www.europesays.com\/es\/wp-json\/wp\/v2\/types\/post"}],"author":[{"embeddable":true,"href":"https:\/\/www.europesays.com\/es\/wp-json\/wp\/v2\/users\/2"}],"replies":[{"embeddable":true,"href":"https:\/\/www.europesays.com\/es\/wp-json\/wp\/v2\/comments?post=117155"}],"version-history":[{"count":0,"href":"https:\/\/www.europesays.com\/es\/wp-json\/wp\/v2\/posts\/117155\/revisions"}],"wp:featuredmedia":[{"embeddable":true,"href":"https:\/\/www.europesays.com\/es\/wp-json\/wp\/v2\/media\/117156"}],"wp:attachment":[{"href":"https:\/\/www.europesays.com\/es\/wp-json\/wp\/v2\/media?parent=117155"}],"wp:term":[{"taxonomy":"category","embeddable":true,"href":"https:\/\/www.europesays.com\/es\/wp-json\/wp\/v2\/categories?post=117155"},{"taxonomy":"post_tag","embeddable":true,"href":"https:\/\/www.europesays.com\/es\/wp-json\/wp\/v2\/tags?post=117155"}],"curies":[{"name":"wp","href":"https:\/\/api.w.org\/{rel}","templated":true}]}}