{"id":117177,"date":"2025-09-15T19:04:16","date_gmt":"2025-09-15T19:04:16","guid":{"rendered":"https:\/\/www.europesays.com\/es\/117177\/"},"modified":"2025-09-15T19:04:16","modified_gmt":"2025-09-15T19:04:16","slug":"cintruenigo-el-payo-borda-el-toreo-cayetano-y-aaron-a-hombros","status":"publish","type":"post","link":"https:\/\/www.europesays.com\/es\/117177\/","title":{"rendered":"Cintru\u00e9nigo, El Payo borda el toreo, Cayetano y Aar\u00f3n a hombros"},"content":{"rendered":"<p>Fue Algarra lo que desorej\u00f3 Cayetano, una y dos respectivamente, en un encierro de presentaci\u00f3n acorde a la plaza. No sobrado de pujanza, sirvi\u00f3,\u00a0 siendo en mejor el cuarto toro, quinto de la tarde. A este El Payo le enjaret\u00f3 un pu\u00f1ado de ver\u00f3nicas meci\u00e9ndolo con suavidad, una media de cartel y lo puso al caballo galleando por chicuelinas. Despu\u00e9s de brindar al p\u00fablico, recital de templada muleta por ambos\u00a0 pitones y preciosos cambios de mano o pases de pecho. Tambi\u00e9n hubo molinetes y trincherillas con aroma. El estoconazo entr\u00f3 a la tercera, lo que le priv\u00f3 de una petici\u00f3n de rabo multitudinaria y dos orejas seguras. La vuelta al ruedo fue aclamada.<\/p>\n<p>Cayetano firm\u00f3 unas faenas maduras, demostrando que su toreo est\u00e1 en el mejor momento en \u00e9sta temporada de su despedida. Se le desorden\u00f3 la lidia, de la que era director, precisamente en el primero que se pic\u00f3 cerca de toriles. Por su retiro, recibi\u00f3 los brindis de El Payo y Navas.<\/p>\n<p>El p\u00fablico recibi\u00f3 brindis de Cayetano y El Payo. Cayetano Rivera fue quien mejor manej\u00f3 la espada.<\/p>\n<p>Fue Guadalest, el otro hierro de la tarde, quien ech\u00f3 por delante un eral magn\u00edfico. Ante este gran Flamenco Aar\u00f3n Navas, tras brindar a su abuelo, toreo mucho y con gust\u00f3. El colorado era incansable y ah\u00ed estuvo el novillero. No mat\u00f3 bien el chaval, nada raro sin caballos, m\u00e1s obtuvo las dos orejas. Felicit\u00e9 a la joven ganadera por ese novillo y por un reciente indulto en otra plaza.<\/p>\n<p>El sexto, segundo de Guadalest, ten\u00eda m\u00e1s carb\u00f3n y puso en dificultades a Navas. El chaval estuvo valiente, sufri\u00f3 revolcones y la li\u00f3 con el descabello, suerte que apenas pueden entrenar.<\/p>\n<p><strong>Ficha:<\/strong><\/p>\n<p>Plaza de toros de Cintru\u00e9nigo, 13-9-2025. M\u00e1s de media entrada en corrida mixta y buena temperatura. Al finalizar el pase\u00edllo son\u00f3 el Himno Nacional.<\/p>\n<p>Cuatro toros de Luis Algarra Polera, colaboradores, peor el primero siendo el mejor el lidiado en quinto lugar. Y dos erales de Guadalest, con mucha clase y bravura el primero, tercero de la tarde.<\/p>\n<p>Cayetano, oreja y dos orejas.<\/p>\n<p>El Payo, ovaci\u00f3n con saludos y vuelta a ruedo tras aviso.<\/p>\n<p>Aar\u00f3n Navas, dos orejas y palmas tras aviso.<\/p>\n<p>Aplaudido en el arrastre el primero de Guadalest<\/p>\n<p>Cayetano y Navas salieron a hombros, en tanto El Payo lo hac\u00eda entre una gran ovaci\u00f3n. Se hab\u00eda visto torear mucho y bien, felicitaciones a Tauro Luj\u00e1n.<\/p>\n<p><strong>Jes\u00fas Javier Corpas Maule\u00f3n<\/strong><\/p>\n","protected":false},"excerpt":{"rendered":"Fue Algarra lo que desorej\u00f3 Cayetano, una y dos respectivamente, en un encierro de presentaci\u00f3n acorde a la&hellip;\n","protected":false},"author":2,"featured_media":117178,"comment_status":"","ping_status":"","sticky":false,"template":"","format":"standard","meta":{"footnotes":""},"categories":[277],"tags":[373,30978,168,6141,25,24,23,167,374,444],"class_list":{"0":"post-117177","1":"post","2":"type-post","3":"status-publish","4":"format-standard","5":"has-post-thumbnail","7":"category-toreo","8":"tag-bullfighting","9":"tag-cintruenigo","10":"tag-deportes","11":"tag-el-payo","12":"tag-es","13":"tag-espana","14":"tag-spain","15":"tag-sports","16":"tag-toreo","17":"tag-toros"},"share_on_mastodon":{"url":"","error":""},"_links":{"self":[{"href":"https:\/\/www.europesays.com\/es\/wp-json\/wp\/v2\/posts\/117177","targetHints":{"allow":["GET"]}}],"collection":[{"href":"https:\/\/www.europesays.com\/es\/wp-json\/wp\/v2\/posts"}],"about":[{"href":"https:\/\/www.europesays.com\/es\/wp-json\/wp\/v2\/types\/post"}],"author":[{"embeddable":true,"href":"https:\/\/www.europesays.com\/es\/wp-json\/wp\/v2\/users\/2"}],"replies":[{"embeddable":true,"href":"https:\/\/www.europesays.com\/es\/wp-json\/wp\/v2\/comments?post=117177"}],"version-history":[{"count":0,"href":"https:\/\/www.europesays.com\/es\/wp-json\/wp\/v2\/posts\/117177\/revisions"}],"wp:featuredmedia":[{"embeddable":true,"href":"https:\/\/www.europesays.com\/es\/wp-json\/wp\/v2\/media\/117178"}],"wp:attachment":[{"href":"https:\/\/www.europesays.com\/es\/wp-json\/wp\/v2\/media?parent=117177"}],"wp:term":[{"taxonomy":"category","embeddable":true,"href":"https:\/\/www.europesays.com\/es\/wp-json\/wp\/v2\/categories?post=117177"},{"taxonomy":"post_tag","embeddable":true,"href":"https:\/\/www.europesays.com\/es\/wp-json\/wp\/v2\/tags?post=117177"}],"curies":[{"name":"wp","href":"https:\/\/api.w.org\/{rel}","templated":true}]}}