{"id":117187,"date":"2025-09-15T19:11:08","date_gmt":"2025-09-15T19:11:08","guid":{"rendered":"https:\/\/www.europesays.com\/es\/117187\/"},"modified":"2025-09-15T19:11:08","modified_gmt":"2025-09-15T19:11:08","slug":"davide-ancelotti-un-tecnico-novato-en-apuros","status":"publish","type":"post","link":"https:\/\/www.europesays.com\/es\/117187\/","title":{"rendered":"Davide Ancelotti, un t\u00e9cnico novato en apuros"},"content":{"rendered":"<p class=\"ft-text\"><strong>Semana negra para Davide Ancelotti.<\/strong> El jueves, su Botafogo fue eliminado en casa en un derbi de m\u00e1xima rivalidad contra el Vasco da Gama, decidido en la tanda de penaltis, y se despidi\u00f3 de la Copa do Brasil en los cuartos de final. Y este domingo, en una actuaci\u00f3n desastrosa de su equipo, perdi\u00f3 en su visita al S\u00e3o Paulo (1-0), un adversario directo en la lucha por entrar en una de las cuatro posiciones que dan acceso directo a la fase de grupos de la Copa Libertadores 2026.<\/p>\n<p class=\"ft-text\"><strong>&#8216;Ancelottinho&#8217;, como ya le llaman en Brasil, est\u00e1 en el ojo del hurac\u00e1n. <\/strong><a class=\"ft-link ft-link--decoration\" href=\"https:\/\/www.sport.es\/es\/noticias\/futbol-internacional\/america\/fracaso-hijo-ancelotti-121516050\" rel=\"nofollow noopener\" target=\"_blank\">Acumula dos eliminaciones coperas inesperadas y contra adversarios te\u00f3ricamente inferiores<\/a>, porque en la Copa Libertadores ya hab\u00eda sido apeado por la LDU de Quito en los octavos de final, y su planteamiento, en su \u00faltimo partido en el estadio Morumb\u00ed, fue simplemente lamentable.<\/p>\n<p class=\"ft-text\"><strong>La primera finalizaci\u00f3n de los botafoguenses ante el S\u00e3o Paulo solo lleg\u00f3 a los 80 minutos de partido<\/strong>, consecuencia del desaguisado t\u00e1ctico del novel t\u00e9cnico italiano, que afronta su debut como primer entrenador.<\/p>\n<p class=\"ft-text\"><strong>Davide Ancelotti desech\u00f3 todo el primer tiempo con un trivote que descaracteriz\u00f3 a su equipo por completo <\/strong>y que ya hab\u00eda puesto en pr\u00e1ctica el d\u00eda de la eliminaci\u00f3n contra la LDU, cuando fue superado por 2-0 en Quito.<\/p>\n<p class=\"ft-text\">Este domingo, su intenci\u00f3n era llenar el medio del campo para contrarrestar a los cinco centrocampistas con los que act\u00faa el conjunto de <strong>Hern\u00e1n Crespo<\/strong>, donde, en un sistema con tres centrales marcadores, los dos laterales act\u00faan en la medular.<\/p>\n<p class=\"ft-text\"><strong>La apuesta de &#8216;Ancelottinho&#8217; naufrag\u00f3 y recibi\u00f3 un ba\u00f1o t\u00e1ctico de aquellos que hacen \u00e9poca por parte de su hom\u00f3nimo argentino, que ha enderezado el rumbo del S\u00e3o Paulo<\/strong>: <a class=\"ft-link ft-link--decoration\" href=\"https:\/\/www.sport.es\/es\/videos\/futbol-internacional\/20250915\/hernan-crespo-piloto-f1\/121597817.shtml\" rel=\"nofollow noopener\" target=\"_blank\">con una sola derrota en los \u00faltimos nueve compromisos ligueros y que, este jueves, afronta lanzado la ida de los cuartos de final de la Libertadores contra la LDU, el verdugo de los botafoguenses.<\/a><\/p>\n<p class=\"ft-text\"><strong>Las probaturas t\u00e1cticas de Davide vinieron con rotaciones incorporadas, lo que no se acaba de entender<\/strong>. Por mucho que el Fog\u00e3o hubiera jugado 48 horas antes, ven\u00eda de descansar en la fecha FIFA y su pr\u00f3ximo partido es solo el pr\u00f3ximo fin de semana.<\/p>\n<p class=\"ft-text\"><strong>Descapitaliz\u00f3 la defensa<\/strong> rompiendo la dupla de centrales Barboza (que descans\u00f3) y Kaio Pantale\u00e3o, una de las m\u00e1s eficientes del campeonato, y la elecci\u00f3n del veterano Mar\u00e7al en el lateral izquierdo, en lugar de Alex Telles, no funcion\u00f3.<\/p>\n<p class=\"ft-text\"><strong>Y el medio del campo fue un agujero negro, incapaz de contener a los saopaulinos<\/strong>, que se mov\u00edan muy bien entre l\u00edneas, y de sacar el bal\u00f3n con calidad desde atr\u00e1s. Por eso, el ex del C\u00e1diz <strong>Chris Ramos <\/strong>vivi\u00f3 aislado en punta de ataque, donde siempre estuvo en inferioridad ante los tres centrales de jerarqu\u00eda tricolor. Lo intent\u00f3 arreglar &#8216;Ancelottinho&#8217; en la media parte y, aunque hubo una mejora colectiva en el segundo tiempo, fue insuficiente para forzar el empate.<\/p>\n<p class=\"ft-text\"><strong>\u00abSoy el responsable de lo que ha ocurrido\u00bb<\/strong>, admiti\u00f3 Davide en rueda de prensa. El mea culpa ha servido de bien poco, porque no son pocos los foros botafoguenses donde, el domingo por la noche y este lunes,<strong> piden su destituci\u00f3n. Los \u00e1nimos andan muy caldeados. La paciencia con el hijo de Ancelotti ha durado dos meses.<\/strong><\/p>\n","protected":false},"excerpt":{"rendered":"Semana negra para Davide Ancelotti. El jueves, su Botafogo fue eliminado en casa en un derbi de m\u00e1xima&hellip;\n","protected":false},"author":2,"featured_media":117188,"comment_status":"","ping_status":"","sticky":false,"template":"","format":"standard","meta":{"footnotes":""},"categories":[268],"tags":[39115,39116,3216,34940,23204,39114,168,25,24,280,282,281,23,167],"class_list":{"0":"post-117187","1":"post","2":"type-post","3":"status-publish","4":"format-standard","5":"has-post-thumbnail","7":"category-futbol","8":"tag-ancelottinho","9":"tag-botafogo","10":"tag-brasil","11":"tag-brasileirao","12":"tag-carlo-ancelotti","13":"tag-davide-ancelotti","14":"tag-deportes","15":"tag-es","16":"tag-espana","17":"tag-football","18":"tag-futbol","19":"tag-soccer","20":"tag-spain","21":"tag-sports"},"share_on_mastodon":{"url":"","error":""},"_links":{"self":[{"href":"https:\/\/www.europesays.com\/es\/wp-json\/wp\/v2\/posts\/117187","targetHints":{"allow":["GET"]}}],"collection":[{"href":"https:\/\/www.europesays.com\/es\/wp-json\/wp\/v2\/posts"}],"about":[{"href":"https:\/\/www.europesays.com\/es\/wp-json\/wp\/v2\/types\/post"}],"author":[{"embeddable":true,"href":"https:\/\/www.europesays.com\/es\/wp-json\/wp\/v2\/users\/2"}],"replies":[{"embeddable":true,"href":"https:\/\/www.europesays.com\/es\/wp-json\/wp\/v2\/comments?post=117187"}],"version-history":[{"count":0,"href":"https:\/\/www.europesays.com\/es\/wp-json\/wp\/v2\/posts\/117187\/revisions"}],"wp:featuredmedia":[{"embeddable":true,"href":"https:\/\/www.europesays.com\/es\/wp-json\/wp\/v2\/media\/117188"}],"wp:attachment":[{"href":"https:\/\/www.europesays.com\/es\/wp-json\/wp\/v2\/media?parent=117187"}],"wp:term":[{"taxonomy":"category","embeddable":true,"href":"https:\/\/www.europesays.com\/es\/wp-json\/wp\/v2\/categories?post=117187"},{"taxonomy":"post_tag","embeddable":true,"href":"https:\/\/www.europesays.com\/es\/wp-json\/wp\/v2\/tags?post=117187"}],"curies":[{"name":"wp","href":"https:\/\/api.w.org\/{rel}","templated":true}]}}