{"id":11720,"date":"2025-07-29T13:24:08","date_gmt":"2025-07-29T13:24:08","guid":{"rendered":"https:\/\/www.europesays.com\/es\/11720\/"},"modified":"2025-07-29T13:24:08","modified_gmt":"2025-07-29T13:24:08","slug":"terremoto-politico-en-colombia-condenado-el-expresidente-uribe","status":"publish","type":"post","link":"https:\/\/www.europesays.com\/es\/11720\/","title":{"rendered":"Terremoto pol\u00edtico en Colombia: condenado el expresidente Uribe"},"content":{"rendered":"<p>El llamado \u00abjuicio del siglo\u00bb ha terminado con un veredicto hist\u00f3rico. <a href=\"https:\/\/www.elindependiente.com\/politica\/2016\/09\/25\/el-acuerdo-no-favorece-a-la-democracia-sino-que-le-entrega-colombia-a-las-farc\/\" target=\"_blank\" rel=\"noreferrer noopener nofollow\">\u00c1lvaro Uribe<\/a>, de 73 a\u00f1os, se ha convertido en el primer expresidente de Colombia (2002-2010) en ser condenado en los tribunales. La pena, que se conocer\u00e1 el 1 de agosto, oscilar\u00e1 entre los cuatro y los ocho a\u00f1os, pero podr\u00e1 cumplirla en prisi\u00f3n domiciliaria, seg\u00fan ha anticipado la juez. Los expresidentes Iv\u00e1n Duque y Andr\u00e9s Pastrana han respaldado a Uribe, a quien han dicho que \u00abno est\u00e1 solo\u00bb. El secretario de Estado, Marco Rubio, ha dicho que el \u00fanico delito de Uribe ha sido \u00abdefender a su patria\u00bb y ha lamentado el precedente de esta \u00abinstrumentalizaci\u00f3n del poder judicial por jueces radicales\u00bb. <\/p>\n<p>La juez 44 Penal del Circuito de Bogot\u00e1, Sandra Heredia, ha dado a conocer el fallo contra Uribe, fundador de partido Centro Democr\u00e1tico, en una audiencia de m\u00e1s de diez horas. Las pruebas presentadas por la Fiscal\u00eda en el juicio fueron lo suficientemente s\u00f3lidas como para anunciar contra Uribe un \u00abfallo de car\u00e1cter condenatorio por las conductas punibles de soborno en actuaci\u00f3n penal, en concurso homog\u00e9neo en tres oportunidades y en concurso heterog\u00e9neo en relaci\u00f3n con el fraude procesal\u00bb, seg\u00fan la juez. <\/p>\n<p>La juez, que ha elogiado la \u00abgallard\u00eda\u00bb de Uribe, ha anticipado que podr\u00e1 cumplir la pena en su domicilio, seg\u00fan informa la agencia Efe. Sin embargo, la fiscal del caso, Marlene Orjuela, ha demandado nueve a\u00f1os, y una multa de 1.025 salarios m\u00ednimos legales vigentes, que equivalen a 1.458 millones de pesos colombianos (unos 300.000 euros). <\/p>\n<p>Habr\u00e1 apelaci\u00f3n al Supremo<\/p>\n<p>Los defensores de Uribe, encabezados por el letrado Jaime Granados, han se\u00f1alado en un comunicado que \u00abel fallo ser\u00e1 apelado ante el Tribunal Superior de Bogot\u00e1, como lo permite la ley. Y, de ser necesario, se acudir\u00e1 a la Sala de Casaci\u00f3n Penal de la Corte Suprema de Justicia\u00bb. De este modo, la resoluci\u00f3n definitiva del caso puede prolongarse incluso a\u00f1os.<\/p>\n<p>\u00abLa defensa discrepa jur\u00eddicamente de las valoraciones expresadas en el sentido del fallo por la juez, las cuales ser\u00e1n debatidas por los canales legales establecidos para ello. Esta no es una decisi\u00f3n definitiva: la presunci\u00f3n de inocencia del expresidente Uribe permanece intacta y a\u00fan existen recursos pendientes\u00bb, ha subrayado el equipo de abogados del exmandatario.<\/p>\n<p>Uribe fue quien en 2012 demand\u00f3 ante la Corte Suprema de Justicia por supuesta manipulaci\u00f3n de testigos al congresista de izquierda Iv\u00e1n Cepeda. En esa \u00e9poca Cepeda preparaba una denuncia en el Senado en contra de Uribe por sus supuestos v\u00ednculos con los paramilitares. Sin embargo, el magistrado Jos\u00e9 Luis Barcel\u00f3, que recibi\u00f3 la demanda, decidi\u00f3 no investigar a Cepeda y s\u00ed a Uribe por presunta manipulaci\u00f3n de testigos. <\/p>\n<p>En el proceso fue clave Diego Cadena, un oscuro abogado, que tambi\u00e9n responde en juicio, por haber sido la persona que visit\u00f3 a exparamilitares en varias c\u00e1rceles para ofrecerles beneficios a cambio de que cambiaran sus testimonios sobre Uribe o involucraran a Cepeda en la supuesta compra de testigos.<\/p>\n<p>Pese a que la defensa argument\u00f3 que Cadena actu\u00f3 por su cuenta, la jueza consider\u00f3 probado que lo hizo instigado por Uribe, a quien se\u00f1al\u00f3 como \u00abdeterminador\u00bb.<\/p>\n<p>\u00abDiego Javier Cadena Ram\u00edrez (&#8230;) se dedic\u00f3 a encadenar personas, acciones y delitos, forjando un entramado delictivo en donde cada eslab\u00f3n ten\u00eda un prop\u00f3sito asignado. Eso s\u00ed, con una consigna inquebrantable, resguardar la identidad del verdadero instigador\u00bb, ha indicado la juez.<\/p>\n<p>De Cadena ha dicho la juez que \u00abera un abogado en ascenso, con grandes aspiraciones profesionales\u00bb y con \u00abcarencias intelectuales\u00bb que vio en el acercamiento al expresidente \u00abla expectativa de tener la oportunidad de escalar a una posici\u00f3n de poder y prestigio profesional\u00bb, mientras que Uribe era el \u00abhombre m\u00e1s poderoso del pa\u00eds\u00bb. <\/p>\n<p>El presidente defiende a la juez<\/p>\n<p>La in\u00e9dita condena contra Uribe, acatada por los abogados del senador Cepeda, ha conmocionado al pa\u00eds. <a href=\"https:\/\/www.elindependiente.com\/internacional\/america-latina\/2022\/06\/20\/gustavo-petro-lleva-a-la-izquierda-por-primera-vez-a-la-presidencia-de-colombia\/\" target=\"_blank\" rel=\"noreferrer noopener nofollow\">El presidente Gustavo Petro<\/a>, ac\u00e9rrimo enemigo de Uribe, ha pedido que se respete la sentencia. <\/p>\n<p>\u00abSimpatizantes o no del expresidente Uribe deben respetar esa justicia. Lo dem\u00e1s es bestialidad. Y Colombia debe ser sabia\u00bb, ha escrito en su cuenta de X el presidente colombiano. En otro mensaje ha defendido claramente al senador Cepeda, como v\u00edctima de Uribe. <\/p>\n<blockquote class=\"twitter-tweet\" data-width=\"550\" data-dnt=\"true\">\n<p lang=\"es\" dir=\"ltr\">A Iv\u00e1n Cepeda le asesinaron su padre, cuando su padre era, senador de la rep\u00fablica de la UP, y era, tambien, mi amigo y colega. No es por venganza que ha sido impulsador, como v\u00edctima, del proceso contra Uribe, ha sido un impulsador de la verdad. <a href=\"https:\/\/t.co\/bazKYCaIBD\" rel=\"nofollow\">pic.twitter.com\/bazKYCaIBD<\/a><\/p>\n<p>\u2014 Gustavo Petro (@petrogustavo) <a href=\"https:\/\/twitter.com\/petrogustavo\/status\/1950036152074801159?ref_src=twsrc%5Etfw\" rel=\"nofollow noopener\" target=\"_blank\">July 29, 2025<\/a><\/p><\/blockquote>\n<p><a href=\"https:\/\/www.elindependiente.com\/politica\/2018\/06\/17\/el-centrista-ivan-duque-gana-en-colombia\/\" target=\"_blank\" rel=\"noreferrer noopener nofollow\">El expresidente \u00c1lvaro Duque<\/a> ha asegurado: \u00abSomos millones los colombianos que hemos visto probada su inocencia a lo largo de todo este proceso lleno de irregularidades y de infamias\u00bb. El expresidente Andr\u00e9s Pastrana ha se\u00f1alado que los argumentos de la juez son discutibles, pero ha pedido respetar la estabilidad de las instituciones como base de la democracia. <\/p>\n<p>Muy contundente ha sido el secretario de Estado de EEUU, Marco Rubio, que ha considerado \u00abpreocupante\u00bb la politizaci\u00f3n de la Justicia colombiana. \u00a0El presidente colombiano ha acusado a Marco Rubio de vulnerar la soberan\u00eda del pa\u00eds por estas declaraciones en defensa de Uribe.  \u00abUna intromisi\u00f3n en asuntos judiciales de otro pa\u00eds, es una intromisi\u00f3n a la soberan\u00eda nacional\u00bb, ha escrito Petro en X. <\/p>\n<blockquote class=\"twitter-tweet\" data-width=\"550\" data-dnt=\"true\">\n<p lang=\"en\" dir=\"ltr\">Former Colombian President Uribe\u2019s only crime has been to tirelessly fight and defend his homeland. The weaponization of Colombia\u2019s judicial branch by radical judges has now set a worrisome precedent.<\/p>\n<p>\u2014 Secretary Marco Rubio (@SecRubio) <a href=\"https:\/\/twitter.com\/SecRubio\/status\/1949961355521319246?ref_src=twsrc%5Etfw\" rel=\"nofollow noopener\" target=\"_blank\">July 28, 2025<\/a><\/p><\/blockquote>\n<p>Las cr\u00edticas de Rubio estuvieron acompa\u00f1adas de comentarios similares de congresistas estadounidenses, como los representantes por Florida Mar\u00eda Elvira Salazar y Mario D\u00edaz-Balart. \u00abHoy no se hizo justicia en Colombia. Se consum\u00f3 una infamia contra \u00c1lvaro Uribe, el hombre que rescat\u00f3 al pa\u00eds del terrorismo y enfrent\u00f3 a las FARC cuando nadie m\u00e1s se atrev\u00eda. Lo condenan porque se neg\u00f3 a pactar con criminales, porque es un obst\u00e1culo para la izquierda radical que quiere tomar el poder y convertir a Colombia en otra Venezuela\u00bb, ha dicho Salazar. En mismo tono se ha expresado D\u00edaz-Balart, que ha asegurado que Uribe ha sufrido \u00abuna cacer\u00eda de brujas\u00bb. <\/p>\n<p>            <a class=\"articulo-relacionado__media\" href=\"https:\/\/www.elindependiente.com\/internacional\/2025\/06\/30\/petro-esta-llevando-a-colombia-a-niveles-de-violencia-muy-peligrosos\/\" title=\"&quot;Petro est\u00e1 llevando a Colombia a niveles de violencia muy peligrosos&quot;\" rel=\"nofollow noopener\" target=\"_blank\"><\/p>\n<p>                <img loading=\"lazy\" decoding=\"async\" src=\"data:image\/svg+xml,%3Csvg%20xmlns=\" http:=\"\" width=\"390\" height=\"220\" alt=\"&quot;Petro est\u00e1 llevando a Colombia a niveles de violencia muy peligrosos&quot;\" data-lazy-src=\"https:\/\/www.europesays.com\/es\/wp-content\/uploads\/2025\/07\/img-20250627-112148-1-390x220.jpg\"\/><\/p>\n<p>\t\t\t            <\/a><\/p>\n<p>PUBLICIDAD<\/p>\n<p><script async src=\"https:\/\/platform.twitter.com\/widgets.js\" charset=\"utf-8\"><\/script><\/p>\n","protected":false},"excerpt":{"rendered":"El llamado \u00abjuicio del siglo\u00bb ha terminado con un veredicto hist\u00f3rico. \u00c1lvaro Uribe, de 73 a\u00f1os, se ha&hellip;\n","protected":false},"author":2,"featured_media":11721,"comment_status":"","ping_status":"","sticky":false,"template":"","format":"standard","meta":{"footnotes":""},"categories":[42],"tags":[17,18,1803,13,14,11,61,62,63,64,19,20,1804,9,10,15,16,12,21,22,65,66,67],"class_list":{"0":"post-11720","1":"post","2":"type-post","3":"status-publish","4":"format-standard","5":"has-post-thumbnail","7":"category-internacional","8":"tag-breaking-news","9":"tag-breakingnews","10":"tag-colombia","11":"tag-featured-news","12":"tag-featurednews","13":"tag-headlines","14":"tag-internacional","15":"tag-international","16":"tag-international-news","17":"tag-internationalnews","18":"tag-latest-news","19":"tag-latestnews","20":"tag-latinoamerica","21":"tag-news","22":"tag-noticias","23":"tag-noticias-destacadas","24":"tag-noticiasdestacadas","25":"tag-titulares","26":"tag-ultimas-noticias","27":"tag-ultimasnoticias","28":"tag-world","29":"tag-world-news","30":"tag-worldnews"},"share_on_mastodon":{"url":"","error":""},"_links":{"self":[{"href":"https:\/\/www.europesays.com\/es\/wp-json\/wp\/v2\/posts\/11720","targetHints":{"allow":["GET"]}}],"collection":[{"href":"https:\/\/www.europesays.com\/es\/wp-json\/wp\/v2\/posts"}],"about":[{"href":"https:\/\/www.europesays.com\/es\/wp-json\/wp\/v2\/types\/post"}],"author":[{"embeddable":true,"href":"https:\/\/www.europesays.com\/es\/wp-json\/wp\/v2\/users\/2"}],"replies":[{"embeddable":true,"href":"https:\/\/www.europesays.com\/es\/wp-json\/wp\/v2\/comments?post=11720"}],"version-history":[{"count":0,"href":"https:\/\/www.europesays.com\/es\/wp-json\/wp\/v2\/posts\/11720\/revisions"}],"wp:featuredmedia":[{"embeddable":true,"href":"https:\/\/www.europesays.com\/es\/wp-json\/wp\/v2\/media\/11721"}],"wp:attachment":[{"href":"https:\/\/www.europesays.com\/es\/wp-json\/wp\/v2\/media?parent=11720"}],"wp:term":[{"taxonomy":"category","embeddable":true,"href":"https:\/\/www.europesays.com\/es\/wp-json\/wp\/v2\/categories?post=11720"},{"taxonomy":"post_tag","embeddable":true,"href":"https:\/\/www.europesays.com\/es\/wp-json\/wp\/v2\/tags?post=11720"}],"curies":[{"name":"wp","href":"https:\/\/api.w.org\/{rel}","templated":true}]}}