{"id":117211,"date":"2025-09-15T19:27:07","date_gmt":"2025-09-15T19:27:07","guid":{"rendered":"https:\/\/www.europesays.com\/es\/117211\/"},"modified":"2025-09-15T19:27:07","modified_gmt":"2025-09-15T19:27:07","slug":"una-sinfonia-sorda","status":"publish","type":"post","link":"https:\/\/www.europesays.com\/es\/117211\/","title":{"rendered":"Una sinfon\u00eda sorda"},"content":{"rendered":"<p>Tras los \u00e9xitos conseguidos en esta plaza y feria por los toros de La Quinta en los \u00faltimos a\u00f1os, el abono de esta edici\u00f3n tambi\u00e9n guard\u00f3 una fecha para la lidia de los productos de Mart\u00ednez Conradi, que ahora<b> trajo un encierro bien presentado, sin excesiva romana, pero exigente, con mucho que torear <\/b>y sin dar facilidades a la terna ni gusto al respetable.<\/p>\n<p>Otra de las notas significativas del actual serial est\u00e1n siendo los cambios y ca\u00eddas de cartel. Para esta octava entrega, <a title=\"Manuel Jes\u00fas \u201cEl Cid\u201d\" href=\"https:\/\/www.larazon.es\/tags\/manuel-jesus-cid\/\" target=\"_blank\" rel=\"nofollow noopener\">Manuel Jes\u00fas \u201cEl Cid\u201d<\/a> ocup\u00f3 a \u00faltima hora el lugar del anunciado <a title=\"Fernando Adri\u00e1n\" href=\"https:\/\/www.larazon.es\/cultura\/toros\/fernando-adrian-victor-hernandez-desafian-dominio-figuras-guadalajara_20250718687a0d313c6d9a1f947f45ae.html\" target=\"_blank\" rel=\"nofollow noopener\">Fernando Adri\u00e1n<\/a>, que no acab\u00f3 de recuperarse a tiempo del percance sufrido en la plaza venezolana de Tovar hace unos d\u00edas.<\/p>\n<p>El de Salteras se midi\u00f3 en su primer turno a un toro que derrib\u00f3 en el primer viaje al caballo y al que le hicieron pagar caro el gesto en el segundo. En banderillas se acost\u00f3 por el derecho y apret\u00f3 hacia dentro. No se dej\u00f3 impresionar <a title=\"El Cid\" href=\"https:\/\/www.larazon.es\/tags\/manuel-jesus-cid\/\" target=\"_blank\" rel=\"nofollow noopener\">El Cid<\/a><b> por su oponente y se ech\u00f3 la muleta a la izquierda de inicio, sacando varias tandas limpias y templadas,<\/b> aunque el toro fue un poco a su aire, avisando siempre de que ah\u00ed estaba y hab\u00eda que tener cuidado. Le hizo caso su matador y lo pasaport\u00f3 con celeridad.<\/p>\n<p>Sali\u00f3 enter\u00e1ndose el cuarto, que huy\u00f3 del caballo tras desmontar al piquero y, sin apenas sangrar en este primer tercio, ech\u00f3 la cara arriba en el segundo. <a title=\"El Cid\" href=\"https:\/\/www.larazon.es\/tags\/manuel-jesus-cid\/\" target=\"_blank\" rel=\"nofollow noopener\">El Cid<\/a>, muy valiente, lo machete\u00f3 por bajo antes de lucirse toreando en redondo, buscando rebajar el genio de un antagonista que no se dio nunca por sometido.<b> Ahora s\u00ed se cruz\u00f3 y firm\u00f3 varias tandas al natural con empaque y enjundia, <\/b>tratando de vaciar las embestidas lo m\u00e1s atr\u00e1s posible. Fue su obra una sinfon\u00eda sorda, porque la banda de m\u00fasica, no se sabe por qu\u00e9, se neg\u00f3 a tocar mientras <a title=\"El Cid\" href=\"https:\/\/www.larazon.es\/tags\/manuel-jesus-cid\/\" target=\"_blank\" rel=\"nofollow noopener\">El Cid<\/a> desgranaba una faena larga \u2014son\u00f3 un aviso antes de coger la espada\u2014, a m\u00e1s, majestuosa y rotunda, a un toro que, ahora s\u00ed, acab\u00f3 rendido a su poder. S\u00f3lo le dieron una oreja, pero eso ya es lo de menos.<\/p>\n<p>Se luci\u00f3 <a title=\"Jos\u00e9 Fernando Molina\" href=\"https:\/\/www.larazon.es\/cultura\/toros\/dos-orejas-molina-malaga-tarde-alternativa-pablo-paez_2025081768a197c5db5881631004fcb3.html\" target=\"_blank\" rel=\"nofollow noopener\">Jos\u00e9 Fernando Molina<\/a> al recibir al segundo, que fue pronto y alegre a la muleta, pidiendo firmeza, determinaci\u00f3n y mando. <b>No siempre lo entendi\u00f3 as\u00ed el de Albacete, que dej\u00f3 que fuese el corn\u00fapeta quien llevase la iniciativa y marcase el ritmo, buscando m\u00e1s el brillo supuestamente art\u00edstico que la eficacia lidiadora. <\/b>La rapidez con que dobl\u00f3 el animal contribuy\u00f3 a que la gente le pidiera, y consiguiera, una oreja.<\/p>\n<p>Cre\u00f3 desconcierto en varas el quinto, con el que <a title=\"Molina\" href=\"https:\/\/www.larazon.es\/cultura\/toros\/dos-orejas-molina-malaga-tarde-alternativa-pablo-paez_2025081768a197c5db5881631004fcb3.html\" target=\"_blank\" rel=\"nofollow noopener\">Molina<\/a> anduvo muy centrado y asentado, si bien no logr\u00f3 que el de La Quinta acabase de descolgar ni facilitara su lucimiento en una labor con altibajos que remat\u00f3 tarde y mal con el estoque.<\/p>\n<p>El tercero, que pele\u00f3 con ganas en varas, tuvo m\u00e1s humillaci\u00f3n y docilidad. <b>Tore\u00f3 <a title=\"Alejandro Pe\u00f1aranda\" href=\"https:\/\/www.larazon.es\/cultura\/toros\/penaranda-confirmante-lleva-tarde-isidril-corazon-orden_202506046840a49d69892f403366eab4.html\" target=\"_blank\" rel=\"nofollow noopener\">Alejandro Pe\u00f1aranda<\/a> con temple, ligaz\u00f3n y plantas asentadas, <\/b>dejando una notable faena de series largas y dominadoras, sobre todo por el pit\u00f3n derecho, aunque su tardanza en matar anul\u00f3 la posibilidad de premio.<\/p>\n<p><b>Veronique\u00f3 con gusto al alt\u00f3n y pesado sexto, muy distra\u00eddo y desentendido en la muleta, <\/b>entrando al trapo con desgana y saliendo siempre con la cara alta, hasta que finalmente se raj\u00f3. Porfi\u00f3 y se pele\u00f3 por buscar un lucimiento imposible.<\/p>\n<p>FICHA DEL FESTEJO:<\/p>\n<p>Lunes 15 de septiembre de 2025. Plaza de toros de Albacete. Octava de feria. M\u00e1s de media entrada.<\/p>\n<p>Se lidiaron toros de <strong data-start=\"521\" data-end=\"534\">La Quinta<\/strong>, bien presentados y de juego desigual.<\/p>\n<p><strong data-start=\"575\" data-end=\"585\">El Cid<\/strong> (de azul noche y oro): entera, ovaci\u00f3n; aviso, pinchazo y estocada, oreja y dos vueltas al ruedo.<\/p>\n<p><strong data-start=\"686\" data-end=\"696\">Jos\u00e9 Fernando Molina<\/strong> (de verde botella y oro): entera, oreja; pinchazo, media, aviso, entera, cuatro descabellos, ovaci\u00f3n.<\/p>\n<p><strong data-start=\"801\" data-end=\"824\">Alejandro Pe\u00f1aranda<\/strong> (de tabaco y oro): media, aviso, cuatro descabellos, ovaci\u00f3n; entera, ovaci\u00f3n.<\/p>\n<p>De las cuadrillas destacaron <strong data-start=\"934\" data-end=\"955\">Jos\u00e9 Mar\u00eda Arenas<\/strong> y <strong data-start=\"958\" data-end=\"978\">Basilio Mansilla<\/strong>.<\/p>\n","protected":false},"excerpt":{"rendered":"Tras los \u00e9xitos conseguidos en esta plaza y feria por los toros de La Quinta en los \u00faltimos&hellip;\n","protected":false},"author":2,"featured_media":117212,"comment_status":"","ping_status":"","sticky":false,"template":"","format":"standard","meta":{"footnotes":""},"categories":[277],"tags":[373,168,25,24,23,167,374],"class_list":{"0":"post-117211","1":"post","2":"type-post","3":"status-publish","4":"format-standard","5":"has-post-thumbnail","7":"category-toreo","8":"tag-bullfighting","9":"tag-deportes","10":"tag-es","11":"tag-espana","12":"tag-spain","13":"tag-sports","14":"tag-toreo"},"share_on_mastodon":{"url":"","error":""},"_links":{"self":[{"href":"https:\/\/www.europesays.com\/es\/wp-json\/wp\/v2\/posts\/117211","targetHints":{"allow":["GET"]}}],"collection":[{"href":"https:\/\/www.europesays.com\/es\/wp-json\/wp\/v2\/posts"}],"about":[{"href":"https:\/\/www.europesays.com\/es\/wp-json\/wp\/v2\/types\/post"}],"author":[{"embeddable":true,"href":"https:\/\/www.europesays.com\/es\/wp-json\/wp\/v2\/users\/2"}],"replies":[{"embeddable":true,"href":"https:\/\/www.europesays.com\/es\/wp-json\/wp\/v2\/comments?post=117211"}],"version-history":[{"count":0,"href":"https:\/\/www.europesays.com\/es\/wp-json\/wp\/v2\/posts\/117211\/revisions"}],"wp:featuredmedia":[{"embeddable":true,"href":"https:\/\/www.europesays.com\/es\/wp-json\/wp\/v2\/media\/117212"}],"wp:attachment":[{"href":"https:\/\/www.europesays.com\/es\/wp-json\/wp\/v2\/media?parent=117211"}],"wp:term":[{"taxonomy":"category","embeddable":true,"href":"https:\/\/www.europesays.com\/es\/wp-json\/wp\/v2\/categories?post=117211"},{"taxonomy":"post_tag","embeddable":true,"href":"https:\/\/www.europesays.com\/es\/wp-json\/wp\/v2\/tags?post=117211"}],"curies":[{"name":"wp","href":"https:\/\/api.w.org\/{rel}","templated":true}]}}