{"id":117213,"date":"2025-09-15T19:28:10","date_gmt":"2025-09-15T19:28:10","guid":{"rendered":"https:\/\/www.europesays.com\/es\/117213\/"},"modified":"2025-09-15T19:28:10","modified_gmt":"2025-09-15T19:28:10","slug":"el-quinto-espanol-en-la-ufc","status":"publish","type":"post","link":"https:\/\/www.europesays.com\/es\/117213\/","title":{"rendered":"\u00bfEl quinto espa\u00f1ol en la UFC?"},"content":{"rendered":"<p data-mrf-recirculation=\"Links P\u00e1rrafos\" class=\"ue-c-article__paragraph paragraph ue-c-article--first-letter-highlighted\">Hecher Sosa (13-1) tendr\u00e1 la oportunidad de su vida para entrar a la <strong>UFC<\/strong> en la madrugada del martes 16 al mi\u00e9rcoles 17 de septiembre. El peleador canario se enfrentar\u00e1 a <strong>Mackson Lee<\/strong> (9-0) en el evento estelar del sexto episodio de una nueva temporada de las <strong>Dana White&#8217;s Contender Series.<\/strong> Al ser el \u00faltimo combate -hay cinco-, Sosa pelear\u00e1 en torno a las<strong> 03:30h.<\/strong> En juego estar\u00e1 un contrato con la compa\u00f1\u00eda, y una <strong>promesa<\/strong> que el &#8216;Guanche Warrior&#8217; le hizo a su familia y est\u00e1 decidido a cumplir despu\u00e9s de tanto <strong>sacrificio y trabajo duro.<\/strong><\/p>\n<p data-mrf-recirculation=\"Links P\u00e1rrafos\" class=\"ue-c-article__paragraph paragraph\">Hecher se enfrenta en esta ocasi\u00f3n a un prospecto <strong>invicto<\/strong> de 26 a\u00f1os. MARCA tuvo la oportunidad de entrevistar hace unos d\u00edas al peleador canario, que quiere cumplir su <strong>sue\u00f1o<\/strong> y corroborar lo que \u00e9l lleva tiempo sabiendo: su nivel es de <strong>\u00e9lite,<\/strong> digno de la mejor compa\u00f1\u00eda de MMA del mundo. \u00abMe llevo sintiendo peleador de UFC desde que gan\u00e9 el <strong>cintur\u00f3n<\/strong> de FCR. Ahora solo falta que llegue el d\u00eda y <strong>demostrar<\/strong> lo que yo ya s\u00e9, que tengo el <strong>nivel <\/strong>para pelear en UFC. Soy peleador de UFC y solo falta demostrarlo al mundo\u00bb, sentenci\u00f3.<\/p>\n<blockquote class=\"ue-c-article__blockquote\">\n<p>Cuando noquee a Mackson Lee el 16 de septiembre tendr\u00e9 mi contrato<\/p>\n<p>Hecher Sosa, a MARCA<\/p><\/blockquote>\n<p data-mrf-recirculation=\"Links P\u00e1rrafos\" class=\"ue-c-article__paragraph paragraph\">Para conseguir el <strong>contrato<\/strong> con la UFC en las DWCS a veces no basta con ganar, la actuaci\u00f3n debe ser<strong> destacable.<\/strong> El objetivo de Hecher no solo es vencer a su rival, ya que tambi\u00e9n deber\u00e1 darle motivos a <strong>Dana White <\/strong>-jefe de la UFC- para que decida <strong>ficharle.\u00a0<\/strong><\/p>\n<p data-mrf-recirculation=\"Links P\u00e1rrafos\" class=\"ue-c-article__paragraph paragraph\">El mandam\u00e1s estar\u00e1 presente en el<strong> APEX <\/strong>de Las Vegas, y el &#8216;Guanche Warrior&#8217; nunca defrauda. \u00abNo tengo peleas <strong>aburridas<\/strong>, entonces s\u00e9 que cuando <strong>noquee<\/strong> a Mackson Lee el 16 de septiembre tendr\u00e9 mi contrato porque todas mis peleas son <strong>espectaculares<\/strong>\u00ab.<\/p>\n<p><img decoding=\"async\" width=\"1980\" height=\"1320\" class=\"ue-c-article__image lazyload\" alt=\"Hecher Sosa y su padre celebran el triunfo en WOW.\" loading=\"lazy\" src=\"https:\/\/www.europesays.com\/es\/wp-content\/uploads\/2025\/09\/6844dc515cc7c.jpeg\"\/><\/p>\n<p>Hecher Sosa y su padre celebran el triunfo en WOW.WOWFC.<\/p>\n<p>Otro duro golpe para Sosa<\/p>\n<p data-mrf-recirculation=\"Links P\u00e1rrafos\" class=\"ue-c-article__paragraph paragraph\">El peleador canario es un <strong>ejemplo a seguir<\/strong>\u00a0en todos los sentidos. Sus \u00e9xitos deportivos de los \u00faltimos meses los ha conseguido mientras sufr\u00eda una serie de <strong>desgracias<\/strong> personales que enaltecen a\u00fan m\u00e1s sus victorias. El canario perdi\u00f3 a su hermana hace poco m\u00e1s de <strong>un a\u00f1o,<\/strong> pocas semanas antes de su victoria por <strong>K.O. <\/strong>en WOW 15. En esta ocasi\u00f3n, apenas<strong> un d\u00eda antes <\/strong>de su esperado combate en las DWCS, ha sido su padre el que ha fallecido tras meses luchando contra una<strong> grave enfermedad.<\/strong><\/p>\n<blockquote class=\"ue-c-article__blockquote\">\n<p>Le hice una promesa a mi madre, a mi padre y a mi hermana en paz descanse<\/p>\n<p>Hecher Sosa, a MARCA<\/p><\/blockquote>\n<p data-mrf-recirculation=\"Links P\u00e1rrafos\" class=\"ue-c-article__paragraph paragraph\">Sosa ya hab\u00eda hablado en su momento del <strong>complicado<\/strong> estado de salud de su padre. De hecho, cuando consigui\u00f3 el t\u00edtulo de peso gallo de <strong>WOW<\/strong> en junio se lo puso a su padre en la cintura a modo de <strong>homenaje.<\/strong> \u00abVoy a dar<strong> mi vida<\/strong> por salir con el brazo en alto. Le hice una promesa a mi madre, a mi padre y a mi hermana en paz descanse, que iba a venir con ese<strong> contrato<\/strong> y que iba a ser peleador de UFC alg\u00fan d\u00eda. Se lo promet\u00ed a mi familia y lo voy a <strong>cumplir<\/strong>\u00ab.<\/p>\n<p data-mrf-recirculation=\"Links P\u00e1rrafos\" class=\"ue-c-article__paragraph paragraph\">Ma\u00f1ana, Hecher dar\u00e1 otro ejemplo m\u00e1s a la <strong>sociedad<\/strong> subi\u00e9ndose a ese oct\u00e1gono. \u00ab<strong>Nadie<\/strong> te va a rescatar si te quedas en tu cama.  La mejor soluci\u00f3n es secarte las l\u00e1grimas, <strong>salir adelante<\/strong> y usar ese dolor para enfocarte y para ser la <strong>mejor versi\u00f3n<\/strong> de ti mismo. Cuento esto para que las personas que est\u00e9n pasando por situaciones <strong>similares <\/strong>salgan adelante\u00bb, fue la <strong>reflexi\u00f3n<\/strong> que regal\u00f3 en MARCA. El &#8216;Guanche Warrior&#8217; podr\u00eda convertirse en el <strong>quinto espa\u00f1ol<\/strong> del r\u00f3ster de la UFC, y el <strong>primero<\/strong> en la historia en entrar a trav\u00e9s de las DWCS.<\/p>\n","protected":false},"excerpt":{"rendered":"Hecher Sosa (13-1) tendr\u00e1 la oportunidad de su vida para entrar a la UFC en la madrugada del&hellip;\n","protected":false},"author":2,"featured_media":117214,"comment_status":"","ping_status":"","sticky":false,"template":"","format":"standard","meta":{"footnotes":""},"categories":[276],"tags":[168,25,24,23,167,343],"class_list":{"0":"post-117213","1":"post","2":"type-post","3":"status-publish","4":"format-standard","5":"has-post-thumbnail","7":"category-ufc","8":"tag-deportes","9":"tag-es","10":"tag-espana","11":"tag-spain","12":"tag-sports","13":"tag-ufc"},"share_on_mastodon":{"url":"","error":""},"_links":{"self":[{"href":"https:\/\/www.europesays.com\/es\/wp-json\/wp\/v2\/posts\/117213","targetHints":{"allow":["GET"]}}],"collection":[{"href":"https:\/\/www.europesays.com\/es\/wp-json\/wp\/v2\/posts"}],"about":[{"href":"https:\/\/www.europesays.com\/es\/wp-json\/wp\/v2\/types\/post"}],"author":[{"embeddable":true,"href":"https:\/\/www.europesays.com\/es\/wp-json\/wp\/v2\/users\/2"}],"replies":[{"embeddable":true,"href":"https:\/\/www.europesays.com\/es\/wp-json\/wp\/v2\/comments?post=117213"}],"version-history":[{"count":0,"href":"https:\/\/www.europesays.com\/es\/wp-json\/wp\/v2\/posts\/117213\/revisions"}],"wp:featuredmedia":[{"embeddable":true,"href":"https:\/\/www.europesays.com\/es\/wp-json\/wp\/v2\/media\/117214"}],"wp:attachment":[{"href":"https:\/\/www.europesays.com\/es\/wp-json\/wp\/v2\/media?parent=117213"}],"wp:term":[{"taxonomy":"category","embeddable":true,"href":"https:\/\/www.europesays.com\/es\/wp-json\/wp\/v2\/categories?post=117213"},{"taxonomy":"post_tag","embeddable":true,"href":"https:\/\/www.europesays.com\/es\/wp-json\/wp\/v2\/tags?post=117213"}],"curies":[{"name":"wp","href":"https:\/\/api.w.org\/{rel}","templated":true}]}}