{"id":117215,"date":"2025-09-15T19:30:18","date_gmt":"2025-09-15T19:30:18","guid":{"rendered":"https:\/\/www.europesays.com\/es\/117215\/"},"modified":"2025-09-15T19:30:18","modified_gmt":"2025-09-15T19:30:18","slug":"alcaraz-ya-prepara-la-laver-cup-en-su-nueva-pista","status":"publish","type":"post","link":"https:\/\/www.europesays.com\/es\/117215\/","title":{"rendered":"Alcaraz ya prepara la Laver Cup en su nueva pista"},"content":{"rendered":"<p class=\"ft-text\">El tenis no da ni un respiro. <strong>Es por eso que el t\u00edtulo del US Open ya queda atr\u00e1s y<\/strong><a class=\"ft-link ft-link--decoration\" href=\"https:\/\/www.sport.es\/es\/noticias\/tenis\/copa-davis\/reaccion-alcaraz-increible-remontada-davis-121579115\" rel=\"nofollow noopener\" target=\"_blank\"><strong> Alcaraz se centra en el pr\u00f3ximo torneo<\/strong><\/a><strong>, aunque no sea del todo competitivo: la Laver Cup.<\/strong> La octava edici\u00f3n de la competici\u00f3n, que se celebra este a\u00f1o en San Francisco (Estados Unidos), cuenta con el espa\u00f1ol como cabeza de cartel, seguido de Alexander Zverev como n\u00famero tres del mundo.<\/p>\n<p class=\"ft-text\"><strong>Al murciano se le vio entrenando en la nueva pista de la Carlos Alcaraz Academy, situada en El Palmar<\/strong>: una superficie dura indoor que le ayudar\u00e1 a preparar toda la gira europea que se juega bajo techo. Tambi\u00e9n exhibi\u00f3 su nuevo &#8216;look&#8217;, esta vez s\u00ed de manera voluntaria, <strong>ti\u00f1\u00e9ndose el pelo de rubio.<\/strong> \u00c9l mismo hab\u00eda prometido que habr\u00eda una sorpresa tras ganar el US Open.<\/p>\n<p class=\"ft-text\">El murciano ser\u00e1 el m\u00e1ximo representante del &#8216;Team Europe&#8217;, que estar\u00e1 acompa\u00f1ado por <strong>Alexander Zverev, Holger Rune, Casper Ruud, Jakub Mensik y Flavio Cobolli. <\/strong>Sus rivales ser\u00e1n el &#8216;Team World&#8217;, que cuenta con nombres menos potentes: <strong>Taylor Fritz, \u00c1lex de Mi\u00f1aur, Francisco Cer\u00fandolo, Joao Fonseca, Alex Michelsen y Reilly Opelka. <\/strong><\/p>\n<p><img decoding=\"async\" src=\"https:\/\/estaticos-cdn.prensaiberica.es\/clip\/183f4009-edc9-40e7-8b85-f072e2acff21_alta-libre-aspect-ratio_default_0.jpg\" width=\"1200\" height=\"800\" alt=\"Team Europe's Carlos Alcaraz reacts during a match against Team World's Ben Shelton on the second day of the Laver Cup tennis tournament at the Uber arena in Berlin, Germany, Saturday, Sept. 21, 2024. (AP Photo\/Ebrahim Noroozi)\" class=\"ft-helper-img-rd\" loading=\"lazy\" hasdataaida=\"true\"\/><\/p>\n<p class=\"ft-helper-fontColor-quaternary ft-helper-fontSize-body-S ft-helper-spacer-t-xxs\">Carlos Alcaraz, en la Laver Cup del a\u00f1o pasado  \/ Ebrahim Noroozi \/ AP<\/p>\n<p class=\"ft-text\"><strong>La Laver Cup fue un torneo que el espa\u00f1ol utiliz\u00f3 el a\u00f1o pasado para refrescar la mente<\/strong>. Su rendimiento en la gira norteamericana hab\u00eda sido terrible, <strong>con eliminaciones en Cincinnati y US Open a las primeras de cambio<\/strong>, y juntarse con otros tenistas en una exhibici\u00f3n le vino bien. Eso s\u00ed, <strong>aunque los partidos no sean del todo &#8216;competitivos&#8217;<\/strong>, los resultados influyen en el &#8216;head to head&#8217; de la ATP.<\/p>\n<p class=\"ft-text\">Alcaraz tendr\u00e1 otro capit\u00e1n en esta edici\u00f3n, <strong>ya que Yannick Noah reemplaza a Bjorn Borg<\/strong>, <strong>y Tim Henman ser\u00e1 el vicecapit\u00e1n.<\/strong> Tambi\u00e9n habr\u00e1 cambios en el &#8216;Team World&#8217;, <strong>con Andre Agassi sustituyendo a John McEnroe y Patrick Rafter como segundo<\/strong>. Una de las bajas de \u00faltima hora ha sido el norteamericano<strong> Frances Tiafoe<\/strong>, tenista que ya estuvo en la edici\u00f3n pasada y que tiene una buena relaci\u00f3n con Charly.<\/p>\n<p><img decoding=\"async\" src=\"https:\/\/www.europesays.com\/es\/wp-content\/uploads\/2025\/09\/7d795e5f-9586-47c5-98ef-ae3b09c5b587_alta-libre-aspect-ratio_default_0.jpg\" width=\"1200\" height=\"675\" alt=\"Alcaraz celebra un punto ante Fritz en la Laver Cup 2024\" class=\"ft-helper-img-rd\" loading=\"lazy\" hasdataaida=\"true\"\/><\/p>\n<p class=\"ft-helper-fontColor-quaternary ft-helper-fontSize-body-S ft-helper-spacer-t-xxs\">Alcaraz celebra un punto ante Fritz en la Laver Cup 2024  \/ AP<\/p>\n<p class=\"ft-text\">El a\u00f1o pasado, el actual n\u00famero uno del mundo disput\u00f3 dos partidos en la Laver. <strong>Ambos fueron contra los dos tenistas estadounidenses con m\u00e1s ranking del mundo: Taylor Fritz y Ben Shelton<\/strong>. Mostrando su versi\u00f3n m\u00e1s s\u00f3lida, gan\u00f3 a los dos sin ceder ni un solo set. <strong>Fue el espa\u00f1ol quien dio la victoria al &#8216;Team Europe&#8217; el a\u00f1o pasado<\/strong>, dejando el marcador en 13-11 para los del Viejo Continente.<\/p>\n<p>Formato de la Laver Cup<\/p>\n<p class=\"ft-text\">El evento consta de cinco sesiones que se juegan durante tres d\u00edas. <strong>El primer equipo que consiga 13 puntos (de un total de 24) se alza con el trofeo.<\/strong> Si el marcador sigue empatado despu\u00e9s de 12 partidos, se jugar\u00e1 una final de dobles para determinar el ganador. <strong>Los partidos del d\u00eda 1 valen un punto cada uno, los del d\u00eda 2 valen dos puntos cada uno y los del d\u00eda 3 valen tres puntos cada uno.<\/strong><\/p>\n<p class=\"ft-text\">Despu\u00e9s de la Laver, Alcaraz cambiar\u00e1 de continente para iniciar la gira asi\u00e1tica, <strong>donde tiene agendados los torneos de Tokio y Shanghai.<\/strong> Antes de regresar a Europa, pasar\u00e1 por Arabia Saud\u00ed<strong> para disputar las Six Kings Slam<\/strong>, donde volver\u00e1 a ser cabeza de cartel, aunque esta vez con m\u00e1s motivo: siendo el n\u00famero uno del mundo.<\/p>\n","protected":false},"excerpt":{"rendered":"El tenis no da ni un respiro. Es por eso que el t\u00edtulo del US Open ya queda&hellip;\n","protected":false},"author":2,"featured_media":117216,"comment_status":"","ping_status":"","sticky":false,"template":"","format":"standard","meta":{"footnotes":""},"categories":[274],"tags":[4736,168,25,24,39126,9621,23,167,327,326],"class_list":{"0":"post-117215","1":"post","2":"type-post","3":"status-publish","4":"format-standard","5":"has-post-thumbnail","7":"category-tenis","8":"tag-alcaraz","9":"tag-deportes","10":"tag-es","11":"tag-espana","12":"tag-laver-cup","13":"tag-san-francisco","14":"tag-spain","15":"tag-sports","16":"tag-tenis","17":"tag-tennis"},"share_on_mastodon":{"url":"","error":""},"_links":{"self":[{"href":"https:\/\/www.europesays.com\/es\/wp-json\/wp\/v2\/posts\/117215","targetHints":{"allow":["GET"]}}],"collection":[{"href":"https:\/\/www.europesays.com\/es\/wp-json\/wp\/v2\/posts"}],"about":[{"href":"https:\/\/www.europesays.com\/es\/wp-json\/wp\/v2\/types\/post"}],"author":[{"embeddable":true,"href":"https:\/\/www.europesays.com\/es\/wp-json\/wp\/v2\/users\/2"}],"replies":[{"embeddable":true,"href":"https:\/\/www.europesays.com\/es\/wp-json\/wp\/v2\/comments?post=117215"}],"version-history":[{"count":0,"href":"https:\/\/www.europesays.com\/es\/wp-json\/wp\/v2\/posts\/117215\/revisions"}],"wp:featuredmedia":[{"embeddable":true,"href":"https:\/\/www.europesays.com\/es\/wp-json\/wp\/v2\/media\/117216"}],"wp:attachment":[{"href":"https:\/\/www.europesays.com\/es\/wp-json\/wp\/v2\/media?parent=117215"}],"wp:term":[{"taxonomy":"category","embeddable":true,"href":"https:\/\/www.europesays.com\/es\/wp-json\/wp\/v2\/categories?post=117215"},{"taxonomy":"post_tag","embeddable":true,"href":"https:\/\/www.europesays.com\/es\/wp-json\/wp\/v2\/tags?post=117215"}],"curies":[{"name":"wp","href":"https:\/\/api.w.org\/{rel}","templated":true}]}}