{"id":117217,"date":"2025-09-15T19:32:08","date_gmt":"2025-09-15T19:32:08","guid":{"rendered":"https:\/\/www.europesays.com\/es\/117217\/"},"modified":"2025-09-15T19:32:08","modified_gmt":"2025-09-15T19:32:08","slug":"mirada-fotografica-a-una-decada-de-automovilismo-en-chapultepec","status":"publish","type":"post","link":"https:\/\/www.europesays.com\/es\/117217\/","title":{"rendered":"Mirada fotogr\u00e1fica a una d\u00e9cada de automovilismo en Chapultepec"},"content":{"rendered":"<p>Con motivo del d\u00e9cimo aniversario de la era m\u00e1s reciente del\u00a0FORMULA 1 GRAN PREMIO DE LA CIUDAD DE M\u00c9XICO Presentado por Heineken, se exhibir\u00e1 de manera gratuita del 12 de septiembre al 26 de octubre la exposici\u00f3n fotogr\u00e1fica \u201c10 a\u00f1os de F1 en M\u00e9xico\u201d en la Galer\u00eda Abierta Gandhi de las Rejas del Bosque de Chapultepec la cual pertenece a la Secretar\u00eda de Cultura de la Ciudad de M\u00e9xico.<\/p>\n<p>A trav\u00e9s de 62 im\u00e1genes cuidadosamente seleccionadas, se retratan los momentos m\u00e1s emblem\u00e1ticos del Campeonato Mundial de Formula 1 en M\u00e9xico, desde su regreso en 2015 tras 23 a\u00f1os de ausencia. Esta muestra invita a los asistentes a revivir la emoci\u00f3n de grandes actuaciones, como las de Sergio P\u00e9rez, as\u00ed como los triunfos de campeones como Lewis Hamilton y Max Verstappen, y la inigualable energ\u00eda de la afici\u00f3n mexicana.<\/p>\n<blockquote>\n<p>Nos llena de emoci\u00f3n presentar esta exposici\u00f3n fotogr\u00e1fica con la que llevamos la celebraci\u00f3n de los 10 a\u00f1os del M\u00e9xico GP m\u00e1s all\u00e1 del Autodr\u00f3mo Hermanos Rodr\u00edguez. A trav\u00e9s de este recorrido visual, revivimos una d\u00e9cada de momentos inolvidables, llenos de velocidad, pasi\u00f3n y orgullo nacional. Sin duda, cada imagen es un testimonio del impacto que ha tenido la Formula 1 en nuestro pa\u00eds, no solo en la pista, sino tambi\u00e9n en el coraz\u00f3n de todas las personas que han hecho posible estas nueve ediciones\u201d, dijo Federico Gonz\u00e1lez Compe\u00e1n, director general del FORMULA 1 GRAN PREMIO DE LA CIUDAD DE M\u00c9XICO 2025 Presentado por Heineken.<\/p>\n<\/blockquote>\n<p>La inauguraci\u00f3n se realiz\u00f3 en el Jard\u00edn Bot\u00e1nico, donde participaron Alejandra Frausto Guerrero, Secretaria de Turismo de la Ciudad de M\u00e9xico, Argel G\u00f3mez Concheiro, Subsecretario de Grandes Festivales Comunitarios de la Secretar\u00eda \u00a0de Turismo de Ciudad de M\u00e9xico, Natasha Uren, Directora Ejecutiva del Bosque de Chapultepec, y Federico Gonz\u00e1lez Compe\u00e1n, Director General del FORMULA 1 GRAN PREMIO DE LA CIUDAD DE M\u00c9XICO Presentado por Heineken.<\/p>\n<p>La muestra forma parte de los festejos de 10 a\u00f1os del regreso de Formula 1 al pa\u00eds, que tendr\u00e1 su carrera de aniversario del 24 al 26 de octubre, en el Aut\u00f3dromo Hermanos Rodr\u00edguez.<\/p>\n","protected":false},"excerpt":{"rendered":"Con motivo del d\u00e9cimo aniversario de la era m\u00e1s reciente del\u00a0FORMULA 1 GRAN PREMIO DE LA CIUDAD DE&hellip;\n","protected":false},"author":2,"featured_media":117218,"comment_status":"","ping_status":"","sticky":false,"template":"","format":"standard","meta":{"footnotes":""},"categories":[270],"tags":[168,25,24,306,271,272,17391,23,167],"class_list":{"0":"post-117217","1":"post","2":"type-post","3":"status-publish","4":"format-standard","5":"has-post-thumbnail","7":"category-formula-1","8":"tag-deportes","9":"tag-es","10":"tag-espana","11":"tag-f1","12":"tag-formula-1","13":"tag-formula1","14":"tag-s","15":"tag-spain","16":"tag-sports"},"share_on_mastodon":{"url":"","error":""},"_links":{"self":[{"href":"https:\/\/www.europesays.com\/es\/wp-json\/wp\/v2\/posts\/117217","targetHints":{"allow":["GET"]}}],"collection":[{"href":"https:\/\/www.europesays.com\/es\/wp-json\/wp\/v2\/posts"}],"about":[{"href":"https:\/\/www.europesays.com\/es\/wp-json\/wp\/v2\/types\/post"}],"author":[{"embeddable":true,"href":"https:\/\/www.europesays.com\/es\/wp-json\/wp\/v2\/users\/2"}],"replies":[{"embeddable":true,"href":"https:\/\/www.europesays.com\/es\/wp-json\/wp\/v2\/comments?post=117217"}],"version-history":[{"count":0,"href":"https:\/\/www.europesays.com\/es\/wp-json\/wp\/v2\/posts\/117217\/revisions"}],"wp:featuredmedia":[{"embeddable":true,"href":"https:\/\/www.europesays.com\/es\/wp-json\/wp\/v2\/media\/117218"}],"wp:attachment":[{"href":"https:\/\/www.europesays.com\/es\/wp-json\/wp\/v2\/media?parent=117217"}],"wp:term":[{"taxonomy":"category","embeddable":true,"href":"https:\/\/www.europesays.com\/es\/wp-json\/wp\/v2\/categories?post=117217"},{"taxonomy":"post_tag","embeddable":true,"href":"https:\/\/www.europesays.com\/es\/wp-json\/wp\/v2\/tags?post=117217"}],"curies":[{"name":"wp","href":"https:\/\/api.w.org\/{rel}","templated":true}]}}