{"id":117219,"date":"2025-09-15T19:33:15","date_gmt":"2025-09-15T19:33:15","guid":{"rendered":"https:\/\/www.europesays.com\/es\/117219\/"},"modified":"2025-09-15T19:33:15","modified_gmt":"2025-09-15T19:33:15","slug":"eurobasket-alex-mumbru-primer-entrenador-espanol-en-ganar-un-eurobasket","status":"publish","type":"post","link":"https:\/\/www.europesays.com\/es\/117219\/","title":{"rendered":"EuroBasket: \u00c1lex Mumbr\u00fa, primer entrenador espa\u00f1ol en ganar un Eurobasket"},"content":{"rendered":"<p>Actualizado  Lunes,<br \/>\n15<br \/>\nseptiembre<br \/>\n2025<br \/>\n&#8211;<br \/>\n00:06<\/p>\n<p class=\"ue-c-article__paragraph\">La selecci\u00f3n alemana ha logrado en Riga el t\u00edtulo de campeona de Europa y con ello tambi\u00e9n su t\u00e9cnico, <strong>el espa\u00f1ol \u00c1lex Mumbr\u00fa, <\/strong>que lleg\u00f3 en el mes de agosto del a\u00f1o pasado para recoger la excelente herencia de dejada por Gordon Herbert y que ha culminado de manera inmejorable su primer torneo.<\/p>\n<p class=\"ue-c-article__paragraph\">El \u00e9xito de Mumbr\u00fa queda en los libros de historia ya solo por el mero hecho de salir campe\u00f3n. Pero tiene cabida en un par de cap\u00edtulos m\u00e1s; pues es el<strong> primer entrenador nacido en Espa\u00f1a que gana un Eurobasket<\/strong> despu\u00e9s de que los cuatro t\u00edtulos de &#8216;La Familia&#8217; fueran de la mano del italiano Sergio Scariolo, y tambi\u00e9n como uno de los pocos que lo levanta como jugador y luego en la banda.<\/p>\n<p class=\"ue-c-article__paragraph\">Y todo ello en circunstancias muy particulares, porque las c\u00e1maras no han podido mostrarle tanto como suelen hacer con todos aquellos que ocupan su posici\u00f3n al pasarse la mitad del torneo alejado de las pistas y la restante a la sombra en un segundo plano mientras daba la cara su ayudante<strong> Alan Ibrahimagic.<\/strong><\/p>\n<p class=\"ue-c-article__paragraph\">Detr\u00e1s de ello no ha habido voluntad propia, sino <strong>una infecci\u00f3n aguda<\/strong> que le llev\u00f3 a estar hospitalizado en la ciudad finlandesa de Tampere, donde el equipo disput\u00f3 la primera fase, y posteriormente a alejarse de la fren\u00e9tica actividad que entra\u00f1a hacerse cargo de una pizarra durante los partidos.<\/p>\n<p class=\"ue-c-article__paragraph\">A pesar de ello Alemania ha sido capaz de dar<strong> una brillante versi\u00f3n de s\u00ed misma;<\/strong> qued\u00e1ndose a las puertas de los cien puntos de media (99.9), y siendo el segundo con mejor porcentaje de tiro de campo (51.7%), el segundo m\u00e1s reboteador (39.7), el segundo m\u00e1s taponador (4.1), y el segundo que menos balones ha perdido (10 por partido).<\/p>\n<p class=\"ue-c-article__paragraph\">Esas estad\u00edsticas no son sino el reflejo de un trabajo muy bien hecho que<strong> ha llevado a los germanos al mejor momento de su historia.<\/strong> As\u00ed, tras ser medallistas de bronce en la edici\u00f3n anterior fueron capaces de proclamarse campeones del mundo en el 2023 y de acabar cuartos en los Juegos Ol\u00edmpicos de Par\u00eds 2024. Esa &#8216;patata caliente&#8217;, por lo elevado de las expectativas, fue la que recogi\u00f3 Mumbr\u00fa. Y en su primera puesta en escena en una competici\u00f3n ha demostrado que, cuanto menos, puede mantener el nivel.<\/p>\n<p class=\"ue-c-article__paragraph\">A sus 46 a\u00f1os y en su estreno con un equipo nacional, tras pasar por el Bilbao Basket y el Valencia Basket, el catal\u00e1n ha hecho creer a los que dudaban dentro de una competici\u00f3n en la que los favoritos se han ido para casa en cuanto han dado ligeras muestras de relajaci\u00f3n. <strong>Con pleno de victorias, <\/strong>ganando todos los partidos hasta los cuartos de final de 19 puntos o m\u00e1s, y exhibiendo un excelente baloncesto colectivo en contraposici\u00f3n a selecciones que se apoyaban sobre las espaldas de titanes como Luka Doncic o Alperen Sengun; puede irse con la cabeza alta y una visi\u00f3n optimista para lo que viene.<\/p>\n","protected":false},"excerpt":{"rendered":"Actualizado Lunes, 15 septiembre 2025 &#8211; 00:06 La selecci\u00f3n alemana ha logrado en Riga el t\u00edtulo de campeona&hellip;\n","protected":false},"author":2,"featured_media":117220,"comment_status":"","ping_status":"","sticky":false,"template":"","format":"standard","meta":{"footnotes":""},"categories":[269],"tags":[299,298,168,30105,25,24,23,167],"class_list":{"0":"post-117219","1":"post","2":"type-post","3":"status-publish","4":"format-standard","5":"has-post-thumbnail","7":"category-baloncesto","8":"tag-baloncesto","9":"tag-basketball","10":"tag-deportes","11":"tag-deportes-baloncesto-eurobasket","12":"tag-es","13":"tag-espana","14":"tag-spain","15":"tag-sports"},"share_on_mastodon":{"url":"","error":""},"_links":{"self":[{"href":"https:\/\/www.europesays.com\/es\/wp-json\/wp\/v2\/posts\/117219","targetHints":{"allow":["GET"]}}],"collection":[{"href":"https:\/\/www.europesays.com\/es\/wp-json\/wp\/v2\/posts"}],"about":[{"href":"https:\/\/www.europesays.com\/es\/wp-json\/wp\/v2\/types\/post"}],"author":[{"embeddable":true,"href":"https:\/\/www.europesays.com\/es\/wp-json\/wp\/v2\/users\/2"}],"replies":[{"embeddable":true,"href":"https:\/\/www.europesays.com\/es\/wp-json\/wp\/v2\/comments?post=117219"}],"version-history":[{"count":0,"href":"https:\/\/www.europesays.com\/es\/wp-json\/wp\/v2\/posts\/117219\/revisions"}],"wp:featuredmedia":[{"embeddable":true,"href":"https:\/\/www.europesays.com\/es\/wp-json\/wp\/v2\/media\/117220"}],"wp:attachment":[{"href":"https:\/\/www.europesays.com\/es\/wp-json\/wp\/v2\/media?parent=117219"}],"wp:term":[{"taxonomy":"category","embeddable":true,"href":"https:\/\/www.europesays.com\/es\/wp-json\/wp\/v2\/categories?post=117219"},{"taxonomy":"post_tag","embeddable":true,"href":"https:\/\/www.europesays.com\/es\/wp-json\/wp\/v2\/tags?post=117219"}],"curies":[{"name":"wp","href":"https:\/\/api.w.org\/{rel}","templated":true}]}}