{"id":117227,"date":"2025-09-15T19:40:39","date_gmt":"2025-09-15T19:40:39","guid":{"rendered":"https:\/\/www.europesays.com\/es\/117227\/"},"modified":"2025-09-15T19:40:39","modified_gmt":"2025-09-15T19:40:39","slug":"superman-y-lex-luthor-tendran-que-trabajar-juntos-en-man-of-tomorrow","status":"publish","type":"post","link":"https:\/\/www.europesays.com\/es\/117227\/","title":{"rendered":"Superman y Lex Luthor tendr\u00e1n que trabajar juntos en &#8216;Man of Tomorrow&#8217;"},"content":{"rendered":"<p>En la \u00faltima versi\u00f3n de &#8216;<a href=\"https:\/\/www.ecartelera.com\/peliculas\/superman-legacy\/\" rel=\"nofollow noopener\" target=\"_blank\">Superman<\/a>&#8216;, <b>el h\u00e9roe de Krypton deb\u00eda hacer frente a un Lex Luthor<\/b> que no solo le enviaba villanos con los que combatir en espectaculares batallas de acci\u00f3n, tambi\u00e9n le enfrentaba con la propia esencia de su persona y or\u00edgenes, llegando a una revelaci\u00f3n sobre lo que significa ser humano. <b>Pero su enfrentamiento podr\u00eda cambiar en la secuela<\/b> titulada &#8216;<a href=\"https:\/\/www.ecartelera.com\/peliculas\/manof-tomorrow\/\" rel=\"nofollow noopener\" target=\"_blank\">Man of Tomorrow<\/a>&#8216;.<\/p>\n<p>Rachel Brosnahan: \u00abLois no puede entender que las motivaciones de  Superman son de verdad puras\u00bb<\/p>\n<p><video id=\"vid-35511\" class=\"video-js vjs-default-skin\" data-title=\"Rachel Brosnahan: &quot;Lois no puede entender que las motivaciones de  Superman son de verdad puras&quot;\" poster=\"https:\/\/www.ecartelera.com\/images\/videos\/35500\/f35511.jpg\" controls=\"\" preload=\"auto\" width=\"640\" height=\"360\" playsinline=\"\" data-vtt=\"\/\/v1.ecartelera.com\/video\/35500\/35511_sprite.vtt\" data-stream=\"1\">El navegador no soporta el tag de v\u00eddeo.<\/video><\/p>\n<p>X<\/p>\n<p>La pel\u00edcula,<b> que espera llegar a los cines el 9 de julio de 2027 en EE.UU.<\/b>, ya cuenta con un <b>avance de la trama<\/b> muy importante, dicho por el propio <a href=\"https:\/\/www.ecartelera.com\/personas\/james-gunn\/\" rel=\"nofollow noopener\" target=\"_blank\">James Gunn<\/a> en el programa de <a target=\"_blank\" href=\"https:\/\/youtu.be\/zJ5my5tSAWI?si=gtM2EXV9YVtPl7N-\" rel=\"nofollow noopener\">The Howard Stern Show<\/a>, con una declaraci\u00f3n que no ha dejado indiferente a nadie y ejerce como continuaci\u00f3n de la pel\u00edcula anterior:<\/p>\n<blockquote><p>\u00abEstoy creando la secuela de &#8216;Superman&#8217; que comenzaremos a rodar en abril aproximadamente. Es una historia sobre Lex Luthor y Superman, <b>tienen que trabajar juntos hasta cierto punto contra una amenaza<\/b> mucho, mucho mayor\u00bb.<\/p><\/blockquote>\n<p>\t\t\t\t\t\t\t<img decoding=\"async\" loading=\"lazy\" src=\"https:\/\/www.europesays.com\/es\/wp-content\/uploads\/2025\/09\/242474_james-gunn-dice-que-la-proxima-entrega-de-superma.jpg\" alt=\"James Gunn en el set de 'Superman'\" width=\"1200\" height=\"798\"\/>\t<\/p>\n<p>\t\t\t\t\t\tJames Gunn en el set de &#8216;Superman&#8217; (Warner Bros.)<\/p>\n<p>El director puntualizaba sus palabras para expandir los motivos de esta decisi\u00f3n en la trama: \u00abEs m\u00e1s complicado que eso, pero es una gran parte. <b>Es tanto una pel\u00edcula de Lex como de Superman<\/b>. Me encant\u00f3 trabajar con <a href=\"https:\/\/www.ecartelera.com\/personas\/nicholas-hoult\/\" rel=\"nofollow noopener\" target=\"_blank\">Nicholas Hoult<\/a>. Me identifico con el personaje de Lex, por desgracia. Ten\u00eda muchas ganas de crear algo extraordinario con ellos dos. <b>Me encanta el guion<\/b>\u00ab.<\/p>\n<p>En adici\u00f3n a esta informaci\u00f3n y con un tono m\u00e1s distendido, Gunn tambi\u00e9n habl\u00f3 de otros proyectos como uno de los m\u00e1s esperados: \u00ab<a href=\"https:\/\/www.ecartelera.com\/personas\/milly-alcock\/\" rel=\"nofollow noopener\" target=\"_blank\">Milly Alcock<\/a>, que interpreta a &#8216;<a href=\"https:\/\/www.ecartelera.com\/peliculas\/supergirl-la-mujer-del-manana\/\" rel=\"nofollow noopener\" target=\"_blank\">Supergirl: Woman of Tomorrow<\/a>&#8216;, es posiblemente <b>la mejor elecci\u00f3n de casting que he hecho en mi vida<\/b>\u00ab, adem\u00e1s de poner salseo para los fans diciendo que Linterna Verde podr\u00eda ganar a Superman: \u00ab<b>Absolutamente, es muy poderoso<\/b>\u00ab.<\/p>\n<p>\t\t\t\t\t\t\t<img decoding=\"async\" loading=\"lazy\" src=\"https:\/\/www.europesays.com\/es\/wp-content\/uploads\/2025\/09\/239552_nicholas-hoult-y-david-corenswet-recrean-una-iconi.jpg\" alt=\"David Corenswet y Nicholas Hoult en 'Superman'\" width=\"1200\" height=\"750\"\/>\t<\/p>\n<p>\t\t\t\t\t\tDavid Corenswet y Nicholas Hoult en &#8216;Superman&#8217; (Warner Bros.)<br \/>\n\t\t\t\t\t\tLa base de los c\u00f3mics<\/p>\n<p>En los c\u00f3mics realmente no se trata de una alianza real, sino de una cooperaci\u00f3n llena de tensiones: Superman act\u00faa por altruismo y Lex por conveniencia, pero esa interacci\u00f3n permite explorar la complejidad de su relaci\u00f3n m\u00e1s all\u00e1 del enfrentamiento directo. <b>Hay muchos precedentes de esta din\u00e1mica<\/b>. <\/p>\n<p>Desde &#8216;Crisis en Tierras Infinitas&#8217;, donde h\u00e9roes y villanos deb\u00edan unir fuerzas, hasta &#8216;Forever Evil&#8217; y la etapa de Geoff Johns en &#8216;Justice League&#8217;, donde Lex llega a ser miembro del grupo, pasando por relatos como &#8216;All-Star Superman&#8217; de Grant Morrison, <b>la tradici\u00f3n muestra a Luthor dispuesto a trabajar con Superman cuando lo exige un mal mayor<\/b>. Gunn, por tanto, se apoya en ese trasfondo para dar una dimensi\u00f3n m\u00e1s al v\u00ednculo entre sus dos figuras centrales.<\/p>\n","protected":false},"excerpt":{"rendered":"En la \u00faltima versi\u00f3n de &#8216;Superman&#8216;, el h\u00e9roe de Krypton deb\u00eda hacer frente a un Lex Luthor que&hellip;\n","protected":false},"author":2,"featured_media":117228,"comment_status":"","ping_status":"","sticky":false,"template":"","format":"standard","meta":{"footnotes":""},"categories":[169],"tags":[1014,1015,1013,177,1011,146,147,25,24,782,176,1019,1016,175,753,1012,23,1017,1018],"class_list":{"0":"post-117227","1":"post","2":"type-post","3":"status-publish","4":"format-standard","5":"has-post-thumbnail","7":"category-cine","8":"tag-actores","9":"tag-actrices","10":"tag-cartelera","11":"tag-cine","12":"tag-ecartelera","13":"tag-entertainment","14":"tag-entretenimiento","15":"tag-es","16":"tag-espana","17":"tag-estrellas","18":"tag-film","19":"tag-fotogramas","20":"tag-fotos","21":"tag-movies","22":"tag-peliculas","23":"tag-pelis","24":"tag-spain","25":"tag-trailers","26":"tag-videos"},"share_on_mastodon":{"url":"","error":""},"_links":{"self":[{"href":"https:\/\/www.europesays.com\/es\/wp-json\/wp\/v2\/posts\/117227","targetHints":{"allow":["GET"]}}],"collection":[{"href":"https:\/\/www.europesays.com\/es\/wp-json\/wp\/v2\/posts"}],"about":[{"href":"https:\/\/www.europesays.com\/es\/wp-json\/wp\/v2\/types\/post"}],"author":[{"embeddable":true,"href":"https:\/\/www.europesays.com\/es\/wp-json\/wp\/v2\/users\/2"}],"replies":[{"embeddable":true,"href":"https:\/\/www.europesays.com\/es\/wp-json\/wp\/v2\/comments?post=117227"}],"version-history":[{"count":0,"href":"https:\/\/www.europesays.com\/es\/wp-json\/wp\/v2\/posts\/117227\/revisions"}],"wp:featuredmedia":[{"embeddable":true,"href":"https:\/\/www.europesays.com\/es\/wp-json\/wp\/v2\/media\/117228"}],"wp:attachment":[{"href":"https:\/\/www.europesays.com\/es\/wp-json\/wp\/v2\/media?parent=117227"}],"wp:term":[{"taxonomy":"category","embeddable":true,"href":"https:\/\/www.europesays.com\/es\/wp-json\/wp\/v2\/categories?post=117227"},{"taxonomy":"post_tag","embeddable":true,"href":"https:\/\/www.europesays.com\/es\/wp-json\/wp\/v2\/tags?post=117227"}],"curies":[{"name":"wp","href":"https:\/\/api.w.org\/{rel}","templated":true}]}}