{"id":117231,"date":"2025-09-15T19:42:12","date_gmt":"2025-09-15T19:42:12","guid":{"rendered":"https:\/\/www.europesays.com\/es\/117231\/"},"modified":"2025-09-15T19:42:12","modified_gmt":"2025-09-15T19:42:12","slug":"las-inesperadas-ventajas-de-ser-calvo-segun-un-biologo","status":"publish","type":"post","link":"https:\/\/www.europesays.com\/es\/117231\/","title":{"rendered":"Las inesperadas ventajas de ser calvo seg\u00fan un bi\u00f3logo"},"content":{"rendered":"<p>\n        En un <a href=\"https:\/\/www.deia.eus\/tags\/videos\/\" title=\"v\u00eddeo\" rel=\"nofollow noopener\" target=\"_blank\" class=\"link copy\">v\u00eddeo <\/a>que ha hecho recientemente el bi\u00f3logo y zo\u00f3logo <strong>Mario de Wonder (@Mariodewonder)<\/strong> se adentra en un tema tan cotidiano como complejo: la <strong>calvicie masculina<\/strong>. Con datos cient\u00edficos y gracias a teor\u00edas evolutivas, el cient\u00edfico desvela que perder el pelo no es necesariamente una condena, sino que podr\u00eda estar asociado a <strong>ventajas ocultas<\/strong> que la evoluci\u00f3n ha mantenido durante miles de a\u00f1os.\n<\/p>\n<p class=\"article-body__text \">\n        El v\u00eddeo arranca con un dato llamativo: \u201c<strong>A partir de los 50 a\u00f1os la mayor\u00eda de hombres somos calvos y Espa\u00f1a es el l\u00edder mundial en porcentaje de hombres calvos<\/strong>\u201d. Mario lo ilustra con un ejemplo personal: \u201c<strong>Mi propio padre es calvo, as\u00ed que yo tengo muchas probabilidades de perder el <\/strong><a href=\"https:\/\/www.deia.eus\/tags\/pelo\/\" title=\"pelo\" rel=\"nofollow noopener\" target=\"_blank\" class=\"link copy\">pelo<\/a>\u201d. Lejos de verlo como un problema, plantea la calvicie como un rasgo que persiste porque la <strong>selecci\u00f3n natural lo ha beneficiado de alguna manera<\/strong>.\n<\/p>\n<p>  La utilidad del pelo<\/p>\n<p class=\"article-body__text \">\n        Antes de hablar de las ventajas de la calvicie, el bi\u00f3logo recuerda por qu\u00e9 tener pelo ha sido \u00fatil. Desde un punto de vista evolutivo, el cabello es un <strong>indicador de <\/strong><a href=\"https:\/\/www.deia.eus\/tags\/salud\/\" title=\"salud\" rel=\"nofollow noopener\" target=\"_blank\" class=\"link copy\"><strong>salud <\/strong><\/a><strong>y juventud<\/strong>, lo que en la prehistoria aumentaba las opciones de atraer pareja. Adem\u00e1s, explica que el pelo de la cabeza surgi\u00f3 como una adaptaci\u00f3n al andar sobre nuestras <strong>\u00abpatas traseras\u00bb<\/strong>: actuar\u00eda como una <strong>gorra natural contra el sol<\/strong> y como un <strong>gorro en climas fr\u00edos<\/strong>. \u201c<strong>El pelo es como un aire acondicionado biol\u00f3gico: deja pasar el aire y bloquea los rayos del sol<\/strong>\u201d, comenta Mario De Wonder.\n<\/p>\n<p class=\"article-photo__footer\">\n            Hombre con gafas de sol y gorras apoyado en el coche.                    <\/p>\n<p class=\"article-body__text \">\n        La explicaci\u00f3n cient\u00edfica llega cuando habla de la hormona <strong>DHT (dihidrotestosterona)<\/strong>, que debilita los fol\u00edculos capilares hasta reducirlos a una fina pelusilla. Mario recurre a una met\u00e1fora b\u00e9lica: \u201c<strong>En la zona frontal est\u00e1n los <\/strong><a href=\"https:\/\/www.deia.eus\/tags\/francia\/\" title=\"franceses\" rel=\"nofollow noopener\" target=\"_blank\" class=\"link copy\"><strong>franceses<\/strong><\/a><strong>, f\u00e1ciles de conquistar; en la parte de atr\u00e1s, las Term\u00f3pilas, donde los fol\u00edculos resisten<\/strong>\u201d. De ah\u00ed que los injertos capilares funcionen trasladando fol\u00edculos resistentes de la nuca a las zonas m\u00e1s afectadas.\n<\/p>\n<p class=\"article-photo__footer\">\n            alopecia            Freepik        <\/p>\n<p>  \u00bfQu\u00e9 ventajas tiene entonces ser calvo?<\/p>\n<p class=\"article-body__text \">\n        En el tramo fundamental, Mario se centra en las <strong>teor\u00edas que podr\u00edan explicar la persistencia de la calvicie<\/strong>. Una de ellas es la del <strong>\u201cgorila espalda plateada\u201d<\/strong>, que sugiere que la calva funcionar\u00eda como s\u00edmbolo de <strong>madurez y poder<\/strong>, transmitiendo dominancia social. Otra hip\u00f3tesis es la de la <strong>pleiotrop\u00eda antag\u00f3nica<\/strong>: los mismos genes que provocan ca\u00edda del cabello estar\u00edan asociados a beneficios en la <a href=\"https:\/\/www.deia.eus\/tags\/juventud\/\" title=\"juventud\" rel=\"nofollow noopener\" target=\"_blank\" class=\"link copy\">juventud<\/a>, como <strong>m\u00e1s testosterona, fertilidad o musculatura<\/strong>. \u201c<strong>\u00bfTienes calvicie? Probablemente tienes un nivel de testosterona mayor<\/strong>\u201d, resume.\n<\/p>\n<p class=\"article-body__text \">\n        Tambi\u00e9n menciona la teor\u00eda del <strong>efecto de arrastre gen\u00e9tico<\/strong>: aunque quedarse calvo no sea en s\u00ed ventajoso, algunos genes vinculados a la <a href=\"https:\/\/www.deia.eus\/buzz-on\/2024\/12\/12\/administracion-regala-decimos-loteria-navidad-calvos-9043535.html\" title=\"calvicie\" target=\"_blank\" class=\"link copy\" rel=\"nofollow noopener\">calvicie <\/a>s\u00ed aportan beneficios y, por eso, se han extendido en la poblaci\u00f3n.\n<\/p>\n<p class=\"article-body__text \">\n        El bi\u00f3logo concluye con un mensaje tranquilizador para quienes han perdido el pelo: \u201c<strong>La calvicie en s\u00ed no es mejor que tener pelo, pero probablemente va aparejada con ventajas gen\u00e9ticas que la han mantenido<\/strong>\u201d. Seg\u00fan Mario, si la gen\u00e9tica y la evoluci\u00f3n no han eliminado la calvicie de nuestra gen\u00e9tica, ser\u00e1 por algo.<\/p>\n","protected":false},"excerpt":{"rendered":"En un v\u00eddeo que ha hecho recientemente el bi\u00f3logo y zo\u00f3logo Mario de Wonder (@Mariodewonder) se adentra en&hellip;\n","protected":false},"author":2,"featured_media":117232,"comment_status":"","ping_status":"","sticky":false,"template":"","format":"standard","meta":{"footnotes":""},"categories":[92],"tags":[39129,39128,25,24,165,39127,166,5153,8643,23,3017],"class_list":{"0":"post-117231","1":"post","2":"type-post","3":"status-publish","4":"format-standard","5":"has-post-thumbnail","7":"category-salud","8":"tag-biologo","9":"tag-calvo","10":"tag-es","11":"tag-espana","12":"tag-health","13":"tag-inesperadas","14":"tag-salud","15":"tag-segun","16":"tag-ser","17":"tag-spain","18":"tag-ventajas"},"share_on_mastodon":{"url":"","error":""},"_links":{"self":[{"href":"https:\/\/www.europesays.com\/es\/wp-json\/wp\/v2\/posts\/117231","targetHints":{"allow":["GET"]}}],"collection":[{"href":"https:\/\/www.europesays.com\/es\/wp-json\/wp\/v2\/posts"}],"about":[{"href":"https:\/\/www.europesays.com\/es\/wp-json\/wp\/v2\/types\/post"}],"author":[{"embeddable":true,"href":"https:\/\/www.europesays.com\/es\/wp-json\/wp\/v2\/users\/2"}],"replies":[{"embeddable":true,"href":"https:\/\/www.europesays.com\/es\/wp-json\/wp\/v2\/comments?post=117231"}],"version-history":[{"count":0,"href":"https:\/\/www.europesays.com\/es\/wp-json\/wp\/v2\/posts\/117231\/revisions"}],"wp:featuredmedia":[{"embeddable":true,"href":"https:\/\/www.europesays.com\/es\/wp-json\/wp\/v2\/media\/117232"}],"wp:attachment":[{"href":"https:\/\/www.europesays.com\/es\/wp-json\/wp\/v2\/media?parent=117231"}],"wp:term":[{"taxonomy":"category","embeddable":true,"href":"https:\/\/www.europesays.com\/es\/wp-json\/wp\/v2\/categories?post=117231"},{"taxonomy":"post_tag","embeddable":true,"href":"https:\/\/www.europesays.com\/es\/wp-json\/wp\/v2\/tags?post=117231"}],"curies":[{"name":"wp","href":"https:\/\/api.w.org\/{rel}","templated":true}]}}