{"id":117238,"date":"2025-09-15T19:46:07","date_gmt":"2025-09-15T19:46:07","guid":{"rendered":"https:\/\/www.europesays.com\/es\/117238\/"},"modified":"2025-09-15T19:46:07","modified_gmt":"2025-09-15T19:46:07","slug":"polonia-neutraliza-un-dron-que-sobrevolaba-edificios-gubernamentales-y-detiene-a-dos-bielorrusos-como-presuntos-responsables-internacional","status":"publish","type":"post","link":"https:\/\/www.europesays.com\/es\/117238\/","title":{"rendered":"Polonia neutraliza un dron que sobrevolaba edificios gubernamentales y detiene a dos bielorrusos como presuntos responsables | Internacional"},"content":{"rendered":"<p class=\"loc\">Madrid<\/p>\n<p>El primer ministro de Polonia, Donald Tusk, ha anunciado este lunes la detenci\u00f3n de dos ciudadanos bielorrusos tras la interceptaci\u00f3n de un dron que estaba sobrevolando edificios gubernamentales en la capital polaca, Varsovia.<\/p>\n<p>\u00abEl Servicio de Protecci\u00f3n Estatal ha neutralizado recientemente un dron que operaba sobre edificios gubernamentales (calle Parkova) y el Palacio Belwederski. Dos ciudadanos bielorrusos han sido detenidos. La Polic\u00eda est\u00e1 investigando las circunstancias del incidente\u00bb, ha informado a trav\u00e9s de su perfil en la red social X.<\/p>\n<p>Estos hechos tienen lugar en el marco de las recientes tensiones entre Varsovia y Minsk, cuyas fronteras est\u00e1n cerradas con motivo de las maniobras militares conjuntas entre Bielorrusia y Rusia.<\/p>\n<p>Adem\u00e1s, la semana pasada el propio Tusk inform\u00f3 de la detenci\u00f3n de un supuesto esp\u00eda bielorruso y la expulsi\u00f3n de un diplom\u00e1tico, tambi\u00e9n bielorruso, involucrado en una red de espionaje en Europa.<\/p>\n<blockquote class=\"twitter-tweet\">\n<p lang=\"pl\" dir=\"ltr\">Przed chwil\u0105 S\u0142u\u017cba Ochrony Pa\u0144stwa zneutralizowa\u0142a drona operuj\u0105cego nad budynkami rz\u0105dowymi (Parkowa) i Belwederem. Zatrzymano dw\u00f3ch obywateli Bia\u0142orusi. Policja bada okoliczno\u015bci incydentu.<\/p>\n<p>\u2014 Donald Tusk (@donaldtusk) <a href=\"https:\/\/twitter.com\/donaldtusk\/status\/1967653747208884444?ref_src=twsrc%5Etfw\" rel=\"nofollow noopener\" target=\"_blank\">September 15, 2025<\/a><\/p><\/blockquote>\n<p><script async src=\"https:\/\/platform.twitter.com\/widgets.js\" charset=\"utf-8\"><\/script><\/p>\n","protected":false},"excerpt":{"rendered":"Madrid El primer ministro de Polonia, Donald Tusk, ha anunciado este lunes la detenci\u00f3n de dos ciudadanos bielorrusos&hellip;\n","protected":false},"author":2,"featured_media":117239,"comment_status":"","ping_status":"","sticky":false,"template":"","format":"standard","meta":{"footnotes":""},"categories":[42],"tags":[39130,39131,17,18,13,14,11,61,62,63,64,19,20,9,10,15,16,2678,39132,12,21,22,6319,65,66,67],"class_list":{"0":"post-117238","1":"post","2":"type-post","3":"status-publish","4":"format-standard","5":"has-post-thumbnail","7":"category-internacional","8":"tag-air-base","9":"tag-air-force","10":"tag-breaking-news","11":"tag-breakingnews","12":"tag-featured-news","13":"tag-featurednews","14":"tag-headlines","15":"tag-internacional","16":"tag-international","17":"tag-international-news","18":"tag-internationalnews","19":"tag-latest-news","20":"tag-latestnews","21":"tag-news","22":"tag-noticias","23":"tag-noticias-destacadas","24":"tag-noticiasdestacadas","25":"tag-pm","26":"tag-soldiers","27":"tag-titulares","28":"tag-ultimas-noticias","29":"tag-ultimasnoticias","30":"tag-visit","31":"tag-world","32":"tag-world-news","33":"tag-worldnews"},"share_on_mastodon":{"url":"","error":""},"_links":{"self":[{"href":"https:\/\/www.europesays.com\/es\/wp-json\/wp\/v2\/posts\/117238","targetHints":{"allow":["GET"]}}],"collection":[{"href":"https:\/\/www.europesays.com\/es\/wp-json\/wp\/v2\/posts"}],"about":[{"href":"https:\/\/www.europesays.com\/es\/wp-json\/wp\/v2\/types\/post"}],"author":[{"embeddable":true,"href":"https:\/\/www.europesays.com\/es\/wp-json\/wp\/v2\/users\/2"}],"replies":[{"embeddable":true,"href":"https:\/\/www.europesays.com\/es\/wp-json\/wp\/v2\/comments?post=117238"}],"version-history":[{"count":0,"href":"https:\/\/www.europesays.com\/es\/wp-json\/wp\/v2\/posts\/117238\/revisions"}],"wp:featuredmedia":[{"embeddable":true,"href":"https:\/\/www.europesays.com\/es\/wp-json\/wp\/v2\/media\/117239"}],"wp:attachment":[{"href":"https:\/\/www.europesays.com\/es\/wp-json\/wp\/v2\/media?parent=117238"}],"wp:term":[{"taxonomy":"category","embeddable":true,"href":"https:\/\/www.europesays.com\/es\/wp-json\/wp\/v2\/categories?post=117238"},{"taxonomy":"post_tag","embeddable":true,"href":"https:\/\/www.europesays.com\/es\/wp-json\/wp\/v2\/tags?post=117238"}],"curies":[{"name":"wp","href":"https:\/\/api.w.org\/{rel}","templated":true}]}}