{"id":117256,"date":"2025-09-15T20:02:08","date_gmt":"2025-09-15T20:02:08","guid":{"rendered":"https:\/\/www.europesays.com\/es\/117256\/"},"modified":"2025-09-15T20:02:08","modified_gmt":"2025-09-15T20:02:08","slug":"thierry-la-unica-luz-de-barcelona-322-dias-despues","status":"publish","type":"post","link":"https:\/\/www.europesays.com\/es\/117256\/","title":{"rendered":"Thierry, la \u00fanica &#8216;luz&#8217; de Barcelona 322 d\u00edas despu\u00e9s"},"content":{"rendered":"<p class=\"ft-text\"><strong>Thierry Rendall fue la \u00fanica luz en la tr\u00e1gica noche de <\/strong>Barcelona<strong>. <\/strong>El portugu\u00e9s volvi\u00f3 a los terrenos de juego 322 d\u00edas despu\u00e9s. El lateral del Valencia, recuperado de su rotura del ligamento cruzado anterior, regres\u00f3 a la competici\u00f3n ante el FC Barcelona en el Estadi Johan Cruyff en su programada vuelta progresiva a la competici\u00f3n.<\/p>\n<p class=\"ft-text\">El defensa blanquigro volvi\u00f3 a tener minutos en un partido oficial tras once meses de su grave lesi\u00f3n sufrida en el mes de octubre de 2024. El lateral portugu\u00e9s se lesion\u00f3 de una <strong>rotura del ligamento cruzado anterior <\/strong>en el partido que enfrent\u00f3 al Valencia CF y al Getafe CF en el Coliseum el 27 de octubre de 2024.<\/p>\n<p class=\"ft-text\">\u201cFue cerca del minuto 50\u2019 y en ese lance yo iba fuerte y cuando vi que ven\u00eda Alderete, intento quitar el pie para no recibir la segunda amarilla y, en ese movimiento, <strong>la rodilla me fue hacia dentro y escuch\u00e9 un sonido.<\/strong> Not\u00e9 un poco de molestia, pero fue m\u00e1s el susto del sonido porque eso nunca es bueno. Cuando entr\u00e9 al vestuario, estaba caliente y apoy\u00e9 el pie en el suelo y le dije al doctor que estaba bien y que iba a salir a jugar y terminar el partido. Al final del encuentro, no ten\u00eda tanta movilidad en la rodilla, me dol\u00eda un poco. Cre\u00eda que no iba a ser nada, pero fue lo peor\u201d, describi\u00f3.<\/p>\n<p>Media hora<\/p>\n<p class=\"ft-text\">Pese a ello,<strong> Thierry Rendall nunca \u2018baj\u00f3 los brazos\u2019<\/strong> y a base de esfuerzo, sacrificio y mucha resiliencia, el defensa valencianista consigui\u00f3 recuperarse. En la noche de ayer, ante el FC Barcelona, vio como todo su trabajo, durante este proceso de recuperaci\u00f3n, fue recompensado. El de Amadora sustituy\u00f3 a Diakhaby, otro de los grandes ejemplos de superaci\u00f3n, y <strong>disput\u00f3 30 minutos.<\/strong><\/p>\n<p class=\"ft-helper-fontSize-body-M\" isamp=\"false\">V\u00eda: <a href=\"https:\/\/www.superdeporte.es\/valencia-cf\/2025\/09\/15\/thierry-unica-luz-johan-cruyff-laliga-121590741.html\" target=\"_blank\" class=\"ft-link ft-link--decoration\" rel=\"nofollow noopener\">Superdeporte<\/a><\/p>\n","protected":false},"excerpt":{"rendered":"Thierry Rendall fue la \u00fanica luz en la tr\u00e1gica noche de Barcelona. El portugu\u00e9s volvi\u00f3 a los terrenos&hellip;\n","protected":false},"author":2,"featured_media":117257,"comment_status":"","ping_status":"","sticky":false,"template":"","format":"standard","meta":{"footnotes":""},"categories":[268],"tags":[39135,210,168,25,24,280,282,1210,1875,281,23,167,39134,3001],"class_list":{"0":"post-117256","1":"post","2":"type-post","3":"status-publish","4":"format-standard","5":"has-post-thumbnail","7":"category-futbol","8":"tag-39135","9":"tag-barcelona","10":"tag-deportes","11":"tag-es","12":"tag-espana","13":"tag-football","14":"tag-futbol","15":"tag-laliga-ea-sports","16":"tag-luz","17":"tag-soccer","18":"tag-spain","19":"tag-sports","20":"tag-thierry","21":"tag-unica"},"share_on_mastodon":{"url":"","error":""},"_links":{"self":[{"href":"https:\/\/www.europesays.com\/es\/wp-json\/wp\/v2\/posts\/117256","targetHints":{"allow":["GET"]}}],"collection":[{"href":"https:\/\/www.europesays.com\/es\/wp-json\/wp\/v2\/posts"}],"about":[{"href":"https:\/\/www.europesays.com\/es\/wp-json\/wp\/v2\/types\/post"}],"author":[{"embeddable":true,"href":"https:\/\/www.europesays.com\/es\/wp-json\/wp\/v2\/users\/2"}],"replies":[{"embeddable":true,"href":"https:\/\/www.europesays.com\/es\/wp-json\/wp\/v2\/comments?post=117256"}],"version-history":[{"count":0,"href":"https:\/\/www.europesays.com\/es\/wp-json\/wp\/v2\/posts\/117256\/revisions"}],"wp:featuredmedia":[{"embeddable":true,"href":"https:\/\/www.europesays.com\/es\/wp-json\/wp\/v2\/media\/117257"}],"wp:attachment":[{"href":"https:\/\/www.europesays.com\/es\/wp-json\/wp\/v2\/media?parent=117256"}],"wp:term":[{"taxonomy":"category","embeddable":true,"href":"https:\/\/www.europesays.com\/es\/wp-json\/wp\/v2\/categories?post=117256"},{"taxonomy":"post_tag","embeddable":true,"href":"https:\/\/www.europesays.com\/es\/wp-json\/wp\/v2\/tags?post=117256"}],"curies":[{"name":"wp","href":"https:\/\/api.w.org\/{rel}","templated":true}]}}