{"id":117267,"date":"2025-09-15T20:12:08","date_gmt":"2025-09-15T20:12:08","guid":{"rendered":"https:\/\/www.europesays.com\/es\/117267\/"},"modified":"2025-09-15T20:12:08","modified_gmt":"2025-09-15T20:12:08","slug":"my-nintendo-store-abre-reservas-con-regalos-de-metroid-prime-4-super-mario-galaxy-super-mario-galaxy-galaxy-2-y-mas","status":"publish","type":"post","link":"https:\/\/www.europesays.com\/es\/117267\/","title":{"rendered":"My Nintendo Store abre reservas con regalos de Metroid Prime 4, Super Mario Galaxy + Super Mario Galaxy Galaxy 2 y m\u00e1s"},"content":{"rendered":"<p><strong>\u00a1Muy atentos<\/strong><strong>!<\/strong>\u00a0Parece que el cat\u00e1logo de\u00a0<a href=\"https:\/\/www.nintenderos.com\/2024\/01\/my-nintendo-recibe-gratis-este-fondo-de-pantalla-de-super-mario-en-europa-y-america\/\" rel=\"nofollow noopener\" target=\"_blank\">My Nintendo<\/a>\u00a0se ha actualizado para sus usuarios. Aqu\u00ed os traemos\u00a0<strong>la lista de novedades confirmadas<\/strong>\u00a0hoy mismo por parte de Nintendo.<\/p>\n<p>En este caso, se ha confirmado que la tienda ya permite reservar todos los siguientes productos compartidos en el Nintendo Direct:<strong> Metroid Prime 4, Super Mario Galaxy + Galaxy 2, todos los amiibo de estos dos juegos y los de Kirby Air Riders<\/strong>:<\/p>\n<blockquote class=\"twitter-tweet\">\n<p dir=\"ltr\" lang=\"es\">Metroid Prime 4<br \/>Ya en reserva en My Nintendo Store con edici\u00f3n especial y llavero regalo<\/p>\n<p>Otros contenidos en esta categor\u00eda:<\/p>\n<p>\u2705Pack c\u00f3smico Switch 2<a href=\"https:\/\/t.co\/pFuDx5GT0d\" class=\"external\" rel=\"nofollow\">https:\/\/t.co\/pFuDx5GT0d<\/a><\/p>\n<p>\u2705Pack c\u00f3smico Switch<a href=\"https:\/\/t.co\/SumK010Rfd\" class=\"external\" rel=\"nofollow\">https:\/\/t.co\/SumK010Rfd<\/a><\/p>\n<p>\u2705Juego Switch 2<a href=\"https:\/\/t.co\/7wzLWZpIJH\" class=\"external\" rel=\"nofollow\">https:\/\/t.co\/7wzLWZpIJH<\/a><br \/>\u2705\ufe0fJuego Switch <a href=\"https:\/\/t.co\/9ReWqZney4\" class=\"external\" rel=\"nofollow\">https:\/\/t.co\/9ReWqZney4<\/a> <a href=\"https:\/\/t.co\/cVTWclErBg\" class=\"external\" rel=\"nofollow\">pic.twitter.com\/cVTWclErBg<\/a><\/p>\n<p>\u2014 OfertasJuegos.es (@ofertasjuegoses) <a href=\"https:\/\/twitter.com\/ofertasjuegoses\/status\/1967624890175177150?ref_src=twsrc%5Etfw\" rel=\"nofollow noopener\" target=\"_blank\">September 15, 2025<\/a><\/p>\n<\/blockquote>\n<blockquote class=\"twitter-tweet\">\n<p dir=\"ltr\" lang=\"es\"> Super Mario Galaxy + Galaxy 2<br \/>Ya en reserva en My Nintendo Store con edici\u00f3n especial + regalos<\/p>\n<p>\u2705Pack c\u00f3smico: Juego + 2 p\u00f3sters metalizados<br \/>\u26d1<a href=\"https:\/\/t.co\/lC4KMnJkUK\" class=\"external\" rel=\"nofollow\">https:\/\/t.co\/lC4KMnJkUK<\/a><\/p>\n<p>\u2705Juego<br \/>\u26d1<a href=\"https:\/\/t.co\/XzfbUtO7vn\" class=\"external\" rel=\"nofollow\">https:\/\/t.co\/XzfbUtO7vn<\/a><\/p>\n<p>Recuerda que en My Nintendo Store no se paga nada por reservar <a href=\"https:\/\/t.co\/Upjbkd9Vy8\" class=\"external\" rel=\"nofollow\">pic.twitter.com\/Upjbkd9Vy8<\/a><\/p>\n<p>\u2014 OfertasJuegos.es (@ofertasjuegoses) <a href=\"https:\/\/twitter.com\/ofertasjuegoses\/status\/1967622108030423048?ref_src=twsrc%5Etfw\" rel=\"nofollow noopener\" target=\"_blank\">September 15, 2025<\/a><\/p>\n<\/blockquote>\n<blockquote class=\"twitter-tweet\">\n<p dir=\"ltr\" lang=\"es\"> Amiibo Metroid Prime 4<br \/>Ya en reserva en My Nintendo Store<\/p>\n<p>\u2705\ufe0fSamus (Metroid Prime 4: Beyond):<br \/>\u26d1 <a href=\"https:\/\/t.co\/Yydla2iX0n\" class=\"external\" rel=\"nofollow\">https:\/\/t.co\/Yydla2iX0n<\/a><\/p>\n<p>\u2705\ufe0fSamus y Vi-O-La<br \/>\u26d1 <a href=\"https:\/\/t.co\/Sw02UWGt4U\" class=\"external\" rel=\"nofollow\">https:\/\/t.co\/Sw02UWGt4U<\/a><\/p>\n<p>\u2705\ufe0fSylux<br \/>\u26d1 <a href=\"https:\/\/t.co\/SonRXxh3Sc\" class=\"external\" rel=\"nofollow\">https:\/\/t.co\/SonRXxh3Sc<\/a><\/p>\n<p>Recuerda que en My Nintendo Store no se paga nada por reservar <a href=\"https:\/\/t.co\/y7cQJfJsle\" class=\"external\" rel=\"nofollow\">pic.twitter.com\/y7cQJfJsle<\/a><\/p>\n<p>\u2014 OfertasJuegos.es (@ofertasjuegoses) <a href=\"https:\/\/twitter.com\/ofertasjuegoses\/status\/1967619813171466706?ref_src=twsrc%5Etfw\" rel=\"nofollow noopener\" target=\"_blank\">September 15, 2025<\/a><\/p>\n<\/blockquote>\n<blockquote class=\"twitter-tweet\">\n<p dir=\"ltr\" lang=\"es\"> Amiibos Super Mario Galaxy<br \/>Ya en reserva en My Nintendo Store<\/p>\n<p>\u2705\ufe0fMario<br \/>\u26d1 <a href=\"https:\/\/t.co\/XbXACXMrl6\" class=\"external\" rel=\"nofollow\">https:\/\/t.co\/XbXACXMrl6<\/a><\/p>\n<p>\u2705\ufe0fEstela<br \/>\u26d1 <a href=\"https:\/\/t.co\/CXlgpvj1yZ\" class=\"external\" rel=\"nofollow\">https:\/\/t.co\/CXlgpvj1yZ<\/a><\/p>\n<p>Recuerda que en My Nintendo Store no se paga nada por reservar, lo cobran aproximadamente una semana antes del lanzamiento. <a href=\"https:\/\/t.co\/5ODYXjbWu6\" class=\"external\" rel=\"nofollow\">pic.twitter.com\/5ODYXjbWu6<\/a><\/p>\n<p>\u2014 OfertasJuegos.es (@ofertasjuegoses) <a href=\"https:\/\/twitter.com\/ofertasjuegoses\/status\/1967619915860648179?ref_src=twsrc%5Etfw\" rel=\"nofollow noopener\" target=\"_blank\">September 15, 2025<\/a><\/p>\n<\/blockquote>\n<blockquote class=\"twitter-tweet\">\n<p dir=\"ltr\" lang=\"es\">\u2b50\ufe0fAmiibos Kirby Air Riders<br \/>Ya en reserva en My Nintendo Store<\/p>\n<p>\u2705Kirby y estrella remolque<a href=\"https:\/\/t.co\/yEtrLiI8Gq\" class=\"external\" rel=\"nofollow\">https:\/\/t.co\/yEtrLiI8Gq<\/a><\/p>\n<p>\u2705Waddle Dee pa\u00f1uelo y estrella alada<a href=\"https:\/\/t.co\/7LqWBLrrx3\" class=\"external\" rel=\"nofollow\">https:\/\/t.co\/7LqWBLrrx3<\/a><\/p>\n<p>Recuerda que en My Nintendo Store no se paga nada por reservar <a href=\"https:\/\/t.co\/5vdMCGYCMe\" class=\"external\" rel=\"nofollow\">pic.twitter.com\/5vdMCGYCMe<\/a><\/p>\n<p>\u2014 OfertasJuegos.es (@ofertasjuegoses) <a href=\"https:\/\/twitter.com\/ofertasjuegoses\/status\/1967619600872529963?ref_src=twsrc%5Etfw\" rel=\"nofollow noopener\" target=\"_blank\">September 15, 2025<\/a><\/p>\n<\/blockquote>\n<p>\u00bfQu\u00e9 os parece? \u00bfTen\u00e9is pensado canjear algo actualmente? No dud\u00e9is en compartirlo abajo en los comentarios.<\/p>\n<p>Para terminar, por si est\u00e1is interesados, os dejamos con nuestra cobertura completa sobre las m\u00e1s recientes recompensas a\u00f1adidas al cat\u00e1logo europeo y americano de My Nintendo en\u00a0<a href=\"https:\/\/www.nintenderos.com\/tag\/my-nintendo\/\" rel=\"nofollow noopener\" target=\"_blank\">este enlace<\/a>.<\/p>\n<p><a class=\"external\" href=\"https:\/\/twitter.com\/ofertasjuegoses\" rel=\"nofollow noopener\" target=\"_blank\">Fuente<\/a>.<\/p>\n<p>    <script async src=\"https:\/\/platform.twitter.com\/widgets.js\" charset=\"utf-8\"><\/script><\/p>\n","protected":false},"excerpt":{"rendered":"\u00a1Muy atentos!\u00a0Parece que el cat\u00e1logo de\u00a0My Nintendo\u00a0se ha actualizado para sus usuarios. Aqu\u00ed os traemos\u00a0la lista de novedades&hellip;\n","protected":false},"author":2,"featured_media":117268,"comment_status":"","ping_status":"","sticky":false,"template":"","format":"standard","meta":{"footnotes":""},"categories":[81],"tags":[119,123,124,25,24,31819,3090,117,121,122,23,37802,39137,118,120],"class_list":{"0":"post-117267","1":"post","2":"type-post","3":"status-publish","4":"format-standard","5":"has-post-thumbnail","7":"category-ciencia-y-tecnologia","8":"tag-ciencia","9":"tag-ciencia-y-tecnologia","10":"tag-cienciaytecnologia","11":"tag-es","12":"tag-espana","13":"tag-kirby-air-riders","14":"tag-metroid-prime-4","15":"tag-science","16":"tag-science-and-technology","17":"tag-scienceandtechnology","18":"tag-spain","19":"tag-super-mario-galaxy","20":"tag-super-mario-galaxy-super-mario-galaxy-galaxy-2","21":"tag-technology","22":"tag-tecnologia"},"share_on_mastodon":{"url":"","error":""},"_links":{"self":[{"href":"https:\/\/www.europesays.com\/es\/wp-json\/wp\/v2\/posts\/117267","targetHints":{"allow":["GET"]}}],"collection":[{"href":"https:\/\/www.europesays.com\/es\/wp-json\/wp\/v2\/posts"}],"about":[{"href":"https:\/\/www.europesays.com\/es\/wp-json\/wp\/v2\/types\/post"}],"author":[{"embeddable":true,"href":"https:\/\/www.europesays.com\/es\/wp-json\/wp\/v2\/users\/2"}],"replies":[{"embeddable":true,"href":"https:\/\/www.europesays.com\/es\/wp-json\/wp\/v2\/comments?post=117267"}],"version-history":[{"count":0,"href":"https:\/\/www.europesays.com\/es\/wp-json\/wp\/v2\/posts\/117267\/revisions"}],"wp:featuredmedia":[{"embeddable":true,"href":"https:\/\/www.europesays.com\/es\/wp-json\/wp\/v2\/media\/117268"}],"wp:attachment":[{"href":"https:\/\/www.europesays.com\/es\/wp-json\/wp\/v2\/media?parent=117267"}],"wp:term":[{"taxonomy":"category","embeddable":true,"href":"https:\/\/www.europesays.com\/es\/wp-json\/wp\/v2\/categories?post=117267"},{"taxonomy":"post_tag","embeddable":true,"href":"https:\/\/www.europesays.com\/es\/wp-json\/wp\/v2\/tags?post=117267"}],"curies":[{"name":"wp","href":"https:\/\/api.w.org\/{rel}","templated":true}]}}