{"id":117278,"date":"2025-09-15T20:18:04","date_gmt":"2025-09-15T20:18:04","guid":{"rendered":"https:\/\/www.europesays.com\/es\/117278\/"},"modified":"2025-09-15T20:18:04","modified_gmt":"2025-09-15T20:18:04","slug":"la-ambicion-de-julio-norte-destaca-en-arganda","status":"publish","type":"post","link":"https:\/\/www.europesays.com\/es\/117278\/","title":{"rendered":"La ambici\u00f3n de Julio Norte destaca en Arganda"},"content":{"rendered":"<p style=\"\">Unas preciosas ver\u00f3nicas le plant\u00f3 Zulueta al primer novillo de la tarde. Y con esa aparente facilidad elegante, comenz\u00f3 sac\u00e1ndose a Guapito a los medios, tras dos eficaces primeros tercios. El novillo ten\u00eda clase, pero le faltaba recorrido y hab\u00eda que tocarlo bien. Un cambio  &#8230; de mano fue verdaderamente extraordinario, eterno, largo, profundo, parando el tiempo\u2026 ese muletazo val\u00eda mucho. Y fue lo mejor de una obra irregular llena de toreo muy caros, pero falta de entendimiento entre ambos, por momentos, especialmente al natural, donde tard\u00f3 Javier en cogerle la distancia, si bien es cierto que por ah\u00ed el animal era andar\u00edn. <\/p>\n<p class=\"voc-p\" style=\"\">Adue\u00f1ado sali\u00f3, y con todo su \u00edmpetu remat\u00f3 en el burladero del 3. Se qued\u00f3 varios segundos en el suelo, y se levant\u00f3 con el pit\u00f3n izquierdo partido desde la cepa y descordado. Una pena, porque era una preciosidad de novillo, no como el sobrero, que parec\u00eda el hijo del anterior. Un ejemplar al que faltaba cuajo por todos lados, y que no quiso nunca humillar. Pasaba con nobleza, sin m\u00e1s -si bien es cierto que se le peg\u00f3 mucho en el caballo-. El sevillano, que se desped\u00eda de novillero en Espa\u00f1a con este novillo, volvi\u00f3 a componer muy bonito, a cuidarlo. El trazo no pod\u00eda ser mejor, pero lo que ten\u00eda enfrente s\u00ed era bastante mejorable, desde su escaso trap\u00edo, a su soso juego, y acab\u00f3 incluso cantando la gallina despu\u00e9s de nunca haberse empleado. <\/p>\n<p class=\"voc-p\" style=\"\">Con dos faroles de rodillas en el tercio recibi\u00f3 Joel Ram\u00edrez a Liriquillo, un novillo justo de fuerzas pero con ganas de embestir, y calidad. Adem\u00e1s, el nombre es importante en la ganader\u00eda de El Juli, que miraba asombrado c\u00f3mo asomaba el pa\u00f1uelo verde tras el primer tercio, sin venir a cuento. Ram\u00edrez sonre\u00eda sin entender por qu\u00e9 lo cambiaban, mientras su gente hac\u00eda gestos de enfado. No tuvo ning\u00fan sentido esto\u2026<\/p>\n<p class=\"voc-p\" style=\"\">Y a porta gayola se fue entonces Joel a recibir al segundo de su lote, al correr turno. Tuvo much\u00edsimo m\u00e9rito, por la forma de la plaza y porque este Cortesano ya era un torito, de gran y abierta encornadura. Y despu\u00e9s se puso no una, sino tres veces de rodillas por faroles. Ven\u00eda a por todas el chaval, que hizo quites y fue todo entrega en la franela, desde el inicio de rodillas -tras brindar al ganadero-, hasta el final por el mismo palo. El utrero ten\u00eda emoci\u00f3n y repet\u00eda, aunque le faltara clase. Valiente y esforzado estuvo el madrile\u00f1o, que pinch\u00f3 un m\u00e1s que seguro premio. <\/p>\n<p class=\"voc-p\" style=\"\">Mientras que el sobrero de Alejandro Mateos era bastante escu\u00e1lido, el quinto bis fue una exageraci\u00f3n. Ni una cosa ni otra. Aguant\u00f3 bien la embestida el picador, que estuvo acertado en su labor. Qu\u00e9 pedazo de subalterno es Marcos Prieto, en general, porque aqu\u00ed, en concreto, clav\u00f3 dos enormes pares en la misma cara, sin que la eficaz brega le diera ni un capotazo de m\u00e1s. Pr\u00e1cticamente se lo colocaba \u00e9l s\u00f3lo. Pero muy parado lleg\u00f3 Allabe\u00f1o a la muleta, donde Ram\u00edrez intent\u00f3 echar la gracia que le faltaba al novillo, que era bastante. Se pas\u00f3 de faena el madrile\u00f1o, que en su af\u00e1n de agradar, le falt\u00f3 un poco el respeto al novillo, cosa que nunca debe hacerse, por muy entregado que se est\u00e9; y termin\u00f3 por temerarias bernadinas. Lo mejor fue la estocada, volc\u00e1ndose entre los dos petacos que ten\u00eda el animal.<\/p>\n<ul class=\"voc-list\">\n<li class=\"voc-list__item\">\n<strong>Plaza de toros de Arganda del Rey.<\/strong><br \/>\nLunes, 15 de spetiembre de 2025. Lleno en los tendidos. Novillos de El Freixo, Alejandro Mateos (4\u00ba bis) y Reyna Tartiere (5\u00ba bis).\n<\/li>\n<li class=\"voc-list__item\">\n<strong>Javier Zulueta,<\/strong><br \/>\nde pur\u00edsima y oro. Estocada corta perpendicular y ca\u00edda (saludos). Pinchazo y estocada casi estera ca\u00edda (silencio).\n<\/li>\n<li class=\"voc-list__item\">\n<strong>Joel Ram\u00edrez,<\/strong><br \/>\nde tabaco y oro. Pinchazo y estocada trasera y desprendida (vuelta). Estocada (dos orejas).\n<\/li>\n<li class=\"voc-list__item\">\n<strong>Julio Norte,<\/strong><br \/>\nde pur\u00edsima y oro. Estocada desprendidita (dos orejas). Estocada y dos descabellos (oreja).\n<\/li>\n<\/ul>\n<p class=\"voc-p\" style=\"\">Y de rodillas en el tercio recibi\u00f3 tambi\u00e9n Norte al tercero, un novillo m\u00e1s paradote y aplomado. De hinojos se lo sac\u00f3 por la espalda en el inicio de faena, pis\u00e1ndole las pantorrillas el novillo, que le lami\u00f3 con los pitones los ri\u00f1ones. Toda una declaraci\u00f3n de intenciones. Enrollado humill\u00f3 y tuvo mucha calidad, que supo sacarle el salmantino, especialmente con la diestra, con un bonito codilleo para alargar el viaje por ese pit\u00f3n, y mostr\u00f3 muy buenas maneras en su toreo al natural. Termin\u00f3 buscando las cercan\u00edas, no sin antes sacar un extraordinario derechazo, rozando la perfecci\u00f3n. Al final, de nuevo de hinojos, termin\u00f3 abusando del utrero ya parado, que puso la plaza patas arriba, solicitando para \u00e9l las dos orejas.<\/p>\n<p class=\"voc-p\" style=\"\">Pero le sab\u00eda a poco el premio a Julito, que recibi\u00f3 al \u00faltimo de la feria con un variad\u00edsimo recibo con una larga de rodillas, delantales despaciosos, chicuelinas y una larga, m\u00e1s otro l\u00edo que form\u00f3 en el quite por tafalleras y gaoneras. Tiene las rodillas de hierro el chaval, que volvi\u00f3 a ponerse a rezar para comenzar la faena a este Atrapado, de escasita fuerza, pero muy pronto. Hab\u00eda que hacerle las cosas bien, como hizo Norte las primeras tandas. Pero despu\u00e9s el novillo le toc\u00f3 las telas en demas\u00eda, agri\u00e1ndose su embestida por momentos. Ambici\u00f3n mostr\u00f3 el chaval, que tiene muy buenas aptitudes, pero que no termin\u00f3 de estar del todo templado con el de El Freixo. S\u00ed dej\u00f3 patentes sus enormes ganas de ser alguien en esto, peg\u00e1ndose un arrim\u00f3n de padre y muy se\u00f1or m\u00edo.<\/p>\n","protected":false},"excerpt":{"rendered":"Unas preciosas ver\u00f3nicas le plant\u00f3 Zulueta al primer novillo de la tarde. Y con esa aparente facilidad elegante,&hellip;\n","protected":false},"author":2,"featured_media":117279,"comment_status":"","ping_status":"","sticky":false,"template":"","format":"standard","meta":{"footnotes":""},"categories":[277],"tags":[5882,12397,373,168,1072,25,24,888,3449,23,167,374],"class_list":{"0":"post-117278","1":"post","2":"type-post","3":"status-publish","4":"format-standard","5":"has-post-thumbnail","7":"category-toreo","8":"tag-ambicion","9":"tag-arganda","10":"tag-bullfighting","11":"tag-deportes","12":"tag-destaca","13":"tag-es","14":"tag-espana","15":"tag-julio","16":"tag-norte","17":"tag-spain","18":"tag-sports","19":"tag-toreo"},"share_on_mastodon":{"url":"","error":""},"_links":{"self":[{"href":"https:\/\/www.europesays.com\/es\/wp-json\/wp\/v2\/posts\/117278","targetHints":{"allow":["GET"]}}],"collection":[{"href":"https:\/\/www.europesays.com\/es\/wp-json\/wp\/v2\/posts"}],"about":[{"href":"https:\/\/www.europesays.com\/es\/wp-json\/wp\/v2\/types\/post"}],"author":[{"embeddable":true,"href":"https:\/\/www.europesays.com\/es\/wp-json\/wp\/v2\/users\/2"}],"replies":[{"embeddable":true,"href":"https:\/\/www.europesays.com\/es\/wp-json\/wp\/v2\/comments?post=117278"}],"version-history":[{"count":0,"href":"https:\/\/www.europesays.com\/es\/wp-json\/wp\/v2\/posts\/117278\/revisions"}],"wp:featuredmedia":[{"embeddable":true,"href":"https:\/\/www.europesays.com\/es\/wp-json\/wp\/v2\/media\/117279"}],"wp:attachment":[{"href":"https:\/\/www.europesays.com\/es\/wp-json\/wp\/v2\/media?parent=117278"}],"wp:term":[{"taxonomy":"category","embeddable":true,"href":"https:\/\/www.europesays.com\/es\/wp-json\/wp\/v2\/categories?post=117278"},{"taxonomy":"post_tag","embeddable":true,"href":"https:\/\/www.europesays.com\/es\/wp-json\/wp\/v2\/tags?post=117278"}],"curies":[{"name":"wp","href":"https:\/\/api.w.org\/{rel}","templated":true}]}}