{"id":117280,"date":"2025-09-15T20:19:04","date_gmt":"2025-09-15T20:19:04","guid":{"rendered":"https:\/\/www.europesays.com\/es\/117280\/"},"modified":"2025-09-15T20:19:04","modified_gmt":"2025-09-15T20:19:04","slug":"el-dueno-de-la-ufc-y-la-wwe-recompra-acciones-por-1-000-millones-de-dolares","status":"publish","type":"post","link":"https:\/\/www.europesays.com\/es\/117280\/","title":{"rendered":"El due\u00f1o de la UFC y la WWE recompra acciones por 1.000 millones de d\u00f3lares"},"content":{"rendered":"<p>La lucha libre es atractiva hasta para sus propietarios. TKO\u00a0Group, matriz de la Ultimate\u00a0Fighting\u00a0Championship\u00a0(UFC) y la\u00a0World\u00a0Wrestling\u00a0Entertainment\u00a0(WWE), ha <strong>recomprado acciones por mil millones de d\u00f3lares<\/strong>, seg\u00fan ha confirmado a trav\u00e9s de un comunicado.\u00a0<\/p>\n<p>\u00a0<\/p>\n<p>TKO Group ha firmado un acuerdo para la recompra acelerada de acciones por <strong>800 millones de d\u00f3lares<\/strong>. Tambi\u00e9n ha anunciado la firma de un plan de negociaci\u00f3n, llamado 10b5-1, para la recompra de hasta 174 millones de d\u00f3lares de sus acciones ordinarias Clase A.\u00a0<\/p>\n<p>\u00a0<\/p>\n<p>Adem\u00e1s, el 5 de septiembre de 2025, la compa\u00f1\u00eda recompr\u00f3 aproximadamente <strong>26 millones de d\u00f3lares <\/strong>de sus acciones ordinarias Clase A en circulaci\u00f3n mediante una transacci\u00f3n negociada en privado.\u00a0 \u00a0<\/p>\n<p>\u00a0<\/p>\n<p>Mark Shapiro, presidente y director de operaciones de TKO, ha asegurado que \u201ceste plan de recompra de mil millones de d\u00f3lares en acciones refleja <strong>nuestra convicci\u00f3n en el negocio <\/strong>y el valor intr\u00ednseco de nuestras acciones\u201d. \u00a0<\/p>\n<p>\u00a0<\/p>\n<p>\u00a0<\/p>\n<p class=\"news_featured_text\">TKO Group ha firmado un acuerdo para la recompra acelerada de acciones por 800 millones de d\u00f3lares\u00a0<\/p>\n<p>\u00a0<\/p>\n<p>\u00a0<\/p>\n<p>El directivo ha a\u00f1adido que \u201clas recompras, junto con el reciente aumento del 100% de nuestro programa trimestral de dividendos en efectivo, reflejan nuestro compromiso continuo con un programa de retorno de capital s\u00f3lido y sostenible\u201d.\u00a0<\/p>\n<p>\u00a0<\/p>\n<p>Se espera que <strong>TKO Group pague 800 millones de d\u00f3lares a la entidad bancaria Morgan Stanley <\/strong>para recibir una entrega inicial de 3,16 millones de acciones ordinarias Clase A.\u00a0<\/p>\n<p>\u00a0<\/p>\n<p>Hace escasas semanas, la compa\u00f1\u00eda aprob\u00f3 la\u00a0<a href=\"https:\/\/www.mundodeportivo.com\/palco23\/competiciones\/el-propietario-de-la-ufc-repartira-dividendos-por-150-millones-de-dolares\" rel=\"nofollow noopener\" target=\"_blank\"><strong>distribuci\u00f3n de 150 millones de d\u00f3lares entre sus accionistas<\/strong><\/a>, un 100% m\u00e1s que en la anterior.\u00a0El dividendo por acci\u00f3n que se abonar\u00e1 a los accionistas de Clase A de TKO Group ser\u00e1 de\u00a0<strong>0,76 d\u00f3lares por t\u00edtulo<\/strong>. En un comunicado, la compa\u00f1\u00eda ha avanzado que este dividendo se abonar\u00e1 el pr\u00f3ximo 30 de septiembre.\u00a0\u00a0\u00a0<\/p>\n<p>\u00a0<\/p>\n<p>La matriz de la UFC y la WWE cerr\u00f3 el ejercicio 2024 revirtiendo los n\u00fameros rojos del a\u00f1o anterior, al pasar de p\u00e9rdidas de poco m\u00e1s de 35 millones de d\u00f3lares en 2023 a\u00a0<a href=\"https:\/\/www.mundodeportivo.com\/palco23\/competiciones\/tko-group-dispara-su-negocio-con-ingresos-de-mas-de-2800-millones-en-2024\" rel=\"nofollow noopener\" target=\"_blank\"><strong>9,4 millones de d\u00f3lares de beneficio<\/strong><\/a>.<\/p>\n","protected":false},"excerpt":{"rendered":"La lucha libre es atractiva hasta para sus propietarios. TKO\u00a0Group, matriz de la Ultimate\u00a0Fighting\u00a0Championship\u00a0(UFC) y la\u00a0World\u00a0Wrestling\u00a0Entertainment\u00a0(WWE), ha recomprado&hellip;\n","protected":false},"author":2,"featured_media":117281,"comment_status":"","ping_status":"","sticky":false,"template":"","format":"standard","meta":{"footnotes":""},"categories":[276],"tags":[168,25,24,23,167,343],"class_list":{"0":"post-117280","1":"post","2":"type-post","3":"status-publish","4":"format-standard","5":"has-post-thumbnail","7":"category-ufc","8":"tag-deportes","9":"tag-es","10":"tag-espana","11":"tag-spain","12":"tag-sports","13":"tag-ufc"},"share_on_mastodon":{"url":"","error":""},"_links":{"self":[{"href":"https:\/\/www.europesays.com\/es\/wp-json\/wp\/v2\/posts\/117280","targetHints":{"allow":["GET"]}}],"collection":[{"href":"https:\/\/www.europesays.com\/es\/wp-json\/wp\/v2\/posts"}],"about":[{"href":"https:\/\/www.europesays.com\/es\/wp-json\/wp\/v2\/types\/post"}],"author":[{"embeddable":true,"href":"https:\/\/www.europesays.com\/es\/wp-json\/wp\/v2\/users\/2"}],"replies":[{"embeddable":true,"href":"https:\/\/www.europesays.com\/es\/wp-json\/wp\/v2\/comments?post=117280"}],"version-history":[{"count":0,"href":"https:\/\/www.europesays.com\/es\/wp-json\/wp\/v2\/posts\/117280\/revisions"}],"wp:featuredmedia":[{"embeddable":true,"href":"https:\/\/www.europesays.com\/es\/wp-json\/wp\/v2\/media\/117281"}],"wp:attachment":[{"href":"https:\/\/www.europesays.com\/es\/wp-json\/wp\/v2\/media?parent=117280"}],"wp:term":[{"taxonomy":"category","embeddable":true,"href":"https:\/\/www.europesays.com\/es\/wp-json\/wp\/v2\/categories?post=117280"},{"taxonomy":"post_tag","embeddable":true,"href":"https:\/\/www.europesays.com\/es\/wp-json\/wp\/v2\/tags?post=117280"}],"curies":[{"name":"wp","href":"https:\/\/api.w.org\/{rel}","templated":true}]}}