{"id":117322,"date":"2025-09-15T20:45:11","date_gmt":"2025-09-15T20:45:11","guid":{"rendered":"https:\/\/www.europesays.com\/es\/117322\/"},"modified":"2025-09-15T20:45:11","modified_gmt":"2025-09-15T20:45:11","slug":"la-ruta-cicloturista-btt-a-ribeira-reunio-en-o-paramo-a-mas-de-200-participantes","status":"publish","type":"post","link":"https:\/\/www.europesays.com\/es\/117322\/","title":{"rendered":"La ruta cicloturista BTT A Ribeira reuni\u00f3 en O P\u00e1ramo a m\u00e1s de 200 participantes"},"content":{"rendered":"<p>La ruta cicloturista<strong> BTT A Ribeira<\/strong> reuni\u00f3 este domingo en el concello de <a target=\"_blank\" href=\"https:\/\/www.elprogreso.es\/tags\/o-paramo\/\" rel=\"nofollow noopener\">O P\u00e1ramo<\/a> a m\u00e1s de 200 deportistas procedentes de clubs de toda la provincia de Lugo.<\/p>\n<p>El evento cont\u00f3 con<strong> dos circuitos<\/strong> para adultos, de 50 y 37 kil\u00f3metros, en los que participaron un total de 206 personas. Hubo un tercer recorrido, el <strong>Mini BTT<\/strong>, en el que se dieron cita 26 ni\u00f1os, quienes tambi\u00e9n disfrutaron de una <strong>yincana<\/strong>.<\/p>\n<p>Las rutas partieron y terminaron en<strong> San Mamede da Ribeira<\/strong>, un peque\u00f1o n\u00facleo que se volc\u00f3 para recibir a los deportistas. Estos tuvieron la oportunidad de circular por espacios como el entorno del embalse, el campo de la feria o un mirador. El recorrido estuvo \u00abpersonalizado\u00bb, ya que los clubs m\u00e1s cercanos dieron nombre a algunos de los tramos, explic\u00f3 la vecina<strong> Alba Mar\u00eda Rivera<\/strong>, quien organiz\u00f3 la ruta a trav\u00e9s de la entidad deportiva<strong> Atl\u00e1ntigas.<\/strong><\/p>\n<p>Aunque la ruta no fue competitiva, se entregaron <strong>trofeos<\/strong>. Fueron para el club m\u00e1s numeroso, el participante m\u00e1s joven, el m\u00e1s veterano, el llegado desde m\u00e1s lejos y el m\u00e1s elegante.<\/p>\n<p>Una degustaci\u00f3n de productos locales y muestra de dos artesanos<\/p>\n<p>En la meta fueron recibidos con una degustaci\u00f3n de productos de la ganader\u00eda <strong>Quinti\u00e1n<\/strong>, la panader\u00eda <strong>O Agro<\/strong> y la carnicer\u00eda <strong>Montes<\/strong>. Adem\u00e1s, dos artesanos de la zona mostraron sus trabajos.<\/p>\n<p>Los deportistas recuperaron energ\u00edas con una comida, que congreg\u00f3 a 300 personas. Por la tarde los m\u00e1s peque\u00f1os tuvieron <strong>hinchables<\/strong>, juegos y pintacaras. El param\u00e9s<strong> DJ Min<\/strong> puso la nota musical a la jornada.<\/p>\n<p>Alba Mar\u00eda Rivera se mostr\u00f3 muy contenta con la acogida de este evento, que naci\u00f3 con el objetivo de<strong> promocionar O P\u00e1ramo<\/strong>. \u00abO concello ten moito potencial, queremos levalo ao m\u00e1is alto\u00bb, afirm\u00f3 la vecina, quien destac\u00f3 la colaboraci\u00f3n de los<strong> 90 voluntarios<\/strong> que hicieron posible organizar la ruta. Su idea es darle continuidad a BTT A Ribeira el pr\u00f3ximo a\u00f1o e \u00abintentar medrar\u00bb.<\/p>\n","protected":false},"excerpt":{"rendered":"La ruta cicloturista BTT A Ribeira reuni\u00f3 este domingo en el concello de O P\u00e1ramo a m\u00e1s de&hellip;\n","protected":false},"author":2,"featured_media":117323,"comment_status":"","ping_status":"","sticky":false,"template":"","format":"standard","meta":{"footnotes":""},"categories":[273],"tags":[313,312,168,25,24,39156,2236,5167,23,167],"class_list":{"0":"post-117322","1":"post","2":"type-post","3":"status-publish","4":"format-standard","5":"has-post-thumbnail","7":"category-ciclismo","8":"tag-ciclismo","9":"tag-cycling","10":"tag-deportes","11":"tag-es","12":"tag-espana","13":"tag-o-paramo","14":"tag-ruta","15":"tag-sarria","16":"tag-spain","17":"tag-sports"},"share_on_mastodon":{"url":"","error":""},"_links":{"self":[{"href":"https:\/\/www.europesays.com\/es\/wp-json\/wp\/v2\/posts\/117322","targetHints":{"allow":["GET"]}}],"collection":[{"href":"https:\/\/www.europesays.com\/es\/wp-json\/wp\/v2\/posts"}],"about":[{"href":"https:\/\/www.europesays.com\/es\/wp-json\/wp\/v2\/types\/post"}],"author":[{"embeddable":true,"href":"https:\/\/www.europesays.com\/es\/wp-json\/wp\/v2\/users\/2"}],"replies":[{"embeddable":true,"href":"https:\/\/www.europesays.com\/es\/wp-json\/wp\/v2\/comments?post=117322"}],"version-history":[{"count":0,"href":"https:\/\/www.europesays.com\/es\/wp-json\/wp\/v2\/posts\/117322\/revisions"}],"wp:featuredmedia":[{"embeddable":true,"href":"https:\/\/www.europesays.com\/es\/wp-json\/wp\/v2\/media\/117323"}],"wp:attachment":[{"href":"https:\/\/www.europesays.com\/es\/wp-json\/wp\/v2\/media?parent=117322"}],"wp:term":[{"taxonomy":"category","embeddable":true,"href":"https:\/\/www.europesays.com\/es\/wp-json\/wp\/v2\/categories?post=117322"},{"taxonomy":"post_tag","embeddable":true,"href":"https:\/\/www.europesays.com\/es\/wp-json\/wp\/v2\/tags?post=117322"}],"curies":[{"name":"wp","href":"https:\/\/api.w.org\/{rel}","templated":true}]}}