{"id":117328,"date":"2025-09-15T20:48:13","date_gmt":"2025-09-15T20:48:13","guid":{"rendered":"https:\/\/www.europesays.com\/es\/117328\/"},"modified":"2025-09-15T20:48:13","modified_gmt":"2025-09-15T20:48:13","slug":"esto-es-el-valencia-es-primera-y-el-que-no-pueda","status":"publish","type":"post","link":"https:\/\/www.europesays.com\/es\/117328\/","title":{"rendered":"Esto es el Valencia, es primera y el que no pueda&#8230;"},"content":{"rendered":"<p class=\"ft-text\"><strong>Hugo Duro<\/strong> fue uno de los pocos jugadores del Valencia CF que dio la cara a la finalizaci\u00f3n de la goleada contra el Barcelona. El delantero, visiblemente cabreado por las cosas que vio sobre el c\u00e9sped del Johan Cruyff, se mostr\u00f3 <strong>muy autocr\u00edtico con el equipo. <\/strong>El &#8216;9&#8217; <strong>no acepta las formas con las que su equipo volvi\u00f3 a ser humillado<\/strong> a manos de los azulgranas por tercera vez consecutiva. Su mensaje al grupo fue muy <strong>contundente<\/strong>: \u00abEsto no nos puede pasar, esto es el Valencia CF, esto es primera divisi\u00f3n, el que no pueda&#8230;\u00bb. <strong>Estas fueron sus declaraciones: <\/strong><\/p>\n<p class=\"ft-text\"><strong>Derrota <\/strong><\/p>\n<p class=\"ft-text\">\u201cEs una noche muy dura porque lo de hoy se ha repetido en otras ocasiones. Es noche de mucha autocr\u00edtica, de apretarse el cintur\u00f3n y tirar hacia arriba. El a\u00f1o pasado despu\u00e9s de esto, tambi\u00e9n respondimos y que nos sirva para que el pr\u00f3ximo d\u00eda nadie baje del 100%. Esto no nos puede pasar, esto es el VCF, esto es primera divisi\u00f3n y el que no pueda..\u00bb<\/p>\n<p class=\"ft-text\"><strong>Reacci\u00f3n<\/strong><\/p>\n<p class=\"ft-text\">\u201cCuando haces las cosas mal o no salen las cosas, tienes que agachar la cabeza y aguantar. Este equipo ha demostrado que trabajando y yendo juntos se puede. Huevos y trabajo no nos van a faltar. El pr\u00f3ximo partido lo demostraremos\u201d.<\/p>\n<p>El mensaje de Gay\u00e0<\/p>\n<p class=\"ft-text\">El capit\u00e1n del Valencia <strong>Jos\u00e9 Luis Gay\u00e0<\/strong> calific\u00f3 de dolorosa (6-0) la goleada ante el Barcelona, que, seg\u00fan ha admitido, parece que les tiene la \u00abmedida tomada\u00bb. \u00abNosotros no hemos estado finos y parece que el Bar\u00e7a nos tiene la medida tomada\u00bb, ha se\u00f1alado el capit\u00e1n del conjunto che en declaraciones a Movistar LaLiga haciendo referencia a la goleada que su equipo ya encaj\u00f3 el curso pasado frente al conjunto azulgrana (7-1).<\/p>\n<p class=\"ft-text\">Sobre el encuentro, Gay\u00e0 reconoci\u00f3 que el segundo tanto azulgrana, obra de Raphinha, dej\u00f3 tocado al Valencia. \u00abNo podemos perderle la cara al partido\u00bb, ha lamentado. Pese a la abultada derrota, se mostr\u00f3 convencido de que el equipo se recuperar\u00e1 \u00abtrabajando y mejorando\u00bb, aunque ha insistido en que es un resultado que \u00abduele mucho\u00bb.<\/p>\n<p class=\"ft-helper-fontSize-body-M\" isamp=\"false\">V\u00eda: <a href=\"https:\/\/www.superdeporte.es\/valencia-cf\/2025\/09\/15\/hugo-duro-mestalla-valencia-cf-121584070.html\" target=\"_blank\" class=\"ft-link ft-link--decoration\" rel=\"nofollow noopener\">Superdeporte<\/a><\/p>\n","protected":false},"excerpt":{"rendered":"Hugo Duro fue uno de los pocos jugadores del Valencia CF que dio la cara a la finalizaci\u00f3n&hellip;\n","protected":false},"author":2,"featured_media":117329,"comment_status":"","ping_status":"","sticky":false,"template":"","format":"standard","meta":{"footnotes":""},"categories":[268],"tags":[168,2562,25,24,280,282,9026,1210,12740,1078,281,23,167,235],"class_list":{"0":"post-117328","1":"post","2":"type-post","3":"status-publish","4":"format-standard","5":"has-post-thumbnail","7":"category-futbol","8":"tag-deportes","9":"tag-duro","10":"tag-es","11":"tag-espana","12":"tag-football","13":"tag-futbol","14":"tag-hugo","15":"tag-laliga-ea-sports","16":"tag-palo","17":"tag-primera","18":"tag-soccer","19":"tag-spain","20":"tag-sports","21":"tag-valencia"},"share_on_mastodon":{"url":"","error":""},"_links":{"self":[{"href":"https:\/\/www.europesays.com\/es\/wp-json\/wp\/v2\/posts\/117328","targetHints":{"allow":["GET"]}}],"collection":[{"href":"https:\/\/www.europesays.com\/es\/wp-json\/wp\/v2\/posts"}],"about":[{"href":"https:\/\/www.europesays.com\/es\/wp-json\/wp\/v2\/types\/post"}],"author":[{"embeddable":true,"href":"https:\/\/www.europesays.com\/es\/wp-json\/wp\/v2\/users\/2"}],"replies":[{"embeddable":true,"href":"https:\/\/www.europesays.com\/es\/wp-json\/wp\/v2\/comments?post=117328"}],"version-history":[{"count":0,"href":"https:\/\/www.europesays.com\/es\/wp-json\/wp\/v2\/posts\/117328\/revisions"}],"wp:featuredmedia":[{"embeddable":true,"href":"https:\/\/www.europesays.com\/es\/wp-json\/wp\/v2\/media\/117329"}],"wp:attachment":[{"href":"https:\/\/www.europesays.com\/es\/wp-json\/wp\/v2\/media?parent=117328"}],"wp:term":[{"taxonomy":"category","embeddable":true,"href":"https:\/\/www.europesays.com\/es\/wp-json\/wp\/v2\/categories?post=117328"},{"taxonomy":"post_tag","embeddable":true,"href":"https:\/\/www.europesays.com\/es\/wp-json\/wp\/v2\/tags?post=117328"}],"curies":[{"name":"wp","href":"https:\/\/api.w.org\/{rel}","templated":true}]}}