{"id":117334,"date":"2025-09-15T20:51:08","date_gmt":"2025-09-15T20:51:08","guid":{"rendered":"https:\/\/www.europesays.com\/es\/117334\/"},"modified":"2025-09-15T20:51:08","modified_gmt":"2025-09-15T20:51:08","slug":"se-agoto-aquello-de-que-cada-ecuatoriano-lee-un-libro-y-medio-la-feria-del-libro-de-guayaquil-abre-este-miercoles-17-de-septiembre-cultura-entretenimiento","status":"publish","type":"post","link":"https:\/\/www.europesays.com\/es\/117334\/","title":{"rendered":"\u2018Se agot\u00f3 aquello de que cada ecuatoriano lee un libro y medio\u2019: la Feria del Libro de Guayaquil abre este mi\u00e9rcoles 17 de septiembre | Cultura | Entretenimiento"},"content":{"rendered":"<p class=\"text-left prose-text\">La <b>Feria Internacional del Libro de Guayaquil (17-21 de septiembre en el Centro de Convenciones Sim\u00f3n Bol\u00edvar) <\/b>tiene lista una programaci\u00f3n para todos los p\u00fablicos. \u201cYa Guayaquil tiene suficientes lectores como para que optemos por una convocatoria a todas las instancias\u201d, calcula<b> Cecilia Ansaldo, presidente del comit\u00e9 de contenido. <\/b><\/p>\n<p class=\"text-left prose-text\">Ella se reafirma en este dato. <b>\u201cFelizmente se agot\u00f3 aquello de que \u2018cada ecuatoriano lee un libro y medio\u2019, podr\u00edamos decir que lee tres libros al a\u00f1o, con los \u00faltimos estudios\u201d. <\/b>Y sin embargo, la lucha por hacer crecer un espacio como la FIL sigue siendo grande. La imagen internacional del pa\u00eds hace que sea dif\u00edcil traer a todos los autores que quisiera. <\/p>\n<p class=\"text-left prose-text\">Entre los escritores internacionales vuelve <b>Javier Moro (en conversatorio el viernes 19 a las 19:00)<\/b> y otros vienen por primera vez, como la colombiana <b>Margarita Cu\u00e9llar Barona, <\/b>directora del Centro Regional para el Fomento del Libro en Am\u00e9rica Latina y el Caribe (Cerlalc). <\/p>\n<p class=\"text-left prose-text\">Con ellos, tambi\u00e9n desde Colombia,<b> Gloria Susana Esquivel<\/b>, \u201cuna escritora joven de un pensamiento muy interesante e integrador de las comunidades\u201d, y el narrador<b> Alonso S\u00e1nchez Baute<\/b>, quien viene con una novela que lleva el nombre de su perrita, Humilda. <\/p>\n<p>\u201cRespetable cantidad de clubes de lectura\u201d <\/p>\n<p class=\"text-left prose-text\">La FIL Guayaquil, asegura Ansaldo, est\u00e1 lista para dar un salto de crecimiento, hay signos de ello, como \u201cuna respetable cantidad de clubes de lectura\u201d, lo que hace posible coordinar las actividades de estas agrupaciones con la cartelera de visitantes, \u201cde tal manera que <b>se empieza a leer para escuchar a los autores, conociendo la obra. Solamente Samborond\u00f3n debe tener diez clubes de lectura\u201d,<\/b> menciona, y a\u00f1ade que la concurrencia mayoritaria son las mujeres. <\/p>\n<p class=\"prose-text\">All\u00ed est\u00e1n los que conducen (en plural), la profesora Leticia Loor de Plaza y la cr\u00edtica literaria Pilar Calder\u00f3n de G\u00f3mez; tambi\u00e9n el de la escritora Carolina Andrade, el de Cecilia Vera de G\u00e1lvez, y la labor de Eduardo Espinoza, de Butaca Paradiso. M\u00e1s los grupos que hay entre los lectores j\u00f3venes. <\/p>\n<p class=\"text-left prose-text\">Adem\u00e1s, las librer\u00edas locales reportan que los libros de los autores anunciados empiezan a agotarse, como ha ocurrido con el del <b>poeta y novelista medellinense H\u00e9ctor Abad Faciolince (<\/b><b>El olvido que seremos<\/b><b>),<\/b> que tendr\u00e1 coloquio y firma de ejemplares el jueves 18 de septiembre a partir de las 20:00. <\/p>\n<p>\u201cCada escritor del Ecuador debe desfilar por la Feria del Libro de Guayaquil\u201d<\/p>\n<p class=\"text-left prose-text\">La FIL cuenta con otros m\u00e9ritos en estas once ediciones. \u201cEn primer lugar, se ha constituido en una fecha fija que los lectores identifican y esperan. La tercera semana de septiembre. Segundo, nuestra gradual presencia en las redes. Tercero, que a pesar de que invitamos a escritores extranjeros, no descuidamos la literatura y la producci\u00f3n literaria nacional\u201d. Pues esa es una de las metas, dice Ansaldo. <b>\u201cCada escritor del pa\u00eds debe desfilar por la feria. Y me aplico en que cada a\u00f1o haya nuevos nombres, que no han venido antes, y que presenten su obra a la comunidad guayaquile\u00f1a\u201d. <\/b><\/p>\n<p class=\"text-left prose-text\">Es su deseo tambi\u00e9n que la literatura nacional siga produciendo. \u201cQue ya no sean solamente las mujeres que est\u00e1n escribiendo desde afuera, sino <b>que aqu\u00ed mismo en Guayaquil haya la capacidad de exportar nuestros libros, para que lleguen por su propia fuerza y calidad al exterior\u201d. <\/b><\/p>\n<p class=\"prose-text\">Ansaldo se uni\u00f3 a este proyecto por el inter\u00e9s por los libros compartido con su exalumno Ricardo Baquerizo Amador, de Expoplaza. Ella organizaba entonces sesiones literarias para la Semana de Estudios Superiores, y eso creci\u00f3 hasta que en 2015 \u00e9l le propuso organizar una feria, con el apoyo de la entonces presidenta de la Empresa Municipal de Turismo, Gloria Gallardo. \u201cConseguimos un posicionamiento en el horizonte de Latinoam\u00e9rica y en el Ecuador\u201d. <\/p>\n<p><img decoding=\"async\" class=\"h-auto m-0\"   src=\"https:\/\/www.europesays.com\/es\/wp-content\/uploads\/2025\/09\/TMG24HVMLJF2DBSCNANYMSRKQE.JPG\" alt=\"\" style=\"width:100%;height:100%;object-fit:cover;object-position:center;position:absolute;top:0;left:0\"\/><img decoding=\"async\" class=\"h-auto m-0\"   src=\"https:\/\/www.europesays.com\/es\/wp-content\/uploads\/2025\/09\/TMG24HVMLJF2DBSCNANYMSRKQE.JPG\" alt=\"\" style=\"width:100%;height:100%;object-fit:cover;object-position:center;position:absolute;top:0;left:0\"\/>Cecilia Ansaldo, presidenta del comit\u00e9 de contenidos de la Feria del Libro de Guayaquil.  <strong class=\"text-grey-700\">Foto: Jorge Lozada S.<\/strong><\/p>\n<p class=\"text-left prose-text\"><b>Este a\u00f1o, ella tambi\u00e9n presentar\u00e1 el libro <\/b><b>Apuestas cr\u00edticas<\/b><b> (jueves 18, 18:00), <\/b>que representa a tres ciudades. \u201cLo imprime la Universidad de Cuenca, por una iniciativa del encargado de ediciones, el poeta Crist\u00f3bal Zapata. Quien selecciona los textos y prologa el libro es el profesor de la Universidad Andina de Quito Ra\u00fal Serrano. Y la autora soy yo, con un grupo de trabajos que cubren casi toda mi vida de cr\u00edtica literaria nacional\u201d. <\/p>\n<p class=\"text-left prose-text\">Hay en este tomo varios ensayos, un debate entre los conceptos de criticar o censurar y una disertaci\u00f3n sobre el cuento ecuatoriano, que consta entre sus especialidades (ha publicado cuatro antolog\u00edas). Tambi\u00e9n hay estudios sobre autores nacionales: Medardo \u00c1ngel Silva, Alfredo Pareja Diezcanseco, Jorge Enrique Adoum, Rafael D\u00edaz Icaza y Pablo Palacio. <b>(F)<\/b><\/p>\n","protected":false},"excerpt":{"rendered":"La Feria Internacional del Libro de Guayaquil (17-21 de septiembre en el Centro de Convenciones Sim\u00f3n Bol\u00edvar) tiene&hellip;\n","protected":false},"author":2,"featured_media":117335,"comment_status":"","ping_status":"","sticky":false,"template":"","format":"standard","meta":{"footnotes":""},"categories":[172],"tags":[224,146,147,25,24,225,23],"class_list":{"0":"post-117334","1":"post","2":"type-post","3":"status-publish","4":"format-standard","5":"has-post-thumbnail","7":"category-libros","8":"tag-books","9":"tag-entertainment","10":"tag-entretenimiento","11":"tag-es","12":"tag-espana","13":"tag-libros","14":"tag-spain"},"share_on_mastodon":{"url":"","error":""},"_links":{"self":[{"href":"https:\/\/www.europesays.com\/es\/wp-json\/wp\/v2\/posts\/117334","targetHints":{"allow":["GET"]}}],"collection":[{"href":"https:\/\/www.europesays.com\/es\/wp-json\/wp\/v2\/posts"}],"about":[{"href":"https:\/\/www.europesays.com\/es\/wp-json\/wp\/v2\/types\/post"}],"author":[{"embeddable":true,"href":"https:\/\/www.europesays.com\/es\/wp-json\/wp\/v2\/users\/2"}],"replies":[{"embeddable":true,"href":"https:\/\/www.europesays.com\/es\/wp-json\/wp\/v2\/comments?post=117334"}],"version-history":[{"count":0,"href":"https:\/\/www.europesays.com\/es\/wp-json\/wp\/v2\/posts\/117334\/revisions"}],"wp:featuredmedia":[{"embeddable":true,"href":"https:\/\/www.europesays.com\/es\/wp-json\/wp\/v2\/media\/117335"}],"wp:attachment":[{"href":"https:\/\/www.europesays.com\/es\/wp-json\/wp\/v2\/media?parent=117334"}],"wp:term":[{"taxonomy":"category","embeddable":true,"href":"https:\/\/www.europesays.com\/es\/wp-json\/wp\/v2\/categories?post=117334"},{"taxonomy":"post_tag","embeddable":true,"href":"https:\/\/www.europesays.com\/es\/wp-json\/wp\/v2\/tags?post=117334"}],"curies":[{"name":"wp","href":"https:\/\/api.w.org\/{rel}","templated":true}]}}