{"id":117336,"date":"2025-09-15T20:52:09","date_gmt":"2025-09-15T20:52:09","guid":{"rendered":"https:\/\/www.europesays.com\/es\/117336\/"},"modified":"2025-09-15T20:52:09","modified_gmt":"2025-09-15T20:52:09","slug":"rtve-anuncia-a-los-4-invitados-que-abriran-la-nueva-temporada-de-late-xou-con-marc-giro-en-la-1","status":"publish","type":"post","link":"https:\/\/www.europesays.com\/es\/117336\/","title":{"rendered":"RTVE anuncia a los 4 invitados que abrir\u00e1n la nueva temporada de &#8216;Late Xou con Marc Gir\u00f3&#8217; en La 1"},"content":{"rendered":"<p class=\"article-text\">\n        Ya sabemos con qui\u00e9n abrir\u00e1 la temporada <strong>Marc Gir\u00f3<\/strong>. <strong>Late Xou<\/strong> regresar\u00e1 a <strong>La 1 <\/strong>este martes 16 de septiembre con una primera entrega que tendr\u00e1 de invitadas a <strong>Miren Ibarguren, Ester Exp\u00f3sito y Antonia San Juan<\/strong>. Tres actrices a las que se sumar\u00e1 <strong>Antonio Jos\u00e9<\/strong>, que pondr\u00e1 la nota musical a la emisi\u00f3n.\n    <\/p>\n<p>    <a href=\"https:\/\/www.eldiario.es\/noticias\/candela-pena-ficha-colaboradora-la-revuelta-deja-late-xou-marc-giro-problema-conciliacion_1_12591268.html\" data-mrf-recirculation=\"saber-mas\" data-dl-event=\"saber-mas\" rel=\"nofollow noopener\" target=\"_blank\"><\/p>\n<p class=\"know-more__title\">Candela Pe\u00f1a ficha como colaboradora de &#8216;La Revuelta&#8217; y deja el &#8216;Late Xou&#8217; de Marc Gir\u00f3 por un problema de \u00abconciliaci\u00f3n\u00bb<\/p>\n<p>            <img decoding=\"async\" class=\"lazy\" loading=\"lazy\" data-src=\"https:\/\/static.eldiario.es\/clip\/5a9b6b23-c2c1-4ffd-b1e1-29634ddff5a9_16-9-aspect-ratio_default_0.jpg\" src=\"data:image\/svg+xml,%3Csvg xmlns=\" http:=\"\" viewbox=\"0 0 880 495\" alt=\"Candela Pe\u00f1a ficha como colaboradora de 'La Revuelta' y deja el 'Late Xou' de Marc Gir\u00f3 por un problema de &quot;conciliaci\u00f3n&quot;\"\/><\/p>\n<p>                        <\/a><\/p>\n<p class=\"article-text\">\n        As\u00ed lo ha anunciado <strong>RTVE<\/strong>, que ha detallado los contenidos del estreno del nuevo curso de su <strong>Late Xou con Marc Gir\u00f3<\/strong>. Una temporada en la que<strong> no estar\u00e1 Candela Pe\u00f1a<\/strong>, que deja el formato por un problema de \u201cconciliaci\u00f3n\u201d y ficha por <strong>La Revuelta<\/strong>, como ella misma <a href=\"https:\/\/www.eldiario.es\/vertele\/noticias\/candela-pena-ficha-colaboradora-la-revuelta-deja-late-xou-marc-giro-problema-conciliacion_1_12591268.html\" target=\"_blank\" data-mrf-recirculation=\"links-noticia\" class=\"link\" rel=\"nofollow noopener\">confirm\u00f3 hace unos d\u00edas<\/a>.\n    <\/p>\n<p class=\"article-text\">\n        El primer programa del curso en<strong> La 1<\/strong> lo abrir\u00e1 Miren Ibarguren, que promocionar\u00e1 con Gir\u00f3 su nueva serie en <strong>Netflix<\/strong>, <strong>El refugio at\u00f3mico<\/strong>, de los creadores de La casa de papel. Adem\u00e1s, la int\u00e9rprete charlar\u00e1 en prime time sobre algunos de sus hobbies m\u00e1s extra\u00f1os, y se someter\u00e1 a un juego que pondr\u00e1 a prueba sus conocimientos en historia del arte.\n    <\/p>\n<p class=\"article-text\">\n        La segunda invitada de la noche ser\u00e1\u00a0<strong>Ester Exp\u00f3sito<\/strong>, que presentar\u00e1 la pel\u00edcula <strong>El talento<\/strong>. Se trata de un\u00a0thriller\u00a0que aborda temas como el abuso de poder, el acoso, las actitudes posesivas y las diferencias de clase. La actriz tambi\u00e9n descubrir\u00e1 algunas de sus facetas m\u00e1s ocultas, como su pasi\u00f3n por el\u00a0true crime\u00a0y la criminolog\u00eda.\n    <\/p>\n<p>            <img decoding=\"async\" class=\"lazy\" loading=\"lazy\" data-src=\"https:\/\/static.eldiario.es\/clip\/ee2c52fb-4db9-42b7-9f02-e1025a69471b_16-9-discover-aspect-ratio_default_0.jpg\" src=\"data:image\/svg+xml,%3Csvg xmlns=\" http:=\"\" viewbox=\"0 0 1200 675\" alt=\"Ester Exp\u00f3sito y Marc Gir\u00f3 en la nueva temporada del 'Late Xou'\"\/><\/p>\n<p class=\"article-text\">\n        Despu\u00e9s se sentar\u00e1 en el sof\u00e1 <strong>Antonia San Juan<\/strong>, que compartir\u00e1 con Marc Gir\u00f3 algunas de sus mejores an\u00e9cdotas. La actriz ha anunciado recientemente que <a href=\"https:\/\/www.eldiario.es\/cultura\/actriz-antonia-san-juan-anuncia-cancer-alejara-escenarios-confio-plenamente-ciencia_1_12577037.html\" target=\"_blank\" data-mrf-recirculation=\"links-noticia\" class=\"link\" rel=\"nofollow noopener\">tiene c\u00e1ncer<\/a> y que se alejar\u00e1 de los escenarios.\n    <\/p>\n<p>    <a href=\"https:\/\/www.eldiario.es\/vertele\/noticias\/ministro-urtasun-pide-rtve-amenace-no-eurovision-uer-niega-rumoreada-propuesta-israel_1_12603307.html\" data-mrf-recirculation=\"saber-mas-abajo\" data-dl-event=\"saber-mas-abajo\" rel=\"nofollow noopener\" target=\"_blank\"><\/p>\n<p class=\"know-more__title\">El ministro Urtasun pide a RTVE que amenace con no ir a Eurovisi\u00f3n, y la UER niega la rumoreada propuesta a Israel\n<\/p>\n<p>            <img decoding=\"async\" class=\"lazy\" loading=\"lazy\" data-src=\"https:\/\/static.eldiario.es\/clip\/75273980-26b6-4753-89fd-714a0fb9890f_16-9-aspect-ratio_default_0.jpg\" src=\"data:image\/svg+xml,%3Csvg xmlns=\" http:=\"\" viewbox=\"0 0 880 495\" alt=\"El ministro Urtasun pide a RTVE que amenace con no ir a Eurovisi\u00f3n, y la UER niega la rumoreada propuesta a Israel\"\/><\/p>\n<p>                        <\/a><\/p>\n<p class=\"article-text\">\n        La nota musical la pondr\u00e1 el cantante\u00a0<strong>Antonio Jos\u00e9<\/strong>, salido de La Voz,\u00a0con su nuevo single Patas arriba el hotel.\n    <\/p>\n","protected":false},"excerpt":{"rendered":"Ya sabemos con qui\u00e9n abrir\u00e1 la temporada Marc Gir\u00f3. Late Xou regresar\u00e1 a La 1 este martes 16&hellip;\n","protected":false},"author":2,"featured_media":117337,"comment_status":"","ping_status":"","sticky":false,"template":"","format":"standard","meta":{"footnotes":""},"categories":[171],"tags":[3099,2627,32093,4187,146,147,25,24,7957,3551,13338,6489,795,518,23,1152,214,23429],"class_list":{"0":"post-117336","1":"post","2":"type-post","3":"status-publish","4":"format-standard","5":"has-post-thumbnail","7":"category-tv","8":"tag-3099","9":"tag-2627","10":"tag-abriran","11":"tag-anuncia","12":"tag-entertainment","13":"tag-entretenimiento","14":"tag-es","15":"tag-espana","16":"tag-giro","17":"tag-invitados","18":"tag-late","19":"tag-marc","20":"tag-nueva","21":"tag-rtve","22":"tag-spain","23":"tag-temporada","24":"tag-tv","25":"tag-xou"},"share_on_mastodon":{"url":"","error":""},"_links":{"self":[{"href":"https:\/\/www.europesays.com\/es\/wp-json\/wp\/v2\/posts\/117336","targetHints":{"allow":["GET"]}}],"collection":[{"href":"https:\/\/www.europesays.com\/es\/wp-json\/wp\/v2\/posts"}],"about":[{"href":"https:\/\/www.europesays.com\/es\/wp-json\/wp\/v2\/types\/post"}],"author":[{"embeddable":true,"href":"https:\/\/www.europesays.com\/es\/wp-json\/wp\/v2\/users\/2"}],"replies":[{"embeddable":true,"href":"https:\/\/www.europesays.com\/es\/wp-json\/wp\/v2\/comments?post=117336"}],"version-history":[{"count":0,"href":"https:\/\/www.europesays.com\/es\/wp-json\/wp\/v2\/posts\/117336\/revisions"}],"wp:featuredmedia":[{"embeddable":true,"href":"https:\/\/www.europesays.com\/es\/wp-json\/wp\/v2\/media\/117337"}],"wp:attachment":[{"href":"https:\/\/www.europesays.com\/es\/wp-json\/wp\/v2\/media?parent=117336"}],"wp:term":[{"taxonomy":"category","embeddable":true,"href":"https:\/\/www.europesays.com\/es\/wp-json\/wp\/v2\/categories?post=117336"},{"taxonomy":"post_tag","embeddable":true,"href":"https:\/\/www.europesays.com\/es\/wp-json\/wp\/v2\/tags?post=117336"}],"curies":[{"name":"wp","href":"https:\/\/api.w.org\/{rel}","templated":true}]}}