{"id":117357,"date":"2025-09-15T21:13:07","date_gmt":"2025-09-15T21:13:07","guid":{"rendered":"https:\/\/www.europesays.com\/es\/117357\/"},"modified":"2025-09-15T21:13:07","modified_gmt":"2025-09-15T21:13:07","slug":"de-rafael-pou-a-enric-mas","status":"publish","type":"post","link":"https:\/\/www.europesays.com\/es\/117357\/","title":{"rendered":"de Rafael Pou a Enric Mas"},"content":{"rendered":"<p><strong>Noventa a\u00f1os de recorrido e historia s\u00f3lo interrumpida por la Guerra Civil alumnbran a <a href=\"https:\/\/www.ultimahora.es\/etiqueta\/La+Vuelta.html?utm_source=Inline-tag&amp;utm_medium=internal\" rel=\"nofollow noopener\" target=\"_blank\">La Vuelta<\/a><\/strong>. La gran carrera por etapas ciclista de tres semanas en nuestro pa\u00eds <strong>ech\u00f3 a andar en 1935 y, nueve d\u00e9cadas despu\u00e9s, no ha tenido ning\u00fan ganador mallorqu\u00edn<\/strong>, aunque <a href=\"https:\/\/www.ultimahora.es\/etiqueta\/Enric+Mas.html?utm_source=Inline-tag&amp;utm_medium=internal\" rel=\"nofollow noopener\" target=\"_blank\">Enric Mas<\/a> ha estado cerca en tres oportunidades. Al de Art\u00e0 hay que unor otros nombres ilustres del pelot\u00f3n isle\u00f1o que dejan hitos, datos y curiosidades que, en el cumplea\u00f1os de la ronda espa\u00f1ola, repasamos para poner en valor la cuota balear en la cita.<\/p>\n<p><strong><a href=\"https:\/\/www.ultimahora.es\/etiqueta\/Miguel+Gual.html?utm_source=Inline-tag&amp;utm_medium=internal\" rel=\"nofollow noopener\" target=\"_blank\">Miguel Gual<\/a>, es el ciclista mallorqu\u00edn con m\u00e1s victorias de etapa<\/strong> en La Vuelta. El \u00fanico de los &#8216;Tres de Sant Joan&#8217; fallecido gan\u00f3 nada menos que ocho, un registro que eleva el list\u00f3n de una manera casi inalcanzable para el resto. Firm\u00f3 cinco triunfos parciales en la edici\u00f3n de 1948, tres en la de 1945 y uno m\u00e1s en 1946, siendo cuarto en la general del a\u00f1o 1945.<\/p>\n<p><strong><a href=\"https:\/\/www.ultimahora.es\/etiqueta\/Toni+Karmany.html?utm_source=Inline-tag&amp;utm_medium=internal\" rel=\"nofollow noopener\" target=\"_blank\">Toni Karmany<\/a> es el rey de la monta\u00f1a<\/strong> por excelencia. El de Sant Joan, ganador de tres etapas en 1959, 60 y 61. A ello, cabe unir que ha sido el mallorqu\u00edn que m\u00e1s d\u00edas ha sido l\u00edder y maillot amarillo: seis, del 24 al 29 de abril de 1959. El colof\u00f3n fueron sus tres triunfos en la clasificaci\u00f3n general del mejor escalador, que hizo suya en las ediciones de 1960, 1961 y 1962, lo que le permite seguir siendo uno de los m\u00e1s laureados.<\/p>\n<p><strong><a href=\"https:\/\/www.ultimahora.es\/etiqueta\/Rafael+Pou.html?utm_source=Inline-tag&amp;utm_medium=internal\" rel=\"nofollow noopener\" target=\"_blank\">Rafael Pou<\/a> fue el \u00fanico mallorqu\u00edn en la primera edici\u00f3n<\/strong> de La Vuelta, all\u00e1 por 1935, que sali\u00f3 y acab\u00f3 en Madrid entre el 299 de abril y el 15 de mayo de aquel a\u00f1o. El ciclista natural de Algaida ocup\u00f3 el puesto 27 de los 29 h\u00e9roes que lograron concluir la prueba, dejando para la posteridad su presencia como el isle\u00f1o que inaugur\u00f3 la larga lista de corredores baleares en la carrrera.<\/p>\n<p>B<strong>ernat Cap\u00f3 y Enric Mas, los hombres podio.<\/strong> Aunque el de Art\u00e0 es el hombre a tener en cuenta en esta estad\u00edstica, el primero logr\u00f3 toda una gesta al ser tercero en la Vuelta a Espa\u00f1a de 1948, adem\u00e1s de ser s\u00e9ptimo y octavo en 1950 y 1945. Todo un precedente lejano para el corredor del Movistar, a lo que cabe a\u00f1adir dos triunfos de etapa del &#8216;murer&#8217; Cap\u00f3\u00b4, ambas en 1950. Enric es, sin duda, el mallorqu\u00edn con m\u00e1s peso en la generales. Una victoria de etapa (La Gallina, 2018) y cuatro podios de la general, con tres segundos puestos (2018, 2021 y 2022) y un tercero (2024) hablan de la regularidad del corredor &#8216;artanenc&#8217;, el gran ausente en La Vuelta del 90 aniversario.<\/p>\n<p><strong>El \u00faltimo l\u00edder mallorqu\u00edn de La Vuelta fue Gabriel Mas<\/strong>, quien apenas visti\u00f3 de amarillo en la edici\u00f3n de 1960, en la etapa entre Gij\u00f3n y A Coru\u00f1a. A ello, cabe unir un triunfo parcial de etapa en 1959.<\/p>\n<p>De Vallori a Enric:<strong> 42 a\u00f1os en blanco. M\u00e1s de cuatro d\u00e9cadas sin victorias de etapa estuvo el <a href=\"https:\/\/www.ultimahora.es\/etiqueta\/ciclismo.html?utm_source=Inline-tag&amp;utm_medium=internal\" rel=\"nofollow noopener\" target=\"_blank\">ciclismo<\/a> mallorqu\u00edn<\/strong>. Antoni Vallori gan\u00f3 en Montjuic en la edici\u00f3n de 1976, teniendo que esperar hasta 2018 para que Enric Mas acabara con ese espacio en blanco en la subida a La Gallina, en Andorra, su \u00fanica victoria de etapa.<\/p>\n<p>2002, la \u00faltima gran participaci\u00f3n. Desde 2019 no ve\u00edamos una Vuelta en &#8216;blanco&#8217;, sin mallorquines. Antes, nos ten\u00edamoa que remitir a la edici\u00f3n de 2008, pero queda para la historia la triple presencia de corredores mallorquines en la carrera de <strong>2002, cuando Toni Tauler (Kelme), Toni Colom (Relax Fuenlabrada) y Joan Horrach (Maia Milaneza)<\/strong> firmaron la \u00faltima gran presencia isle\u00f1a en la carrera. Algo que no ha vuelto a pasar, pese a doblar presencia, la \u00fatlima vez en 2022 con Llu\u00eds y Enric Mas.<\/p>\n","protected":false},"excerpt":{"rendered":"Noventa a\u00f1os de recorrido e historia s\u00f3lo interrumpida por la Guerra Civil alumnbran a La Vuelta. La gran&hellip;\n","protected":false},"author":2,"featured_media":117358,"comment_status":"","ping_status":"","sticky":false,"template":"","format":"standard","meta":{"footnotes":""},"categories":[273],"tags":[313,312,1916,168,3594,25,24,329,7789,39158,1915,39159,23,167,327,39160,1794,1917],"class_list":{"0":"post-117357","1":"post","2":"type-post","3":"status-publish","4":"format-standard","5":"has-post-thumbnail","7":"category-ciclismo","8":"tag-ciclismo","9":"tag-cycling","10":"tag-deporte-balear","11":"tag-deportes","12":"tag-enric-mas","13":"tag-es","14":"tag-espana","15":"tag-golf","16":"tag-la-vuelta","17":"tag-miguel-gual","18":"tag-otros-deportes","19":"tag-rafael-pou","20":"tag-spain","21":"tag-sports","22":"tag-tenis","23":"tag-toni-karmany","24":"tag-vela","25":"tag-voleibol"},"share_on_mastodon":{"url":"","error":""},"_links":{"self":[{"href":"https:\/\/www.europesays.com\/es\/wp-json\/wp\/v2\/posts\/117357","targetHints":{"allow":["GET"]}}],"collection":[{"href":"https:\/\/www.europesays.com\/es\/wp-json\/wp\/v2\/posts"}],"about":[{"href":"https:\/\/www.europesays.com\/es\/wp-json\/wp\/v2\/types\/post"}],"author":[{"embeddable":true,"href":"https:\/\/www.europesays.com\/es\/wp-json\/wp\/v2\/users\/2"}],"replies":[{"embeddable":true,"href":"https:\/\/www.europesays.com\/es\/wp-json\/wp\/v2\/comments?post=117357"}],"version-history":[{"count":0,"href":"https:\/\/www.europesays.com\/es\/wp-json\/wp\/v2\/posts\/117357\/revisions"}],"wp:featuredmedia":[{"embeddable":true,"href":"https:\/\/www.europesays.com\/es\/wp-json\/wp\/v2\/media\/117358"}],"wp:attachment":[{"href":"https:\/\/www.europesays.com\/es\/wp-json\/wp\/v2\/media?parent=117357"}],"wp:term":[{"taxonomy":"category","embeddable":true,"href":"https:\/\/www.europesays.com\/es\/wp-json\/wp\/v2\/categories?post=117357"},{"taxonomy":"post_tag","embeddable":true,"href":"https:\/\/www.europesays.com\/es\/wp-json\/wp\/v2\/tags?post=117357"}],"curies":[{"name":"wp","href":"https:\/\/api.w.org\/{rel}","templated":true}]}}