{"id":117364,"date":"2025-09-15T21:17:12","date_gmt":"2025-09-15T21:17:12","guid":{"rendered":"https:\/\/www.europesays.com\/es\/117364\/"},"modified":"2025-09-15T21:17:12","modified_gmt":"2025-09-15T21:17:12","slug":"nerea-rodriguez-se-abre-en-canal-para-contar-toda-la-verdad-sobre-su-romance-con-miguel-angel-silvestre","status":"publish","type":"post","link":"https:\/\/www.europesays.com\/es\/117364\/","title":{"rendered":"Nerea Rodr\u00edguez se abre en canal para contar toda la verdad sobre su &#8216;romance&#8217; con Miguel \u00c1ngel Silvestre"},"content":{"rendered":"<p class=\"ft-text\"><strong>Nuevo romance a la vista<\/strong>. En esta ocasi\u00f3n, se trata de un &#8216;affair&#8217; entre <strong>Nerea Rodr\u00edguez<\/strong>, exconcursante de &#8216;Operaci\u00f3n Triunfo&#8217;, y el actor <strong>Miguel \u00c1ngel Silvestre<\/strong>. Las Mamarazzis desvelaron que ambos habr\u00edan coincidido en el exclusivo club &#8216;Soho Farmhouse&#8217; de Ibiza, donde habr\u00edan \u00abflirteando fuertemente\u00bb.<\/p>\n<p class=\"ft-text\">Actualmente,<strong> la exconcursante de &#8216;OT&#8217; est\u00e1 centrada en su nuevo proyecto profesional, &#8216;Bailando con las estrellas&#8217;<\/strong>. La participante forma parte del elenco del &#8216;talent show&#8217; de Telecinco, que consiste en varias parejas formadas por un famoso y un bailar\u00edn profesional donde compiten por ser los mejores. Adem\u00e1s, son valorados por un jurado experto, pero tambi\u00e9n por los espectadores.<\/p>\n<p class=\"ft-text\">En el primer programa, Jes\u00fas V\u00e1zquez, presentador de &#8216;Bailando con las estrellas&#8217;, <strong>no pudo aguantarse las ganas de preguntarle a Nerea sobre su &#8216;romance&#8217; con el actor espa\u00f1ol<\/strong>. Sin embargo, primero dej\u00f3 que hiciese su actuaci\u00f3n.<\/p>\n<p class=\"ft-text\">\u00ab<strong>Est\u00e1 toda Espa\u00f1a pendiente de una noticia<\/strong> y t\u00fa est\u00e1s hoy aqu\u00ed&#8230; Te vamos a tener que preguntar, pero como esto es un programa de baile, conc\u00e9ntrate en el baile, olv\u00eddate de todo y de todo el jaleo que hay fuera. <strong>Cuando acabes de bailar, hablamos de Ibiza<\/strong>\u00ab, empez\u00f3 explicando el presentador.<\/p>\n<p class=\"ft-text\">Al instante, Valeria Mazza confes\u00f3 que \u00ab<strong>yo te envidio querida, te lo digo as\u00ed: te envidio<\/strong>\u00ab. La cara de la exconcursante de &#8216;OT&#8217; era todo un poema desde un principio. Tras hacer la actuaci\u00f3n, Jes\u00fas V\u00e1zquez volvi\u00f3 a insistir con el tema: \u00ab<strong>Tenemos que hablar de Ibiza<\/strong>\u00ab.<\/p>\n<p class=\"ft-text\">La cantante no se pudo morder la lengua y puso en su sitio al presentador de &#8216;Bailando con las estrellas&#8217;: \u00abA este programa he venido a bailar y a trabajar, y, como dicen, a hablar de mi libro,<strong> a hablar de mi arte y de mi baile<\/strong>\u00ab.<\/p>\n<p class=\"ft-text\">\u00abVale, me parece muy bien, pero t\u00fa sabes que en todos los programas, desde hace unos d\u00edas, <strong>solo se habla de Nerea y Miguel \u00c1ngel Silvestre<\/strong>\u00ab, coment\u00f3 Jes\u00fas V\u00e1zquez.<\/p>\n<p class=\"ft-text\">Despu\u00e9s de varios minutos de incertidumbre, la artista se abri\u00f3 en canal para contar toda la verdad sobre su &#8216;romance&#8217; con Miguel \u00c1ngel Silvestre: \u00ab<strong>\u00bfQu\u00e9 te voy a decir? Estoy encantada&#8230;<\/strong>\u00ab.<\/p>\n","protected":false},"excerpt":{"rendered":"Nuevo romance a la vista. En esta ocasi\u00f3n, se trata de un &#8216;affair&#8217; entre Nerea Rodr\u00edguez, exconcursante de&hellip;\n","protected":false},"author":2,"featured_media":117365,"comment_status":"","ping_status":"","sticky":false,"template":"","format":"standard","meta":{"footnotes":""},"categories":[174],"tags":[490,4632,255,790,146,147,25,24,256,2313,1509,416,23],"class_list":{"0":"post-117364","1":"post","2":"type-post","3":"status-publish","4":"format-standard","5":"has-post-thumbnail","7":"category-famosos","8":"tag-abre","9":"tag-canal","10":"tag-celebrities","11":"tag-contar","12":"tag-entertainment","13":"tag-entretenimiento","14":"tag-es","15":"tag-espana","16":"tag-famosos","17":"tag-fuera-de-juego","18":"tag-nerea","19":"tag-rodriguez","20":"tag-spain"},"share_on_mastodon":{"url":"","error":""},"_links":{"self":[{"href":"https:\/\/www.europesays.com\/es\/wp-json\/wp\/v2\/posts\/117364","targetHints":{"allow":["GET"]}}],"collection":[{"href":"https:\/\/www.europesays.com\/es\/wp-json\/wp\/v2\/posts"}],"about":[{"href":"https:\/\/www.europesays.com\/es\/wp-json\/wp\/v2\/types\/post"}],"author":[{"embeddable":true,"href":"https:\/\/www.europesays.com\/es\/wp-json\/wp\/v2\/users\/2"}],"replies":[{"embeddable":true,"href":"https:\/\/www.europesays.com\/es\/wp-json\/wp\/v2\/comments?post=117364"}],"version-history":[{"count":0,"href":"https:\/\/www.europesays.com\/es\/wp-json\/wp\/v2\/posts\/117364\/revisions"}],"wp:featuredmedia":[{"embeddable":true,"href":"https:\/\/www.europesays.com\/es\/wp-json\/wp\/v2\/media\/117365"}],"wp:attachment":[{"href":"https:\/\/www.europesays.com\/es\/wp-json\/wp\/v2\/media?parent=117364"}],"wp:term":[{"taxonomy":"category","embeddable":true,"href":"https:\/\/www.europesays.com\/es\/wp-json\/wp\/v2\/categories?post=117364"},{"taxonomy":"post_tag","embeddable":true,"href":"https:\/\/www.europesays.com\/es\/wp-json\/wp\/v2\/tags?post=117364"}],"curies":[{"name":"wp","href":"https:\/\/api.w.org\/{rel}","templated":true}]}}