{"id":117382,"date":"2025-09-15T21:27:07","date_gmt":"2025-09-15T21:27:07","guid":{"rendered":"https:\/\/www.europesays.com\/es\/117382\/"},"modified":"2025-09-15T21:27:07","modified_gmt":"2025-09-15T21:27:07","slug":"wall-street-cierra-al-alza-con-nuevos-records-antes-de-la-reunion-de-la-fed","status":"publish","type":"post","link":"https:\/\/www.europesays.com\/es\/117382\/","title":{"rendered":"Wall Street Cierra Al Alza, Con Nuevos R\u00e9cords Antes De La Reuni\u00f3n De La Fed"},"content":{"rendered":"<p data-type=\"paragraph\" data=\"[object Object]\">Las acciones de Wall Street subieron el lunes, con nuevos r\u00e9cords del S&amp;P 500 y el Nasdaq, ante la perspectiva de que la Reserva Federal de Estados Unidos (Fed, banco central) recorte las tasas de inter\u00e9s en su reuni\u00f3n de pol\u00edtica monetaria esta semana.<\/p>\n<p data-type=\"paragraph\" data=\"[object Object]\" class=\"emotion-1akm6h5-Paragraph e1e4oisd0\">El Nasdaq aument\u00f3 0,94%, a 22.348,75 puntos, en tanto el ampliado S&amp;P 500 gan\u00f3 0,47%, a 6.615,28 puntos.\u00a0El Dow Jones avanz\u00f3 un 0,11%, a 45.883,45.<\/p>\n<p data-type=\"paragraph\" data=\"[object Object]\" class=\"emotion-1akm6h5-Paragraph e1e4oisd0\">Los inversores est\u00e1n expectantes ante la posibilidad de que la Fed haga su primer recorte de tasas de 2025 al final de su reuni\u00f3n de dos d\u00edas el mi\u00e9rcoles, con miras a apuntalar la econom\u00eda ante el debilitamiento del mercado laboral.<\/p>\n<p data-type=\"paragraph\" data=\"[object Object]\" class=\"emotion-1akm6h5-Paragraph e1e4oisd0\">El mercado probablemente estar\u00e1 en modo \u00abesperar y ver\u00bb antes de la decisi\u00f3n sobre las tasas, dijo Art Hogan de B. Riley Wealth Management.<\/p>\n<p data-type=\"paragraph\" data=\"[object Object]\" class=\"emotion-1akm6h5-Paragraph e1e4oisd0\">Los inversores tratar\u00e1n de determinar si el banco central est\u00e1 iniciando un ciclo de recortes de tasas o si realiza una reducci\u00f3n \u00fanica, destac\u00f3.<\/p>\n<p data-type=\"paragraph\" data=\"[object Object]\" class=\"emotion-1akm6h5-Paragraph e1e4oisd0\">Wall Street se vio impulsada tambi\u00e9n por algunas grandes empresas del sector tecnol\u00f3gico estadounidense.<\/p>\n<p data-type=\"paragraph\" data=\"[object Object]\" class=\"emotion-1akm6h5-Paragraph e1e4oisd0\">Las acciones del fabricante de coches el\u00e9ctricos Tesla subieron un 3,6% despu\u00e9s de que el director ejecutivo de la compa\u00f1\u00eda, Elon Musk, comprara acciones por valor de unos 1.000 millones de d\u00f3lares.<\/p>\n<p data-type=\"paragraph\" data=\"[object Object]\" class=\"emotion-1akm6h5-Paragraph e1e4oisd0\">Por otra parte, tras dos d\u00edas de negociaciones en Madrid, Washington y Pek\u00edn llegaron a un acuerdo sobre TikTok, propiedad de la empresa de internet china ByteDance, por el cual se prev\u00e9 que la plataforma pase a manos estadounidenses.<\/p>\n<p data-type=\"paragraph\" data=\"[object Object]\" class=\"emotion-1akm6h5-Paragraph e1e4oisd0\">Una ley estadounidense exige la venta o prohibici\u00f3n de TikTok por motivos de seguridad nacional.<\/p>\n<p data-type=\"paragraph\" data=\"[object Object]\" class=\"emotion-1akm6h5-Paragraph e1e4oisd0\">Oracle, que aloja los datos de TikTok en sus servidores y podr\u00eda estar entre los compradores, se benefici\u00f3 de este anuncio (+3,42%, a 302,18 d\u00f3lares).<\/p>\n<p data-type=\"paragraph\" data=\"[object Object]\" class=\"emotion-1akm6h5-Paragraph e1e4oisd0\">Adem\u00e1s, Alphabet, la empresa matriz de Google, subi\u00f3 4,49%, a 251,61 d\u00f3lares, y super\u00f3 el umbral simb\u00f3lico de capitalizaci\u00f3n burs\u00e1til de 3 billones de d\u00f3lares, sum\u00e1ndose al selecto club que integran Nvidia, Microsoft y Apple.<\/p>\n<p data-type=\"paragraph\" data=\"[object Object]\" class=\"emotion-1akm6h5-Paragraph e1e4oisd0\">La compa\u00f1\u00eda se benefici\u00f3 a principios de septiembre de una sentencia judicial que le permiti\u00f3 conservar su navegador Chrome.<\/p>\n<p data-type=\"paragraph\" data=\"[object Object]\" class=\"emotion-1akm6h5-Paragraph e1e4oisd0\">ni\/def\/ad\/mar<\/p>\n","protected":false},"excerpt":{"rendered":"Las acciones de Wall Street subieron el lunes, con nuevos r\u00e9cords del S&amp;P 500 y el Nasdaq, ante&hellip;\n","protected":false},"author":2,"featured_media":108739,"comment_status":"","ping_status":"","sticky":false,"template":"","format":"standard","meta":{"footnotes":""},"categories":[80],"tags":[2300,82,95,94,115,25,24,114,9522,23,116,113],"class_list":{"0":"post-117382","1":"post","2":"type-post","3":"status-publish","4":"format-standard","5":"has-post-thumbnail","7":"category-economia","8":"tag-bolsa","9":"tag-business","10":"tag-economia","11":"tag-economy","12":"tag-eeuu","13":"tag-es","14":"tag-espana","15":"tag-mercados","16":"tag-newyork","17":"tag-spain","18":"tag-synd","19":"tag-valores"},"share_on_mastodon":{"url":"","error":""},"_links":{"self":[{"href":"https:\/\/www.europesays.com\/es\/wp-json\/wp\/v2\/posts\/117382","targetHints":{"allow":["GET"]}}],"collection":[{"href":"https:\/\/www.europesays.com\/es\/wp-json\/wp\/v2\/posts"}],"about":[{"href":"https:\/\/www.europesays.com\/es\/wp-json\/wp\/v2\/types\/post"}],"author":[{"embeddable":true,"href":"https:\/\/www.europesays.com\/es\/wp-json\/wp\/v2\/users\/2"}],"replies":[{"embeddable":true,"href":"https:\/\/www.europesays.com\/es\/wp-json\/wp\/v2\/comments?post=117382"}],"version-history":[{"count":0,"href":"https:\/\/www.europesays.com\/es\/wp-json\/wp\/v2\/posts\/117382\/revisions"}],"wp:featuredmedia":[{"embeddable":true,"href":"https:\/\/www.europesays.com\/es\/wp-json\/wp\/v2\/media\/108739"}],"wp:attachment":[{"href":"https:\/\/www.europesays.com\/es\/wp-json\/wp\/v2\/media?parent=117382"}],"wp:term":[{"taxonomy":"category","embeddable":true,"href":"https:\/\/www.europesays.com\/es\/wp-json\/wp\/v2\/categories?post=117382"},{"taxonomy":"post_tag","embeddable":true,"href":"https:\/\/www.europesays.com\/es\/wp-json\/wp\/v2\/tags?post=117382"}],"curies":[{"name":"wp","href":"https:\/\/api.w.org\/{rel}","templated":true}]}}