{"id":117383,"date":"2025-09-15T21:28:06","date_gmt":"2025-09-15T21:28:06","guid":{"rendered":"https:\/\/www.europesays.com\/es\/117383\/"},"modified":"2025-09-15T21:28:06","modified_gmt":"2025-09-15T21:28:06","slug":"el-pp-fuerza-en-la-comision-mixta-para-la-ue-una-enmienda-que-puede-impedir-a-zapatero-entrar-en-ee-uu","status":"publish","type":"post","link":"https:\/\/www.europesays.com\/es\/117383\/","title":{"rendered":"El PP fuerza en la comisi\u00f3n mixta para la UE una enmienda que puede impedir a Zapatero entrar en EE.UU."},"content":{"rendered":"<p>15\/09\/2025<br \/>\n<br \/><strong><br \/>\nActualizado a las 23:22h.<br \/>\n<\/strong><\/p>\n<p class=\"voc-p\" style=\"\">A finales de agosto, Vox <a href=\"https:\/\/www.abc.es\/internacional\/detenido-jefe-cartel-mexicano-secretario-seguridad-estado-20250913192515-nt.html\" target=\"_self\" data-voc-vtm-id=\"in-text-traffic\" title=\"exig\u00eda incluir al C\u00e1rtel de los Soles\" rel=\"nofollow noopener\">exig\u00eda incluir al C\u00e1rtel de los Soles<\/a>, \u00aborganizaci\u00f3n criminal transnacional de origen venezolano\u00bb, en el listado de organizaciones terroristas de la Uni\u00f3n Europea. Ahora, casi un mes despu\u00e9s, la formaci\u00f3n de Santiago Abascal saca adelante una proposici\u00f3n no de ley en la comisi\u00f3n mixta para la Uni\u00f3n Europea con el apoyo del Partido Popular para que este grupo sea incluido en la lista. Su enmienda puede impedir a Zapatero entrar en Estados Unidos. <\/p>\n<p class=\"voc-p\" style=\"\">La proposici\u00f3n no de ley aprobada define al C\u00e1rtel de los Soles como una organizaci\u00f3n criminal transnacional de origen venezolano cuyos actos \u00abencajan en la definici\u00f3n de actos terroristas y de grupo terrorista\u00bb de la Posici\u00f3n Com\u00fan del Consejo de 27 de diciembre de 2001. Su inclusi\u00f3n en la lista de la UE \u00aben la pr\u00f3xima revisi\u00f3n\u00bb implicar\u00eda la congelaci\u00f3n de fondos y activos, as\u00ed como la cooperaci\u00f3n policial y judicial entre los Estados miembros.<\/p>\n<p class=\"voc-p\" style=\"\">Adem\u00e1s, la enmienda impulsada por el PP puede impedir a Zapatero entrar en Estados Unidos. En ella instan a retirar los visados, privilegios e inmunidades a dirigentes pol\u00edticos que \u00abinvocando espuriamente el di\u00e1logo y bajo la coartada de la mediaci\u00f3n, han contribuido a blanquear, sostener y perpetuar a la dictadura de Maduro\u00bb. <\/p>\n<p class=\"voc-p\" style=\"\">La iniciativa insta al Gobierno impulsar la activaci\u00f3n de la cl\u00e1usula democr\u00e1tica del Acuerdo de Di\u00e1logo Pol\u00edtico y Cooperaci\u00f3n con Cuba \u00aben vista del respaldo pol\u00edtico y operativo\u00bb del r\u00e9gimen de Nicol\u00e1s Maduro.<\/p>\n<p class=\"voc-p\" style=\"\">El pasado mi\u00e9rcoles, el Parlamento Europeo ya aprob\u00f3 una resoluci\u00f3n para incluir al Cartel de los Soles en su lista de organizaciones terroristas gracias a la iniciativa del PP europeo. Vox, en perspectiva nacional, present\u00f3 esta propuesta para denunciar la \u00abpresunta red delictiva venezolana dirigida por Nicol\u00e1s Maduro y otros altos cargos del r\u00e9gimen militar como Diosdado Cabello, Jorge Rodr\u00edguez, Delcy Rodr\u00edguez y el general Padrino L\u00f3pez\u00bb. <\/p>\n<p class=\"voc-p\" style=\"\">La votaci\u00f3n de este lunes ha salido adelante gracias al apoyo de los populares y Vox, que en comisiones mixtas tienen mayor\u00eda, y ha contado con el rechazo de los partidos de izquierda y los socios de Gobierno. <\/p>\n<p class=\"voc-p\" style=\"\">El diputado Jos\u00e9 Mar\u00eda S\u00e1nchez, de Vox, ha denunciado que el expresidente Jos\u00e9 Luis Rodr\u00edguez Zapatero sea un \u00abdefensor\u00bb del r\u00e9gimen venezolano. Ha acusado al socialista de \u00abcuchichear el o\u00eddo al presidente del Gobierno actual\u00bb para \u00abseguir con su campa\u00f1a contra lo que \u00e9l llama la extrema derecha\u00bb.<\/p>\n<p class=\"voc-p\" style=\"\">Desde la formaci\u00f3n verde consideran que el rechazo a la proposici\u00f3n por parte del Gobierno y sus socios habituales se debe a que \u00abpractican esta pol\u00edtica exterior de amistad con Maduro\u00bb. <\/p>\n<p>\nUna resoluci\u00f3n aprobada por el Parlamento Europeo\n<\/p>\n<p class=\"voc-p\" style=\"\">El Parlamento Europeo ya aprob\u00f3 hace menos de una semana la iniciativa de incluir al C\u00e1rtel de los Soles en la lista de organizaciones terroristas de la Uni\u00f3n Europea. Con 355 votos a favor y 173 en contra, la Euroc\u00e1mara expres\u00f3 su \u00abgrave preocupaci\u00f3n\u00bb por \u00abla consolidaci\u00f3n de estructuras criminales transnacionales que operan en la frontera entre Colombia y Venezuela.<\/p>\n<p class=\"voc-p\" style=\"\">El PP se apunt\u00f3 el tanto de impulsar la iniciativa, aunque este mismo lunes el diputado de Vox record\u00f3 que fue una iniciativa de su partido. <\/p>\n<p>Reportar un error<\/p>\n","protected":false},"excerpt":{"rendered":"15\/09\/2025 Actualizado a las 23:22h. A finales de agosto, Vox exig\u00eda incluir al C\u00e1rtel de los Soles, \u00aborganizaci\u00f3n&hellip;\n","protected":false},"author":2,"featured_media":117384,"comment_status":"","ping_status":"","sticky":false,"template":"","format":"standard","meta":{"footnotes":""},"categories":[42],"tags":[948,17,18,4398,2080,18689,13,14,11,17322,38113,61,62,63,64,19,20,12182,9,10,15,16,39168,14863,39167,35981,12,21,22,2079,65,66,67],"class_list":{"0":"post-117383","1":"post","2":"type-post","3":"status-publish","4":"format-standard","5":"has-post-thumbnail","7":"category-internacional","8":"tag-aprueba","9":"tag-breaking-news","10":"tag-breakingnews","11":"tag-cartel","12":"tag-europea","13":"tag-exigir","14":"tag-featured-news","15":"tag-featurednews","16":"tag-headlines","17":"tag-inclusion","18":"tag-iniciativa","19":"tag-internacional","20":"tag-international","21":"tag-international-news","22":"tag-internationalnews","23":"tag-latest-news","24":"tag-latestnews","25":"tag-lista","26":"tag-news","27":"tag-noticias","28":"tag-noticias-destacadas","29":"tag-noticiasdestacadas","30":"tag-organizaciones","31":"tag-parlamento","32":"tag-soles","33":"tag-terroristas","34":"tag-titulares","35":"tag-ultimas-noticias","36":"tag-ultimasnoticias","37":"tag-union","38":"tag-world","39":"tag-world-news","40":"tag-worldnews"},"share_on_mastodon":{"url":"","error":""},"_links":{"self":[{"href":"https:\/\/www.europesays.com\/es\/wp-json\/wp\/v2\/posts\/117383","targetHints":{"allow":["GET"]}}],"collection":[{"href":"https:\/\/www.europesays.com\/es\/wp-json\/wp\/v2\/posts"}],"about":[{"href":"https:\/\/www.europesays.com\/es\/wp-json\/wp\/v2\/types\/post"}],"author":[{"embeddable":true,"href":"https:\/\/www.europesays.com\/es\/wp-json\/wp\/v2\/users\/2"}],"replies":[{"embeddable":true,"href":"https:\/\/www.europesays.com\/es\/wp-json\/wp\/v2\/comments?post=117383"}],"version-history":[{"count":0,"href":"https:\/\/www.europesays.com\/es\/wp-json\/wp\/v2\/posts\/117383\/revisions"}],"wp:featuredmedia":[{"embeddable":true,"href":"https:\/\/www.europesays.com\/es\/wp-json\/wp\/v2\/media\/117384"}],"wp:attachment":[{"href":"https:\/\/www.europesays.com\/es\/wp-json\/wp\/v2\/media?parent=117383"}],"wp:term":[{"taxonomy":"category","embeddable":true,"href":"https:\/\/www.europesays.com\/es\/wp-json\/wp\/v2\/categories?post=117383"},{"taxonomy":"post_tag","embeddable":true,"href":"https:\/\/www.europesays.com\/es\/wp-json\/wp\/v2\/tags?post=117383"}],"curies":[{"name":"wp","href":"https:\/\/api.w.org\/{rel}","templated":true}]}}