{"id":117385,"date":"2025-09-15T21:29:08","date_gmt":"2025-09-15T21:29:08","guid":{"rendered":"https:\/\/www.europesays.com\/es\/117385\/"},"modified":"2025-09-15T21:29:08","modified_gmt":"2025-09-15T21:29:08","slug":"un-hombre-atrincherado-en-la-gran-via-de-madrid-detenido-tras-amenazar-con-explotar-bombonas","status":"publish","type":"post","link":"https:\/\/www.europesays.com\/es\/117385\/","title":{"rendered":"Un hombre atrincherado en la Gran V\u00eda de Madrid, detenido tras amenazar con explotar bombonas"},"content":{"rendered":"<p>          <img decoding=\"async\" class=\"c-ad__placeholder__logo\" src=\"https:\/\/static.euronews.com\/website\/images\/logos\/logo-euronews-stacked-outlined-72x72-grey-9.svg\" width=\"72\" height=\"72\" alt=\"\" loading=\"lazy\"\/><br \/>\n          PUBLICIDAD<\/p>\n<p>Un hombre se hab\u00eda atrincherado en un edificio de la c\u00e9ntrica Gran V\u00eda de <a href=\"https:\/\/es.euronews.com\/2025\/09\/14\/hallan-a-1-persona-muerta-entre-los-escombros-tras-la-explosion-de-vallecas-que-ha-dejado-\" rel=\"nofollow noopener\" target=\"_blank\">Madrid<\/a> y <strong>amenazaba con detonar bombonas de butano<\/strong>, seg\u00fan han informado fuentes policiales. El suceso, seg\u00fan recoge la prensa espa\u00f1ola, ocurr\u00eda en un tercer piso de un inmueble situado entre la calle Montera y la Gran V\u00eda. Al parecer el hombre presentaba <strong>heridas en los brazos, seg\u00fan algunos testigos.<\/strong><\/p>\n<p>Hasta el lugar se han desplazado varias unidades de la <strong>Polic\u00eda y ambulancias<\/strong>, y se ha activado un negociador para intentar resolver la situaci\u00f3n.<\/p>\n<p>Por precauci\u00f3n, <strong>la boca de metro m\u00e1s cercana al edificio permaneci\u00f3 cerrada<\/strong>, aunque el servicio en la l\u00ednea segu\u00eda funcionando con normalidad. Algunos testigos han compartido im\u00e1genes del operativo en redes sociales. Posteriormente, el hombre que tiene antecedentes policiales, ha sido detenido tras la intervenci\u00f3n de efectivos de la Unidad de Prevenci\u00f3n y Reacci\u00f3n de la Polic\u00eda y la boca de metro cercana ha vuelto a estar operativa.<\/p>\n","protected":false},"excerpt":{"rendered":"PUBLICIDAD Un hombre se hab\u00eda atrincherado en un edificio de la c\u00e9ntrica Gran V\u00eda de Madrid y amenazaba&hellip;\n","protected":false},"author":2,"featured_media":117386,"comment_status":"","ping_status":"","sticky":false,"template":"","format":"standard","meta":{"footnotes":""},"categories":[8],"tags":[17,18,25,24,39169,13,14,11,19,20,205,9,10,15,16,23,12,21,22],"class_list":{"0":"post-117385","1":"post","2":"type-post","3":"status-publish","4":"format-standard","5":"has-post-thumbnail","7":"category-espana","8":"tag-breaking-news","9":"tag-breakingnews","10":"tag-es","11":"tag-espana","12":"tag-explosion-de-gas","13":"tag-featured-news","14":"tag-featurednews","15":"tag-headlines","16":"tag-latest-news","17":"tag-latestnews","18":"tag-madrid","19":"tag-news","20":"tag-noticias","21":"tag-noticias-destacadas","22":"tag-noticiasdestacadas","23":"tag-spain","24":"tag-titulares","25":"tag-ultimas-noticias","26":"tag-ultimasnoticias"},"share_on_mastodon":{"url":"","error":""},"_links":{"self":[{"href":"https:\/\/www.europesays.com\/es\/wp-json\/wp\/v2\/posts\/117385","targetHints":{"allow":["GET"]}}],"collection":[{"href":"https:\/\/www.europesays.com\/es\/wp-json\/wp\/v2\/posts"}],"about":[{"href":"https:\/\/www.europesays.com\/es\/wp-json\/wp\/v2\/types\/post"}],"author":[{"embeddable":true,"href":"https:\/\/www.europesays.com\/es\/wp-json\/wp\/v2\/users\/2"}],"replies":[{"embeddable":true,"href":"https:\/\/www.europesays.com\/es\/wp-json\/wp\/v2\/comments?post=117385"}],"version-history":[{"count":0,"href":"https:\/\/www.europesays.com\/es\/wp-json\/wp\/v2\/posts\/117385\/revisions"}],"wp:featuredmedia":[{"embeddable":true,"href":"https:\/\/www.europesays.com\/es\/wp-json\/wp\/v2\/media\/117386"}],"wp:attachment":[{"href":"https:\/\/www.europesays.com\/es\/wp-json\/wp\/v2\/media?parent=117385"}],"wp:term":[{"taxonomy":"category","embeddable":true,"href":"https:\/\/www.europesays.com\/es\/wp-json\/wp\/v2\/categories?post=117385"},{"taxonomy":"post_tag","embeddable":true,"href":"https:\/\/www.europesays.com\/es\/wp-json\/wp\/v2\/tags?post=117385"}],"curies":[{"name":"wp","href":"https:\/\/api.w.org\/{rel}","templated":true}]}}