{"id":117389,"date":"2025-09-15T21:31:12","date_gmt":"2025-09-15T21:31:12","guid":{"rendered":"https:\/\/www.europesays.com\/es\/117389\/"},"modified":"2025-09-15T21:31:12","modified_gmt":"2025-09-15T21:31:12","slug":"el-abanca-ademar-sigue-siendo-de-extremos","status":"publish","type":"post","link":"https:\/\/www.europesays.com\/es\/117389\/","title":{"rendered":"El Abanca Ademar sigue siendo de extremos"},"content":{"rendered":"<p><a class=\"v-mdl-ath__fig-a\" href=\"https:\/\/www.leonoticias.com\/autor\/dani-gonzalez-2280.html\" title=\"Dani Gonz\u00e1lez\" rel=\"nofollow noopener\" target=\"_blank\"><br \/>\n<img decoding=\"async\" class=\"v-mdl-ath__img\" src=\"https:\/\/www.europesays.com\/es\/wp-content\/uploads\/2025\/08\/autor-2280-foto-4.jpeg\" alt=\"Dani Gonz\u00e1lez\"\/><br \/>\n<\/a><\/p>\n<p class=\"v-mdl-ath__p v-mdl-ath__p--6\">\nLunes, 15 de septiembre 2025, 17:43<\/p>\n<p class=\"v-p\">Es el ADN del Abanca Ademar: defensa y correr. Y este es un escenario donde quienes m\u00e1s pueden brillar, adem\u00e1s de los porteros, son los extremos.<\/p>\n<p class=\"v-p\">Quiz\u00e1 es una de las explicaciones m\u00e1s l\u00f3gicas para encontrar el motivo por el que la cantera del Abanca Ademar es capaz de sacar al primer equipo tantos y tantos extremos de calidad, como si de una factor\u00eda se tratase.<\/p>\n<p><a href=\"http:\/\/www.leonoticias.com\/deportes\/ademar\/abanca-ademar-estrena-triunfo-sufrido-20250914194738-nt.html#vtm_modulosEngag=mod-rel:deportes:noticia:1:cmp:1-not\" class=\"v-a-link\" aria-label=\"Imagen\" rel=\"nofollow noopener\" target=\"_blank\"><\/p>\n<p><img decoding=\"async\" loading=\"lazy\" src=\"https:\/\/www.europesays.com\/es\/wp-content\/uploads\/2025\/09\/Abanca Ademar-k6AF--366x256@Leonoticias.jpg\" class=\"v-a-img\" width=\"258\" height=\"180\" alt=\"\" data-voc-vtm-id=\"in-text-traffic\"\/><\/p>\n<p><\/a><\/p>\n<p class=\"v-p\">Hoy d\u00eda, los cuatro extremos del primer equipo del Abanca Ademar han sido formados en su cantera, tomando el testigo de otros como Juan\u00edn Garc\u00eda, Jaime Fern\u00e1ndez, Mario L\u00f3pez o, m\u00e1s recientemente, Adri\u00e1n Casqueiro y Antonio Mart\u00ednez. Y siguen siendo igual de decisivos.<\/p>\n<p>Gonzalo y Dar\u00edo, decisivos<\/p>\n<p class=\"v-p\">En Cangas, el Abanca Ademar sum\u00f3 su primer triunfo de la temporada con un 25-29 en el que los extremos brillaron con luz propia. Como ha sido toda la vida.<\/p>\n<p class=\"v-cmp-fgn__t\">\n55 %<br \/>\nde los goles\n<\/p>\n<p class=\"v-p\">ante Cangas fueron anotados por los extremos en el Abanca Ademar.<\/p>\n<p class=\"v-p\">Gonzalo P\u00e9rez, en su regreso a Le\u00f3n y pese a llegar muy justo al partido tras unas molestias en la rodilla, y Dar\u00edo Sanz, lideraron el \u00e1mbito goleador marista. Entre ambos sumaron m\u00e1s de la mitad de los goles del cuadro leon\u00e9s: nueve para Gonzalo; seis para Dar\u00edo. A ellos se sum\u00f3 Zapico, con un tanto.<\/p>\n<p class=\"v-p\">En total, los extremos aportaron 16 de los 29 goles del estreno liguero del Abanca Ademar, mostrando tambi\u00e9n mucho acierto: Gonzalo lleg\u00f3 al 90% de efectividad y Dar\u00edo al 75%, mientras que Zapico convirti\u00f3 el \u00fanico lanzamiento del que dispuso.<\/p>\n<p>Comenta<\/p>\n<p>Reporta un error<\/p>\n","protected":false},"excerpt":{"rendered":"Lunes, 15 de septiembre 2025, 17:43 Es el ADN del Abanca Ademar: defensa y correr. Y este es&hellip;\n","protected":false},"author":2,"featured_media":117390,"comment_status":"","ping_status":"","sticky":false,"template":"","format":"standard","meta":{"footnotes":""},"categories":[278],"tags":[6857,5871,376,168,25,24,39170,375,1262,23,167],"class_list":{"0":"post-117389","1":"post","2":"type-post","3":"status-publish","4":"format-standard","5":"has-post-thumbnail","7":"category-balonmano","8":"tag-abanca","9":"tag-ademar","10":"tag-balonmano","11":"tag-deportes","12":"tag-es","13":"tag-espana","14":"tag-extremos","15":"tag-handball","16":"tag-sigue","17":"tag-spain","18":"tag-sports"},"share_on_mastodon":{"url":"","error":""},"_links":{"self":[{"href":"https:\/\/www.europesays.com\/es\/wp-json\/wp\/v2\/posts\/117389","targetHints":{"allow":["GET"]}}],"collection":[{"href":"https:\/\/www.europesays.com\/es\/wp-json\/wp\/v2\/posts"}],"about":[{"href":"https:\/\/www.europesays.com\/es\/wp-json\/wp\/v2\/types\/post"}],"author":[{"embeddable":true,"href":"https:\/\/www.europesays.com\/es\/wp-json\/wp\/v2\/users\/2"}],"replies":[{"embeddable":true,"href":"https:\/\/www.europesays.com\/es\/wp-json\/wp\/v2\/comments?post=117389"}],"version-history":[{"count":0,"href":"https:\/\/www.europesays.com\/es\/wp-json\/wp\/v2\/posts\/117389\/revisions"}],"wp:featuredmedia":[{"embeddable":true,"href":"https:\/\/www.europesays.com\/es\/wp-json\/wp\/v2\/media\/117390"}],"wp:attachment":[{"href":"https:\/\/www.europesays.com\/es\/wp-json\/wp\/v2\/media?parent=117389"}],"wp:term":[{"taxonomy":"category","embeddable":true,"href":"https:\/\/www.europesays.com\/es\/wp-json\/wp\/v2\/categories?post=117389"},{"taxonomy":"post_tag","embeddable":true,"href":"https:\/\/www.europesays.com\/es\/wp-json\/wp\/v2\/tags?post=117389"}],"curies":[{"name":"wp","href":"https:\/\/api.w.org\/{rel}","templated":true}]}}