{"id":117391,"date":"2025-09-15T21:32:20","date_gmt":"2025-09-15T21:32:20","guid":{"rendered":"https:\/\/www.europesays.com\/es\/117391\/"},"modified":"2025-09-15T21:32:20","modified_gmt":"2025-09-15T21:32:20","slug":"tres-banderilleros-en-el-redondel","status":"publish","type":"post","link":"https:\/\/www.europesays.com\/es\/117391\/","title":{"rendered":"Tres banderilleros en el redondel"},"content":{"rendered":"<p>Uno, dos y tres\/tres banderilleros en el redondel\u2026, escribi\u00f3 Garc\u00eda Lorca, all\u00e1 por los a\u00f1os treintaytantos, haciendo poes\u00eda para enaltecer el buen hacer de los subalternos que entonces se enfrentaban a toro , reci\u00e9n salido de toriles, con el capote tomado con una sola mano, y lo toreaban por ambos pitones, para que el matador, el maestro, se percatara de las caracter\u00edsticas de una embestida reci\u00e9n encetada: Punta de percal\/mano burladora\/sal, torero, sal\u2026 ahora<\/p>\n<p>Y el torero, el matador, sal\u00eda ya confiado por la \u00abchuleta\u00bb que le hab\u00eda regalado uno de los miembros de su cuadrilla, tras el examen previo, y toreaba a la ver\u00f3nica como Dios y su arte le dieran a entender. (En la feria de Sevilla de este a\u00f1o, Morante de la Puebla rememor\u00f3 el toreo a capa a una mano, pero fue un rapto, uno m\u00e1s, de su proverbial improvisaci\u00f3n).<\/p>\n<p>En realidad lo de los tres banderilleros en el redondel de Lorca no hace menci\u00f3n a las banderillas, sino a estos lances liminares con los que comienza la lidia; pero la belleza del poema merece traerlo ahora a colaci\u00f3n, tras la corrida que cerraba la feria taurina de la Virgen de San Lorenzo en Valladolid, en la cual, los tres toreros son, tambi\u00e9n, excelentes banderilleros.<\/p>\n<p>Porque lo de la \u00abcorrida de los toreros-banderilleros\u00bb puede mover a confusi\u00f3n me parece conveniente traer a colaci\u00f3n el auge que alcanzaron estos festejos a finales de los a\u00f1os 70 y, sobre todo, durante los 80 del pasado siglo, cuando las ternas en que fueron encuadrados Paquirri, V\u00edctor Mendes, Espl\u00e1, El Soro, Morenito de Maracay y alguno m\u00e1s que se me pierde en la memoria, llenaban las Plazas y hac\u00edan las delicias de millares de aficionados con sus pares de rehiletes de poder a poder, al sesgo, al quiebro o al cuarteo, platos exquisitos que adornaban con la guarnici\u00f3n de una exhibici\u00f3n f\u00edsica del banderillero, ante los embates del bruto astado.<\/p>\n<p>No crean que es sencillo burlar al toro a cuerpo limpio, asomarse al balc\u00f3n de dos cuernos amenazantes, clavar dos apones en lo alto del morrillo y salir airoso de tan apurado trance. Quienes en su af\u00e1n por alardear de \u00abpureza\u00bb minusvaloran a los toreros que banderillean, no son sino papanatas del \u00abpurismo\u00bb m\u00e1s est\u00fapido. Dicho lo cual, vamos con lo ocurrido en la corrida de esta tarde en Valladolid.<\/p>\n<p>Para empezar, el tiempo ayud\u00f3, con un d\u00eda soleado y c\u00e1lido y los grader\u00edos se colmaron de un p\u00fablico alegre y festivo, proclive a la benevolencia. \u00bfAlgo que objetar? En este caso es un p\u00fablico mayoritariamente joven, incluso jovenc\u00edsimo, que junto a los adultos de rigor llen\u00f3 las tres cuartas partes del aforo de coso de Zorrilla.<\/p>\n<p>La corrida de Ba\u00f1uelos, impecablemente presentada, con romana y pitones para regalar, decepcion\u00f3. Falta de raza, con algunos toros mansurrones y complicados, la \u00abtaparon\u00bb tres toreros que vinieron a Valladolid a darle fiesta a los bureles, fueran como fueran. Para empezar, los tres banderilleros se movieron con soltura en ele redondel, flirtearon con los toros remolones y avisados y lograron que la gente batiera palmas rotundamente agradecida por lo que para algunos era un novedoso espect\u00e1culo: el que protagonizan los tercios de banderillas teniendo por int\u00e9rpretes a los tres toreos del cartel. El primer toro, le peg\u00f3 un golpazo a Ismael Mart\u00edn en la frente y sali\u00f3 del trance con un bollo morrocotudo, que oblig\u00f3 al muchacho a permanecer en el callej\u00f3n con un ap\u00f3sito de hielo durante varios minutos. A\u00fan as\u00ed, aquello no cedi\u00f3 ni un cent\u00edmetro, como tampoco cedi\u00f3 el torero cuando se vio obligado a salir al ruedo para intervenir en los tercios correspondientes. Tanto el Fandi, como Escribano y Mart\u00edn se fajaron con una deslucida corrida de toros, pero no volvieron jam\u00e1s la cara ante la adversidad. Al contrario, superaron los numerosos inconvenientes que ofreci\u00f3 el ganado de Ba\u00f1uelos.<\/p>\n<p>Los tres toreros se echaron de rodillas en largas cambiadas con el capote y comienzos con la faena de muleta. Mataron de estocadas mortales de necesidad y solo Ismael Mart\u00edn pinch\u00f3 al \u00faltimo toro. De esta forma, fueron cayendo una a una las orejas, como caen maduras las frutas del \u00e1rbol en la feraces huertas de los campos de Castilla. A dos por barba, Fandi y Escribano, una para Ismael Mart\u00edn. Total, cinco. El p\u00fablico encantado. Todos contentos. Fandi y Escribano se fueron en hombros. La fiesta, en el ruedo, por este a\u00f1o, ha terminado.<\/p>\n<p>P.S.- Reunido el Jurado que otorga los premios anuales a los triunfadores de la Feria de la Virgen de San Lorenzo, se acuerda proclamar triunfador de la feria al torero Tom\u00e1s Rufo, por su faena al toro \u00abPorte\u00f1o\u00bb, de Victorino Mart\u00edn y, asimismo al mismo toro como el mejor de dicha feria. En el apartado de subalternos, fueron premiados Rafael Gonz\u00e1lez como mejor subalterno de a pie y Jos\u00e9 Antonio Barroso como mejor picador.<\/p>\n","protected":false},"excerpt":{"rendered":"Uno, dos y tres\/tres banderilleros en el redondel\u2026, escribi\u00f3 Garc\u00eda Lorca, all\u00e1 por los a\u00f1os treintaytantos, haciendo poes\u00eda&hellip;\n","protected":false},"author":2,"featured_media":117392,"comment_status":"","ping_status":"","sticky":false,"template":"","format":"standard","meta":{"footnotes":""},"categories":[277],"tags":[373,168,25,24,23,167,374,444],"class_list":{"0":"post-117391","1":"post","2":"type-post","3":"status-publish","4":"format-standard","5":"has-post-thumbnail","7":"category-toreo","8":"tag-bullfighting","9":"tag-deportes","10":"tag-es","11":"tag-espana","12":"tag-spain","13":"tag-sports","14":"tag-toreo","15":"tag-toros"},"share_on_mastodon":{"url":"","error":""},"_links":{"self":[{"href":"https:\/\/www.europesays.com\/es\/wp-json\/wp\/v2\/posts\/117391","targetHints":{"allow":["GET"]}}],"collection":[{"href":"https:\/\/www.europesays.com\/es\/wp-json\/wp\/v2\/posts"}],"about":[{"href":"https:\/\/www.europesays.com\/es\/wp-json\/wp\/v2\/types\/post"}],"author":[{"embeddable":true,"href":"https:\/\/www.europesays.com\/es\/wp-json\/wp\/v2\/users\/2"}],"replies":[{"embeddable":true,"href":"https:\/\/www.europesays.com\/es\/wp-json\/wp\/v2\/comments?post=117391"}],"version-history":[{"count":0,"href":"https:\/\/www.europesays.com\/es\/wp-json\/wp\/v2\/posts\/117391\/revisions"}],"wp:featuredmedia":[{"embeddable":true,"href":"https:\/\/www.europesays.com\/es\/wp-json\/wp\/v2\/media\/117392"}],"wp:attachment":[{"href":"https:\/\/www.europesays.com\/es\/wp-json\/wp\/v2\/media?parent=117391"}],"wp:term":[{"taxonomy":"category","embeddable":true,"href":"https:\/\/www.europesays.com\/es\/wp-json\/wp\/v2\/categories?post=117391"},{"taxonomy":"post_tag","embeddable":true,"href":"https:\/\/www.europesays.com\/es\/wp-json\/wp\/v2\/tags?post=117391"}],"curies":[{"name":"wp","href":"https:\/\/api.w.org\/{rel}","templated":true}]}}