{"id":117393,"date":"2025-09-15T21:33:10","date_gmt":"2025-09-15T21:33:10","guid":{"rendered":"https:\/\/www.europesays.com\/es\/117393\/"},"modified":"2025-09-15T21:33:10","modified_gmt":"2025-09-15T21:33:10","slug":"conor-mcgregor-se-retira-de-la-carrera-por-la-presidencia-de-irlanda-2","status":"publish","type":"post","link":"https:\/\/www.europesays.com\/es\/117393\/","title":{"rendered":"Conor McGregor se retira de la carrera por la Presidencia de Irlanda"},"content":{"rendered":"<p><img decoding=\"async\" class=\"voc-author__img\" src=\"https:\/\/www.europesays.com\/es\/wp-content\/uploads\/2025\/09\/autor-1617-foto-9.jpeg\" alt=\"\u00c1lvaro Colmenero\"\/><\/p>\n<p>15\/09\/2025<br \/>\n<br \/><strong><br \/>\nActualizado a las 12:20h.<br \/>\n<\/strong><\/p>\n<p class=\"voc-p\" style=\"\">El que fuera doble campe\u00f3n de la UFC, el irland\u00e9s<strong> Conor McGregor,<\/strong> estrella de las artes marciales mixtas, ha anunciado este lunes <a href=\"https:\/\/www.abc.es\/deportes\/mma\/conor-mcgregor-excampeon-ufc-quiere-candidato-elecciones-20250904175616-nt.html\" target=\"_self\" data-voc-vtm-id=\"in-text-traffic\" title=\"su retirada de la carrera para presentarse a las elecciones\" rel=\"nofollow noopener\">su retirada de la carrera para presentarse a las elecciones<\/a> presidenciales del pr\u00f3ximo 24 de octubre, menos de dos meses despu\u00e9s de ver ratificada en los tribunales una condena en un juicio civil por violaci\u00f3n.<\/p>\n<p class=\"voc-p\" style=\"\">\u00abNo ha sido una decisi\u00f3n f\u00e1cil, pero s\u00ed es la correcta en este momento de mi vida\u00bb, ha explicado McGregor, quien ha defendido los supuestos logros de esta \u00abprimera aventura\u00bb. \u00abNo es el final, sino el principio de mi carrera pol\u00edtica\u00bb, ha se\u00f1alado en un mensaje difundido en redes sociales.<\/p>\n<p class=\"voc-p\" style=\"\">El deportista a\u00fan estaba en proceso de garantizarse la nominaci\u00f3n, ya que la normativa establece que la candidatura a la Presidencia requiere del aval de al menos 20 diputados o cuatro autoridades locales. \u00abIrlanda ha cambiado radicalmente en los \u00faltimos a\u00f1os, pero sigue sin embargo constre\u00f1ida por la camisa de fuerza de una Constituci\u00f3n desactualizada y respaldada por los principales partidos, que la aprovechan para impedir <a href=\"https:\/\/www.abc.es\/deportes\/mma\/conor-mcgregor-excampeon-ufc-quiere-candidato-elecciones-20250904175616-nt.html\" target=\"_self\" data-voc-vtm-id=\"in-text-traffic\" title=\"unas elecciones presidenciales verdaderamente democr\u00e1ticas\" rel=\"nofollow noopener\">unas elecciones presidenciales verdaderamente democr\u00e1ticas<\/a>\u00bb, ha dicho McGregor.<\/p>\n<p class=\"voc-p\" style=\"\">En este sentido, ha asegurado que \u00abs\u00f3lo los candidatos aprobados por la clase dirigente pueden estar en las papeletas\u00bb, lo cual supone, seg\u00fan su criterio, <strong>\u00abun d\u00e9ficit democr\u00e1tico contrario a la voluntad del pueblo irland\u00e9s\u00bb<\/strong>. De cara a futuro, ha prometido que seguir\u00e1 trabajando para dar voz a \u00ablos irlandeses patriotas\u00bb.<\/p>\n<p class=\"voc-p\" style=\"\">El luchador se siente art\u00edfice de <strong>\u00abuna movilizaci\u00f3n en favor de un cambio positivo\u00bb<\/strong> frente a la \u00abcaza de brujas\u00bb de la que responsabiliza tanto a la clase pol\u00edtica como a los medios, si bien en su mensaje no ha aludido expl\u00edcitamente a la condena civil contra \u00e9l.<\/p>\n<p class=\"voc-p\" style=\"\">McGregor perdi\u00f3 a finales de julio el recurso que hab\u00eda presentado contra una sentencia emitida en noviembre de 2024 y que le condenaba a pagar 250.000 euros a una mujer a la que hab\u00eda agredido sexualmente a finales de 2018 en un hotel de Dubl\u00edn.<\/p>\n<p>\nPosible regreso al oct\u00e1gono\n<\/p>\n<p class=\"voc-p\" style=\"\"><strong>\u00abEso es definitivamente, seguro. Ese es mi evento\u00bb<\/strong>. As\u00ed de tajante se mostr\u00f3 Conor McGregor cuando fue preguntado recientemente si participar\u00e1 en el evento que est\u00e1 preparando a UFC en los jardines de la Casa Blanca, una velada que se prev\u00e9 hist\u00f3rica por ser la primera que se realiza dentro de la residencia oficial del presidente de Estados Unidos.  <\/p>\n<p class=\"voc-p\" style=\"\">Todo surgi\u00f3 despu\u00e9s de unas declaraciones de Donald Trump, que sugiri\u00f3 que la UFC hiciera un evento para<a href=\"https:\/\/www.abc.es\/deportes\/mma\/conor-mcgregor-excampeon-ufc-quiere-candidato-elecciones-20250904175616-nt.html\" target=\"_self\" data-voc-vtm-id=\"in-text-traffic\" title=\" conmemorar el 250 aniversario de la independencia de Estados Unidos.\" rel=\"nofollow noopener\"> conmemorar el 250 aniversario de la independencia de Estados Unidos.<\/a> El CEO de la promotora estadounidense, Dana White, amigo personal de Trump, recogi\u00f3 el guante y se puso manos a la obra, tanto que ya han trasladado de manera oficial que ese evento, que tendr\u00e1 lugar en junio, se har\u00e1 cien por cien. <\/p>\n<p class=\"voc-p\" style=\"\">Al ser una gala tan especial, las mayores estrellas de este deporte quieren estar all\u00ed presentes. Conor McGregor es uno de ellos. Aunque lleva m\u00e1s de cuatro a\u00f1os fuera del oct\u00e1gono, podr\u00eda regresar en caso de que se cerrase un pleito interesante para \u00e9l. El tiempo lo dir\u00e1, pero es posible que McGregor vuelva a centrarse, al menos por unos meses, en su carrera deportiva. <\/p>\n<p>Reportar un error<\/p>\n","protected":false},"excerpt":{"rendered":"15\/09\/2025 Actualizado a las 12:20h. El que fuera doble campe\u00f3n de la UFC, el irland\u00e9s Conor McGregor, estrella&hellip;\n","protected":false},"author":2,"featured_media":117394,"comment_status":"","ping_status":"","sticky":false,"template":"","format":"standard","meta":{"footnotes":""},"categories":[276],"tags":[4860,350,168,25,24,2908,351,15913,15896,23,167,343],"class_list":{"0":"post-117393","1":"post","2":"type-post","3":"status-publish","4":"format-standard","5":"has-post-thumbnail","7":"category-ufc","8":"tag-carrera","9":"tag-conor","10":"tag-deportes","11":"tag-es","12":"tag-espana","13":"tag-irlanda","14":"tag-mcgregor","15":"tag-presidencia","16":"tag-retira","17":"tag-spain","18":"tag-sports","19":"tag-ufc"},"share_on_mastodon":{"url":"","error":""},"_links":{"self":[{"href":"https:\/\/www.europesays.com\/es\/wp-json\/wp\/v2\/posts\/117393","targetHints":{"allow":["GET"]}}],"collection":[{"href":"https:\/\/www.europesays.com\/es\/wp-json\/wp\/v2\/posts"}],"about":[{"href":"https:\/\/www.europesays.com\/es\/wp-json\/wp\/v2\/types\/post"}],"author":[{"embeddable":true,"href":"https:\/\/www.europesays.com\/es\/wp-json\/wp\/v2\/users\/2"}],"replies":[{"embeddable":true,"href":"https:\/\/www.europesays.com\/es\/wp-json\/wp\/v2\/comments?post=117393"}],"version-history":[{"count":0,"href":"https:\/\/www.europesays.com\/es\/wp-json\/wp\/v2\/posts\/117393\/revisions"}],"wp:featuredmedia":[{"embeddable":true,"href":"https:\/\/www.europesays.com\/es\/wp-json\/wp\/v2\/media\/117394"}],"wp:attachment":[{"href":"https:\/\/www.europesays.com\/es\/wp-json\/wp\/v2\/media?parent=117393"}],"wp:term":[{"taxonomy":"category","embeddable":true,"href":"https:\/\/www.europesays.com\/es\/wp-json\/wp\/v2\/categories?post=117393"},{"taxonomy":"post_tag","embeddable":true,"href":"https:\/\/www.europesays.com\/es\/wp-json\/wp\/v2\/tags?post=117393"}],"curies":[{"name":"wp","href":"https:\/\/api.w.org\/{rel}","templated":true}]}}